{"id":39548,"date":"2025-11-04T08:52:07","date_gmt":"2025-11-04T08:52:07","guid":{"rendered":"https:\/\/www.europesays.com\/lv\/39548\/"},"modified":"2025-11-04T08:52:07","modified_gmt":"2025-11-04T08:52:07","slug":"kur-latvija-un-citur-pasaule-notiek-protesti-pret-latvijas-izstasanos-no-stambulas-konvencijas","status":"publish","type":"post","link":"https:\/\/www.europesays.com\/lv\/39548\/","title":{"rendered":"Kur Latvij\u0101 un citur pasaul\u0113 notiek protesti pret Latvijas izst\u0101\u0161anos no Stambulas konvencijas"},"content":{"rendered":"<p>Tallina, Igaunija<\/p>\n<p>6. novembr\u012b pulksten 18 Br\u012bv\u012bbas laukum\u0101.<\/p>\n<p>Iedvesmojoties no protestiem, kas notiek R\u012bg\u0101, aicin\u0101m visus piketa dal\u012bbniekus ierasties ar gaismi\u0146\u0101m (sveces, led lampi\u0146as, pieres luktur\u012b\u0161i u.c.) un plak\u0101tiem. L\u016bdzam iev\u0113rot k\u0101rt\u012bbu un cie\u0146u pret v\u0113sturisko v\u0113stniec\u012bbas \u0113ku.<\/p>\n<p>Pas\u0101kuma r\u012bkot\u0101ja Laura \u0160mideberga saka: &#8220;Pulc\u0113simies, lai paustu nosod\u012bjumu Latvijas Parlamentam par steidzam\u012bbas k\u0101rt\u0101 pie\u0146emto l\u0113mumu izst\u0101ties no Eiropas Padomes konvencijas par vardarb\u012bbas pret sieviet\u0113m un vardarb\u012bbu \u0123imen\u0113 nov\u0113r\u0161anu un apkaro\u0161anu.<\/p>\n<p>Uzskat\u0101m, ka sievie\u0161u un \u0123ime\u0146u dro\u0161\u012bba nedr\u012bkst tikt apdraud\u0113ta partiju c\u012b\u0146\u0101s par varu un centienos \u0161\u0137elt Latvijas sabiedr\u012bbu. M\u0113s pau\u017eam atbalstu Latvijas sabiedr\u012bbas centieniem protest\u0113t pret \u0161o l\u0113mumu un nosod\u0101m motiv\u0101ciju un veidus, k\u0101 \u0161is l\u0113mums tika pie\u0146emts.&#8221;<\/p>\n<p>Tartu, Igaunija<\/p>\n<p>6. novembr\u012b pulksten 19 Tartu R\u0101tslaukum\u0101.<\/p>\n<p>Pas\u0101kuma organizatori raksta: &#8220;\u0160eit, Igaunij\u0101, m\u0113s esam kop\u0101 ar visiem, kas atsak\u0101s atk\u0101pties no cilv\u0113kties\u012bb\u0101m. Pacelsim savas balsis kop\u0101, atbalstot m\u016bsu kaimi\u0146us Latvij\u0101. Kop\u0101 m\u0113s iest\u0101jamies par br\u012bv\u012bbu, vienl\u012bdz\u012bbu un solidarit\u0101ti.&#8221;<\/p>\n<p>Brisele, Be\u013c\u0123ija<\/p>\n<p>Port\u0101ls &#8220;Latvie\u0161i.com&#8221; v\u0113sta: &#8220;Atsevi\u0161\u0137i diasporas p\u0101rst\u0101vji Be\u013c\u0123ij\u0101 pl\u0101no 6. novembra vakar\u0101 doties uz Latvijas v\u0113stniec\u012bbu Be\u013c\u0123ij\u0101 (23 Avenue des Arts, 1000 Brussels) un atst\u0101t pie t\u0101s z\u012bm\u012btes ar savu v\u0113st\u012bjumu un aizdegt svec\u012btes par vis\u0101m vardarb\u012bb\u0101 cietu\u0161aj\u0101m sieviet\u0113m.&#8221;<\/p>\n<p>Briseles akcija nav organiz\u0113ts protests, bet individu\u0101ls solidarit\u0101tes \u017eests cietu\u0161ajiem. Idejas autore, Be\u013c\u0123ij\u0101 dz\u012bvojo\u0161\u0101 Ieva Irb\u012bte, saka: &#8220;M\u0113s solidariz\u0113jamies ne tikai ar vardarb\u012bb\u0101 cietu\u0161ajiem, bet ar\u012b ar visiem protest\u0113t\u0101jiem R\u012bg\u0101. M\u0113s solidariz\u0113jamies ar to Latvijas sabiedr\u012bbas da\u013cu, kas, m\u016bsupr\u0101t, ir liel\u0101ka un sp\u0113c\u012bg\u0101ka un iest\u0101jas par dro\u0161u un eiropeisku Latviju.&#8221;<\/p>\n","protected":false},"excerpt":{"rendered":"Tallina, Igaunija 6. novembr\u012b pulksten 18 Br\u012bv\u012bbas laukum\u0101. Iedvesmojoties no protestiem, kas notiek R\u012bg\u0101, aicin\u0101m visus piketa dal\u012bbniekus&hellip;\n","protected":false},"author":2,"featured_media":39549,"comment_status":"","ping_status":"","sticky":false,"template":"","format":"standard","meta":{"footnotes":""},"categories":[12],"tags":[23,28,29,32,33,22,30,31,35,39,38,36,37,34,40,20,26,27,3959,2023,24,25,21],"class_list":{"0":"post-39548","1":"post","2":"type-post","3":"status-publish","4":"format-standard","5":"has-post-thumbnail","7":"category-latvija","8":"tag-aktualitates","9":"tag-breaking-news","10":"tag-breakingnews","11":"tag-featured-news","12":"tag-featurednews","13":"tag-headlines","14":"tag-latest-news","15":"tag-latestnews","16":"tag-latvia","17":"tag-latvian","18":"tag-latviesu","19":"tag-latviesu-valoda","20":"tag-latviesuvaloda","21":"tag-latvija","22":"tag-lv","23":"tag-news","24":"tag-popularakas-zinas","25":"tag-popularakaszinas","26":"tag-protests","27":"tag-stambulas-konvencija","28":"tag-top-stories","29":"tag-topstories","30":"tag-zinas"},"share_on_mastodon":{"url":"https:\/\/pubeurope.com\/@lv\/115490582967989057","error":""},"_links":{"self":[{"href":"https:\/\/www.europesays.com\/lv\/wp-json\/wp\/v2\/posts\/39548","targetHints":{"allow":["GET"]}}],"collection":[{"href":"https:\/\/www.europesays.com\/lv\/wp-json\/wp\/v2\/posts"}],"about":[{"href":"https:\/\/www.europesays.com\/lv\/wp-json\/wp\/v2\/types\/post"}],"author":[{"embeddable":true,"href":"https:\/\/www.europesays.com\/lv\/wp-json\/wp\/v2\/users\/2"}],"replies":[{"embeddable":true,"href":"https:\/\/www.europesays.com\/lv\/wp-json\/wp\/v2\/comments?post=39548"}],"version-history":[{"count":0,"href":"https:\/\/www.europesays.com\/lv\/wp-json\/wp\/v2\/posts\/39548\/revisions"}],"wp:featuredmedia":[{"embeddable":true,"href":"https:\/\/www.europesays.com\/lv\/wp-json\/wp\/v2\/media\/39549"}],"wp:attachment":[{"href":"https:\/\/www.europesays.com\/lv\/wp-json\/wp\/v2\/media?parent=39548"}],"wp:term":[{"taxonomy":"category","embeddable":true,"href":"https:\/\/www.europesays.com\/lv\/wp-json\/wp\/v2\/categories?post=39548"},{"taxonomy":"post_tag","embeddable":true,"href":"https:\/\/www.europesays.com\/lv\/wp-json\/wp\/v2\/tags?post=39548"}],"curies":[{"name":"wp","href":"https:\/\/api.w.org\/{rel}","templated":true}]}}