{"id":39562,"date":"2025-11-04T09:00:07","date_gmt":"2025-11-04T09:00:07","guid":{"rendered":"https:\/\/www.europesays.com\/lv\/39562\/"},"modified":"2025-11-04T09:00:07","modified_gmt":"2025-11-04T09:00:07","slug":"miks-galvanovskis-izdod-septito-albuma-singlu-kas-tapis-kopa-ar-liepajas-roka-legendu","status":"publish","type":"post","link":"https:\/\/www.europesays.com\/lv\/39562\/","title":{"rendered":"Miks Galvanovskis izdod sept\u012bto albuma singlu, kas tapis kop\u0101 ar Liep\u0101jas roka le\u0123endu"},"content":{"rendered":"<p>Savu k\u0101rtu, lai satiktos ar klaus\u012bt\u0101jiem, gaida v\u0113l tr\u012bs dziesmas, kuras Miks pied\u0101v\u0101s publikai \u0161aj\u0101 ned\u0113\u013c\u0101, nosl\u0113dzot albuma prezent\u0113\u0161anu jau piektdien, kad vi\u0146\u0161 s\u0101ks <a target=\"_blank\" rel=\"noopener noreferrer nofollow\" href=\"https:\/\/www.bilesuserviss.lv\/lat\/biletes\/miks-galvanovskis-koncertture-par-savu-zemi-saukt-97055\/\">savu koncertt\u016bri<\/a>.<\/p>\n<p>&#8220;Man \u0161is darbs ir \u013coti \u012bpa\u0161s, jo pie t\u0101 str\u0101d\u0101ju kop\u0101 ar cilv\u0113ku, ar ko nekad nebiju kop\u012bgi rakst\u012bjis, bet tik p\u0101ris reizes \u0161\u012bs vasaras koncertos uzk\u0101pis uz skatuves. Esmu neizsak\u0101mi priec\u012bgs, ka mani un Liep\u0101jas le\u0123end\u0101r\u0101 \u0123it\u0101rista Roberta Dintera ce\u013ci krustoj\u0101s, jo manas \u0161\u012bs saj\u016btas sen neviens nebija sadzird\u0113jis. Pie pirmajiem akordiem, ko Robis nosp\u0113l\u0113ja, man bija skaidra melodija, un vien\u0101 vakar\u0101 m\u0113s izveidoj\u0101m \u0161o darbu.<\/p>\n<p>Dziesma \u201cViss ir beidzies\u201d ir par cilv\u0113kiem, kas impuls\u012bvi m\u016bs ir pametu\u0161i k\u0101d\u0101 dz\u012bves situ\u0101cij\u0101 un izv\u0113l\u0113ju\u0161ies viegl\u0101ko ce\u013cu, ne risin\u0101t probl\u0113mas. Man\u0101 gad\u012bjum\u0101 noteikti par pamatu \u0161im st\u0101stam ir bijis person\u012bgs p\u0101rdz\u012bvojums, bet ticu, ka katrs klaus\u012bt\u0101js sp\u0113s saklaus\u012bt \u0161aj\u0101 dziesm\u0101 ar\u012b savas s\u0101pes,\u201d koment\u0113 Miks.<\/p>\n","protected":false},"excerpt":{"rendered":"Savu k\u0101rtu, lai satiktos ar klaus\u012bt\u0101jiem, gaida v\u0113l tr\u012bs dziesmas, kuras Miks pied\u0101v\u0101s publikai \u0161aj\u0101 ned\u0113\u013c\u0101, nosl\u0113dzot albuma&hellip;\n","protected":false},"author":2,"featured_media":39563,"comment_status":"","ping_status":"","sticky":false,"template":"","format":"standard","meta":{"footnotes":""},"categories":[19],"tags":[89,90,35,39,38,36,37,34,40,8110,5577],"class_list":{"0":"post-39562","1":"post","2":"type-post","3":"status-publish","4":"format-standard","5":"has-post-thumbnail","7":"category-izklaide","8":"tag-entertainment","9":"tag-izklaide","10":"tag-latvia","11":"tag-latvian","12":"tag-latviesu","13":"tag-latviesu-valoda","14":"tag-latviesuvaloda","15":"tag-latvija","16":"tag-lv","17":"tag-miks-galvanovskis","18":"tag-singls"},"share_on_mastodon":{"url":"https:\/\/pubeurope.com\/@lv\/115490614349045206","error":""},"_links":{"self":[{"href":"https:\/\/www.europesays.com\/lv\/wp-json\/wp\/v2\/posts\/39562","targetHints":{"allow":["GET"]}}],"collection":[{"href":"https:\/\/www.europesays.com\/lv\/wp-json\/wp\/v2\/posts"}],"about":[{"href":"https:\/\/www.europesays.com\/lv\/wp-json\/wp\/v2\/types\/post"}],"author":[{"embeddable":true,"href":"https:\/\/www.europesays.com\/lv\/wp-json\/wp\/v2\/users\/2"}],"replies":[{"embeddable":true,"href":"https:\/\/www.europesays.com\/lv\/wp-json\/wp\/v2\/comments?post=39562"}],"version-history":[{"count":0,"href":"https:\/\/www.europesays.com\/lv\/wp-json\/wp\/v2\/posts\/39562\/revisions"}],"wp:featuredmedia":[{"embeddable":true,"href":"https:\/\/www.europesays.com\/lv\/wp-json\/wp\/v2\/media\/39563"}],"wp:attachment":[{"href":"https:\/\/www.europesays.com\/lv\/wp-json\/wp\/v2\/media?parent=39562"}],"wp:term":[{"taxonomy":"category","embeddable":true,"href":"https:\/\/www.europesays.com\/lv\/wp-json\/wp\/v2\/categories?post=39562"},{"taxonomy":"post_tag","embeddable":true,"href":"https:\/\/www.europesays.com\/lv\/wp-json\/wp\/v2\/tags?post=39562"}],"curies":[{"name":"wp","href":"https:\/\/api.w.org\/{rel}","templated":true}]}}