{"id":39570,"date":"2025-11-04T09:06:06","date_gmt":"2025-11-04T09:06:06","guid":{"rendered":"https:\/\/www.europesays.com\/lv\/39570\/"},"modified":"2025-11-04T09:06:06","modified_gmt":"2025-11-04T09:06:06","slug":"karlija-reja-dzepsena-gaida-savu-pirmo-bernu-kopa-ar-viru-koulu-m-g-n-lente-lv","status":"publish","type":"post","link":"https:\/\/www.europesays.com\/lv\/39570\/","title":{"rendered":"K\u0101rlija Reja D\u017eepsena gaida savu pirmo b\u0113rnu kop\u0101 ar v\u012bru Koulu M. G. N.\u00a0\u2014\u00a0Lente.lv"},"content":{"rendered":"<p>Priec\u012bgas zi\u0146as no dzied\u0101t\u0101jas pasaules<\/p>\n<p>Kan\u0101die\u0161u popzvaigzne K\u0101rlija Reja D\u017eepsena, kura ar sav\u0101m lip\u012bgaj\u0101m melodij\u0101m un pozit\u012bvo ener\u0123iju iekarojusi miljoniem klaus\u012bt\u0101ju sirdis, ir gatava jaunam dz\u012bves posmam. 39 gadus vec\u0101 dzied\u0101t\u0101ja un dziesmu autore ar prieku pazi\u0146ojusi, ka kop\u0101 ar savu v\u012bru Koulu M. G. N. gaida savu pirmo mazuli. \u0160\u012b aizkustino\u0161\u0101 v\u0113sts n\u0101ca gaism\u0101 3. novembr\u012b, izraisot saj\u016bsmu fanu vid\u016b vis\u0101 pasaul\u0113.<\/p>\n<p>Pazi\u0146ojums soci\u0101lajos t\u012bklos<\/p>\n<p>D\u017eepsena, kas pla\u0161\u0101k paz\u012bstama ar savu glob\u0101lo hitu \u201cCall Me Maybe\u201d, dal\u012bj\u0101s ar priec\u012bgaj\u0101m zi\u0146\u0101m sav\u0101 \u201cInstagram\u201d kont\u0101. Vi\u0146a public\u0113ja sirdi sildo\u0161u melnbaltu fotogr\u0101fiju s\u0113riju, kur\u0101s redzams gan vi\u0146as v\u012brs, m\u016bzikas producents Kouls M. G. N. (\u012bstaj\u0101 v\u0101rd\u0101 Kouls M\u0101rzdens Greifs-N\u012bls), gan vi\u0146as augo\u0161ais v\u0113ders. Virsraksts \u201cOh hi baby\u201d (Ak, sveiks, mazul\u012bt) lieliski raksturo cer\u012bbas un m\u012blest\u012bbu, kas valda p\u0101r p\u0101ri. Att\u0113los redzams p\u0101ra neviltotais prieks un m\u012blest\u012bba, kas v\u0113rsta uz gaid\u0101mo atvas\u012bti.<\/p>\n<p>M\u012blas st\u0101sts un \u0123imenes veido\u0161ana<\/p>\n<p>K\u0101rlija Reja D\u017eepsena un Kouls M. G. N. saderin\u0101j\u0101s 2024. gada septembr\u012b, bet par savu laul\u012bbu pazi\u0146oja 2025. gada 4. oktobr\u012b, svinot int\u012bmu ceremoniju presti\u017eaj\u0101 \u010celsijas viesn\u012bc\u0101 \u0145ujork\u0101. Vi\u0146u kopdz\u012bves ce\u013c\u0161 aizs\u0101k\u0101s 2021. gad\u0101, sadarbojoties pie D\u017eepsenas albuma \u201cThe Loveliest Time\u201d, un \u0101tri vien p\u0101ra profesion\u0101l\u0101 sadarb\u012bba p\u0101ra par dzi\u013c\u0101m romantisk\u0101m j\u016bt\u0101m. \u0160obr\u012bd, kad p\u0101ris sagaida savu pirmo b\u0113rnu, vi\u0146u kop\u012bg\u0101 m\u012blas st\u0101sts, kas aizs\u0101k\u0101s m\u016bzik\u0101, ir ieguvis v\u0113l skaist\u0101ku un noz\u012bm\u012bg\u0101ku dimensiju.<\/p>\n<p>Dzied\u0101t\u0101jas karjera un person\u012bg\u0101 dz\u012bve<\/p>\n<p>K\u0101rlija Reja D\u017eepsena, dzimusi 1985. gada 21. novembr\u012b, ir Kan\u0101das dzied\u0101t\u0101ja, dziesmu autore un aktrise. Vi\u0146a ieguva pla\u0161u atpaz\u012bstam\u012bbu 2007. gad\u0101 p\u0113c dal\u012bbas \u0161ov\u0101 \u201cCanadian Idol\u201d, kur ieguva tre\u0161o vietu. Vi\u0146as debijas albums \u201cTug of War\u201d izn\u0101ca 2008. gad\u0101, bet starptautisku slavu vi\u0146ai atnesa 2011. gad\u0101 izdotais singls \u201cCall Me Maybe\u201d. L\u012bdztekus veiksm\u012bgajai muzik\u0101lajai karjerai, D\u017eepsena ir r\u016bp\u012bgi sarg\u0101jusi savu person\u012bgo dz\u012bvi. Vi\u0146as attiec\u012bbas ar Koulu M. G. N. k\u013cuva publiskas 2022. gad\u0101, un vi\u0146u kop\u012bg\u0101 priv\u0101tuma sarg\u0101\u0161anas politika ir rad\u012bjusi v\u0113l liel\u0101ku interesi par p\u0101ra dz\u012bvi. \u0160\u012b jaun\u0101 dz\u012bves noda\u013ca ir k\u0101 skaists turpin\u0101jums vi\u0146u kop\u012bgajam st\u0101stam, ko vi\u0146i veido, balstoties uz m\u012blest\u012bbu, rado\u0161umu un savstarp\u0113ju atbalstu.<\/p>\n","protected":false},"excerpt":{"rendered":"Priec\u012bgas zi\u0146as no dzied\u0101t\u0101jas pasaules Kan\u0101die\u0161u popzvaigzne K\u0101rlija Reja D\u017eepsena, kura ar sav\u0101m lip\u012bgaj\u0101m melodij\u0101m un pozit\u012bvo ener\u0123iju&hellip;\n","protected":false},"author":2,"featured_media":39571,"comment_status":"","ping_status":"","sticky":false,"template":"","format":"standard","meta":{"footnotes":""},"categories":[19],"tags":[89,2653,936,90,11483,11484,35,39,38,36,37,34,40,6408],"class_list":{"0":"post-39570","1":"post","2":"type-post","3":"status-publish","4":"format-standard","5":"has-post-thumbnail","7":"category-izklaide","8":"tag-entertainment","9":"tag-gimenes-prieki","10":"tag-grutnieciba","11":"tag-izklaide","12":"tag-karlija-reja-dzepsena","13":"tag-kouls-m-g-n","14":"tag-latvia","15":"tag-latvian","16":"tag-latviesu","17":"tag-latviesu-valoda","18":"tag-latviesuvaloda","19":"tag-latvija","20":"tag-lv","21":"tag-muzikas-producents"},"share_on_mastodon":{"url":"https:\/\/pubeurope.com\/@lv\/115490637957292252","error":""},"_links":{"self":[{"href":"https:\/\/www.europesays.com\/lv\/wp-json\/wp\/v2\/posts\/39570","targetHints":{"allow":["GET"]}}],"collection":[{"href":"https:\/\/www.europesays.com\/lv\/wp-json\/wp\/v2\/posts"}],"about":[{"href":"https:\/\/www.europesays.com\/lv\/wp-json\/wp\/v2\/types\/post"}],"author":[{"embeddable":true,"href":"https:\/\/www.europesays.com\/lv\/wp-json\/wp\/v2\/users\/2"}],"replies":[{"embeddable":true,"href":"https:\/\/www.europesays.com\/lv\/wp-json\/wp\/v2\/comments?post=39570"}],"version-history":[{"count":0,"href":"https:\/\/www.europesays.com\/lv\/wp-json\/wp\/v2\/posts\/39570\/revisions"}],"wp:featuredmedia":[{"embeddable":true,"href":"https:\/\/www.europesays.com\/lv\/wp-json\/wp\/v2\/media\/39571"}],"wp:attachment":[{"href":"https:\/\/www.europesays.com\/lv\/wp-json\/wp\/v2\/media?parent=39570"}],"wp:term":[{"taxonomy":"category","embeddable":true,"href":"https:\/\/www.europesays.com\/lv\/wp-json\/wp\/v2\/categories?post=39570"},{"taxonomy":"post_tag","embeddable":true,"href":"https:\/\/www.europesays.com\/lv\/wp-json\/wp\/v2\/tags?post=39570"}],"curies":[{"name":"wp","href":"https:\/\/api.w.org\/{rel}","templated":true}]}}