{"id":39572,"date":"2025-11-04T09:08:08","date_gmt":"2025-11-04T09:08:08","guid":{"rendered":"https:\/\/www.europesays.com\/lv\/39572\/"},"modified":"2025-11-04T09:08:08","modified_gmt":"2025-11-04T09:08:08","slug":"bijusais-airbaltic-vaditajs-martins-gauss-iecelts-par-gulf-air-izpilddirektoru-lente-lv-4","status":"publish","type":"post","link":"https:\/\/www.europesays.com\/lv\/39572\/","title":{"rendered":"Biju\u0161ais &#8220;airBaltic&#8221; vad\u012bt\u0101js Martins Gauss iecelts par &#8220;Gulf Air&#8221; izpilddirektoru\u00a0\u2014\u00a0Lente.lv"},"content":{"rendered":"<p>Martins Gauss iecelts &#8220;Gulf Air&#8221; izpilddirektora amat\u0101<\/p>\n<p>Biju\u0161ais Latvijas nacion\u0101l\u0101s aviokomp\u0101nijas &#8220;airBaltic&#8221; izpilddirektors Martins Gauss ir iecelts Bahreinas nacion\u0101l\u0101s aviokomp\u0101nijas &#8220;Gulf Air&#8221; izpilddirektora amat\u0101. Gauss s\u0101ks pild\u012bt amata pien\u0101kumus no \u0161\u012b gada 4. novembra.<\/p>\n<p>Gauss paudis lepnumu un pateic\u012bbu par iesp\u0113ju vad\u012bt aviokomp\u0101niju ar vair\u0101k nek\u0101 75 gadu v\u0113sturi, nor\u0101dot, ka kop\u0101 ar komandu un partneriem turpin\u0101s stiprin\u0101t &#8220;Gulf Air&#8221; un veidot tai sp\u0113c\u012bgu n\u0101kotni. Vi\u0146\u0161 pl\u0101no iedvesmot visas iesaist\u012bt\u0101s puses \u2013 darbiniekus, klientus un partnerus \u2013, lai apvienotu sp\u0113kus &#8220;Gulf Air&#8221; pan\u0101kumu kaldin\u0101\u0161an\u0101.<\/p>\n<p>Profesion\u0101l\u0101 pieredze un karjera<\/p>\n<p>Pirms pievieno\u0161an\u0101s &#8220;Gulf Air&#8221;, Martins Gauss vad\u012bja &#8220;airBaltic&#8221; gandr\u012bz 14 gadus, s\u0101kot darbu 2011. gada 1. novembr\u012b. Vi\u0146a vad\u012bb\u0101 &#8220;airBaltic&#8221; piedz\u012bvoja transform\u0101ciju, p\u0101rejot no finan\u0161u kr\u012bzes uz pe\u013c\u0146as g\u016b\u0161anu un k\u013c\u016bstot par atz\u012btu Eiropas p\u0101rvad\u0101t\u0101ju. K\u0101 biju\u0161ais pilots, Gauss ie\u0146\u0113mis vado\u0161us amatus ar\u012b cit\u0101s aviokomp\u0101nij\u0101s, tostarp &#8220;Deutsche BA&#8221; un &#8220;Cirrus Airlines&#8221;.<\/p>\n<p>2025. gada 7. apr\u012bl\u012b &#8220;airBaltic&#8221; padome nol\u0113ma atbr\u012bvot Gausu no amata, ko vi\u0146\u0161 atst\u0101ja p\u0113c 14 gadus ilgas karjeras aviokomp\u0101nij\u0101. \u0160\u012bs p\u0101rmai\u0146as notika laik\u0101, kad &#8220;airBaltic&#8221; sask\u0101r\u0101s ar da\u017e\u0101diem izaicin\u0101jumiem, tostarp lidojumu atcel\u0161anu un dzin\u0113ju pieg\u0101des probl\u0113m\u0101m.<\/p>\n<p>&#8220;Gulf Air&#8221; v\u0113sture un n\u0101kotne<\/p>\n<p>&#8220;Gulf Air&#8221;, Bahreinas nacion\u0101l\u0101 aviokomp\u0101nija, dibin\u0101ta 1950. gad\u0101, padarot to par vienu no vec\u0101kaj\u0101m aviokomp\u0101nij\u0101m Tuvajos Austrumos. Komp\u0101nija veic regul\u0101rus lidojumus uz vair\u0101k nek\u0101 50 galam\u0113r\u0137iem 30 valst\u012bs \u0100frik\u0101, \u0100zij\u0101 un Eirop\u0101, izmantojot vair\u0101k nek\u0101 40 lidma\u0161\u012bnu floti. Jaun\u0101 vad\u012bba cer stiprin\u0101t komp\u0101nijas poz\u012bcijas re\u0123ion\u0101laj\u0101 un glob\u0101laj\u0101 tirg\u016b.<\/p>\n<p>Gauss tiek uzskat\u012bts par zino\u0161u l\u012bderi, kura pieredze avi\u0101cijas nozar\u0113 un aviokomp\u0101niju transform\u0101cij\u0101 ir \u013coti v\u0113rt\u012bga &#8220;Gulf Air&#8221; att\u012bst\u012bbai. Vi\u0146a vad\u012bb\u0101 &#8220;Gulf Air&#8221; pl\u0101no turpin\u0101t flotes moderniz\u0101ciju un uzlabot darb\u012bbas efektivit\u0101ti, lai nostiprin\u0101tu savu vietu starp re\u0123iona vado\u0161ajiem avi\u0101cijas uz\u0146\u0113mumiem.<\/p>\n<p>P\u0101rmai\u0146as &#8220;airBaltic&#8221; vad\u012bb\u0101<\/p>\n<p>P\u0113c Gausa aizie\u0161anas &#8220;airBaltic&#8221; izpilddirektora pien\u0101kumu izpild\u012bt\u0101js un valdes loceklis Pauls C\u0101l\u012btis turpin\u0101ja vad\u012bt aviokomp\u0101niju l\u012bdz 2025. gada 1. decembrim. Savuk\u0101rt no min\u0113t\u0101 datuma &#8220;airBaltic&#8221; izpilddirektora amatu s\u0101ka ie\u0146emt biju\u0161ais &#8220;SAS Scandinavian Airlines&#8221; viceprezidents Erno Hild\u0113ns.<\/p>\n<p>2024. gad\u0101 &#8220;airBaltic&#8221; p\u0101rvad\u0101ja 5,2 miljonus pasa\u017eieru, veicot 47 000 lidojumus, kas bija par 13% un 7% vair\u0101k nek\u0101 iepriek\u0161\u0113j\u0101 gad\u0101 attiec\u012bgi. Tom\u0113r aviokomp\u0101nija 2024. gad\u0101 cieta zaud\u0113jumus 118,159 miljonu eiro apm\u0113r\u0101, at\u0161\u0137ir\u012bb\u0101 no pe\u013c\u0146as gadu iepriek\u0161. Liel\u0101kie zaud\u0113jumu c\u0113lo\u0146i bija dzin\u0113ju apkopes probl\u0113mas un val\u016btu sv\u0101rst\u012bbas.<\/p>\n<p>Latvijas valstij pieder 88,37% &#8220;airBaltic&#8221; akciju, savuk\u0101rt &#8220;Lufthansa&#8221; \u012bpa\u0161um\u0101 ir 10% akciju. Aviokomp\u0101nija gatavojas s\u0101kotn\u0113jam publiskajam pied\u0101v\u0101jumam (IPO), un &#8220;Lufthansa&#8221; dal\u012bbas lielums tiks noteikts atkar\u012bb\u0101 no tirgus cenas.<\/p>\n","protected":false},"excerpt":{"rendered":"Martins Gauss iecelts &#8220;Gulf Air&#8221; izpilddirektora amat\u0101 Biju\u0161ais Latvijas nacion\u0101l\u0101s aviokomp\u0101nijas &#8220;airBaltic&#8221; izpilddirektors Martins Gauss ir iecelts Bahreinas&hellip;\n","protected":false},"author":2,"featured_media":39573,"comment_status":"","ping_status":"","sticky":false,"template":"","format":"standard","meta":{"footnotes":""},"categories":[16],"tags":[3307,5290,77,76,5289,9496,35,39,38,36,37,34,40,5288],"class_list":{"0":"post-39572","1":"post","2":"type-post","3":"status-publish","4":"format-standard","5":"has-post-thumbnail","7":"category-bizness","8":"tag-airbaltic","9":"tag-aviokompanija","10":"tag-bizness","11":"tag-business","12":"tag-gulf-air","13":"tag-izpilddirektors","14":"tag-latvia","15":"tag-latvian","16":"tag-latviesu","17":"tag-latviesu-valoda","18":"tag-latviesuvaloda","19":"tag-latvija","20":"tag-lv","21":"tag-martins-gauss"},"share_on_mastodon":{"url":"https:\/\/pubeurope.com\/@lv\/115490645933533758","error":""},"_links":{"self":[{"href":"https:\/\/www.europesays.com\/lv\/wp-json\/wp\/v2\/posts\/39572","targetHints":{"allow":["GET"]}}],"collection":[{"href":"https:\/\/www.europesays.com\/lv\/wp-json\/wp\/v2\/posts"}],"about":[{"href":"https:\/\/www.europesays.com\/lv\/wp-json\/wp\/v2\/types\/post"}],"author":[{"embeddable":true,"href":"https:\/\/www.europesays.com\/lv\/wp-json\/wp\/v2\/users\/2"}],"replies":[{"embeddable":true,"href":"https:\/\/www.europesays.com\/lv\/wp-json\/wp\/v2\/comments?post=39572"}],"version-history":[{"count":0,"href":"https:\/\/www.europesays.com\/lv\/wp-json\/wp\/v2\/posts\/39572\/revisions"}],"wp:featuredmedia":[{"embeddable":true,"href":"https:\/\/www.europesays.com\/lv\/wp-json\/wp\/v2\/media\/39573"}],"wp:attachment":[{"href":"https:\/\/www.europesays.com\/lv\/wp-json\/wp\/v2\/media?parent=39572"}],"wp:term":[{"taxonomy":"category","embeddable":true,"href":"https:\/\/www.europesays.com\/lv\/wp-json\/wp\/v2\/categories?post=39572"},{"taxonomy":"post_tag","embeddable":true,"href":"https:\/\/www.europesays.com\/lv\/wp-json\/wp\/v2\/tags?post=39572"}],"curies":[{"name":"wp","href":"https:\/\/api.w.org\/{rel}","templated":true}]}}