{"id":39578,"date":"2025-11-04T09:11:11","date_gmt":"2025-11-04T09:11:11","guid":{"rendered":"https:\/\/www.europesays.com\/lv\/39578\/"},"modified":"2025-11-04T09:11:11","modified_gmt":"2025-11-04T09:11:11","slug":"saeimas-komisija-neatbalsta-siksna-kandidaturu-seplp-locekla-amatam","status":"publish","type":"post","link":"https:\/\/www.europesays.com\/lv\/39578\/","title":{"rendered":"Saeimas komisija neatbalsta Sik\u0161\u0146a kandidat\u016bru SEPLP locek\u013ca amatam"},"content":{"rendered":"<p>Vienlaikus gala l\u0113mums par Sik\u0161\u0146a kandidat\u016bru b\u016bs j\u0101pie\u0146em Saeimas s\u0113d\u0113 13. novembr\u012b.<\/p>\n<p>K\u0101 v\u0113st\u012bts, pag\u0101ju\u0161\u0101s ned\u0113\u013cas s\u0113d\u0113 Saeimas Cilv\u0113kties\u012bbu un sabiedrisko lietu komisijas deput\u0101ti nesprieda par Sik\u0161\u0146a kandidat\u016bru, bet s\u0101ka diskut\u0113t par padomes locek\u013cu skaita samazin\u0101\u0161anu.<\/p>\n<p>S\u0113d\u0113 \u201cJaun\u0101s vienot\u012bbas\u201d (JV) deput\u0101ti Zari\u0146\u0161 un Anna Ranc\u0101ne nor\u0101d\u012bja, ka v\u0113l nevar lemt par Siksni, jo vi\u0146\u0161 nav uzklaus\u012bts politisk\u0101 sp\u0113ka Saeimas frakcij\u0101. Ar\u012b Za\u013co un zemnieku savien\u012bbas (ZZS) deput\u0101ts Augusts Brigmanis pauda, ka \u0161\u0101da JV v\u0113lme ir saprotama, un piekrita \u0161o jaut\u0101jumu skat\u012bt k\u0101d\u0101 no cit\u0101m s\u0113d\u0113m.<\/p>\n<p>To atbalst\u012bja ar\u012b Nacion\u0101l\u0101s apvien\u012bbas (NA) deput\u0101ts Jur\u0123is Kloti\u0146\u0161. Vi\u0146\u0161 gan ar\u012b aicin\u0101ja apsv\u0113rt domu par to, ka padome turpm\u0101k var\u0113tu str\u0101d\u0101t divu cilv\u0113ku sast\u0101v\u0101. Ideju par padomes sast\u0101va samazin\u0101\u0161anu l\u012bdz diviem cilv\u0113kiem s\u0113d\u0113 rosin\u0101ja ar\u012b NA deput\u0101ts J\u0101nis Grasbergs.<\/p>\n<p>Patlaban likum\u0101 noteikts, ka SEPLP ir tr\u012bs locek\u013ci, bet faktiski t\u0101 darbojas divu locek\u013cu sast\u0101v\u0101, jo viens v\u0113l nav iev\u0113l\u0113ts.<\/p>\n<p>Iepriek\u0161\u0113jo padomes vad\u012bt\u0101ju Siksni amatam izvirz\u012bjusi Nevalstisko organiz\u0101ciju (NVO) un Ministru kabineta (MK) sadarb\u012bbas memoranda padome.<\/p>\n<p class=\"ad-desc ad-desc-main\">Saturs turpin\u0101s p\u0113c rekl\u0101mas<\/p>\n<p class=\"ad-desc ad-desc-sec\">Rekl\u0101ma<\/p>\n<p>Siksnis tika atz\u012bts par lab\u0101ko kandid\u0101tu Memoranda padomes atk\u0101rtoti r\u012bkotaj\u0101 konkurs\u0101 uz \u0161o vakanci. \u0160oreiz, at\u0161\u0137ir\u012bb\u0101 no iepriek\u0161\u0113j\u0101 konkursa, Memoranda padomes locek\u013ciem bija j\u0101balso atkl\u0101ti, un balsojum\u0101 nebija iesp\u0113jams attur\u0113ties. A\u0123ent\u016brai LETA zin\u0101ms, ka Siksnis bija sa\u0146\u0113mis augst\u0101ko punktu skaitu ar\u012b iepriek\u0161\u0113j\u0101 konkurs\u0101, tom\u0113r Memoranda padome balsojum\u0101 atbalst\u012bja Ivara Beltes, nevis Sik\u0161\u0146a kandidat\u016bru.<\/p>\n<p class=\"tv3-fw-500\">Zi\u0146o par k\u013c\u016bdu rakst\u0101<\/p>\n<p class=\"d-md-block d-none\">Iez\u012bm\u0113 k\u013c\u016bdaino tekstu un spied Ctrl+Enter.<\/p>\n<p class=\"d-md-none d-block\">Iez\u012bm\u0113 k\u013c\u016bdaino tekstu un zi\u0146o par to!<\/p>\n","protected":false},"excerpt":{"rendered":"Vienlaikus gala l\u0113mums par Sik\u0161\u0146a kandidat\u016bru b\u016bs j\u0101pie\u0146em Saeimas s\u0113d\u0113 13. novembr\u012b. K\u0101 v\u0113st\u012bts, pag\u0101ju\u0161\u0101s ned\u0113\u013cas s\u0113d\u0113 Saeimas&hellip;\n","protected":false},"author":2,"featured_media":39579,"comment_status":"","ping_status":"","sticky":false,"template":"","format":"standard","meta":{"footnotes":""},"categories":[5],"tags":[23,28,29,32,33,22,11485,30,31,35,39,38,36,37,34,40,20,26,27,24,25,21],"class_list":{"0":"post-39578","1":"post","2":"type-post","3":"status-publish","4":"format-standard","5":"has-post-thumbnail","7":"category-aktualitates","8":"tag-aktualitates","9":"tag-breaking-news","10":"tag-breakingnews","11":"tag-featured-news","12":"tag-featurednews","13":"tag-headlines","14":"tag-janis-siksnissaeimaseplp","15":"tag-latest-news","16":"tag-latestnews","17":"tag-latvia","18":"tag-latvian","19":"tag-latviesu","20":"tag-latviesu-valoda","21":"tag-latviesuvaloda","22":"tag-latvija","23":"tag-lv","24":"tag-news","25":"tag-popularakas-zinas","26":"tag-popularakaszinas","27":"tag-top-stories","28":"tag-topstories","29":"tag-zinas"},"share_on_mastodon":{"url":"https:\/\/pubeurope.com\/@lv\/115490657646075538","error":""},"_links":{"self":[{"href":"https:\/\/www.europesays.com\/lv\/wp-json\/wp\/v2\/posts\/39578","targetHints":{"allow":["GET"]}}],"collection":[{"href":"https:\/\/www.europesays.com\/lv\/wp-json\/wp\/v2\/posts"}],"about":[{"href":"https:\/\/www.europesays.com\/lv\/wp-json\/wp\/v2\/types\/post"}],"author":[{"embeddable":true,"href":"https:\/\/www.europesays.com\/lv\/wp-json\/wp\/v2\/users\/2"}],"replies":[{"embeddable":true,"href":"https:\/\/www.europesays.com\/lv\/wp-json\/wp\/v2\/comments?post=39578"}],"version-history":[{"count":0,"href":"https:\/\/www.europesays.com\/lv\/wp-json\/wp\/v2\/posts\/39578\/revisions"}],"wp:featuredmedia":[{"embeddable":true,"href":"https:\/\/www.europesays.com\/lv\/wp-json\/wp\/v2\/media\/39579"}],"wp:attachment":[{"href":"https:\/\/www.europesays.com\/lv\/wp-json\/wp\/v2\/media?parent=39578"}],"wp:term":[{"taxonomy":"category","embeddable":true,"href":"https:\/\/www.europesays.com\/lv\/wp-json\/wp\/v2\/categories?post=39578"},{"taxonomy":"post_tag","embeddable":true,"href":"https:\/\/www.europesays.com\/lv\/wp-json\/wp\/v2\/tags?post=39578"}],"curies":[{"name":"wp","href":"https:\/\/api.w.org\/{rel}","templated":true}]}}