{"id":39599,"date":"2025-11-04T09:23:15","date_gmt":"2025-11-04T09:23:15","guid":{"rendered":"https:\/\/www.europesays.com\/lv\/39599\/"},"modified":"2025-11-04T09:23:15","modified_gmt":"2025-11-04T09:23:15","slug":"otrdien-latvija-gaidams-lietains-laiks-vietam-iespejamas-stipras-lietusgazes-un-perkona-negaiss-lente-lv","status":"publish","type":"post","link":"https:\/\/www.europesays.com\/lv\/39599\/","title":{"rendered":"Otrdien Latvij\u0101 gaid\u0101ms lietains laiks, viet\u0101m iesp\u0113jamas stipras lietusg\u0101zes un p\u0113rkona negaiss\u00a0\u2014\u00a0Lente.lv"},"content":{"rendered":"<p>Otrdienas laika prognoze: lietus, p\u0113rkona negaiss un main\u012bgs v\u0113j\u0161 Latvij\u0101<\/p>\n<p>Otrdien, 4. novembr\u012b, Latvij\u0101 gaid\u0101ms p\u0101rsvar\u0101 m\u0101ko\u0146ains laiks ar \u012bslaic\u012bgiem nokri\u0161\u0146iem. Viet\u0101m, \u012bpa\u0161i Kurzem\u0113, prognoz\u0113tas stipras lietusg\u0101zes un p\u0113rkona negaiss, iesp\u0113jama ar\u012b krusa un stipras v\u0113ja br\u0101zmas. Debesis palaikam skaidrosies, bet valsts austrumos saglab\u0101sies vair\u0101k m\u0101ko\u0146u.<\/p>\n<p>Maksim\u0101l\u0101 gaisa temperat\u016bra \u0161aj\u0101 dien\u0101 Latvij\u0101 sv\u0101rst\u012bsies starp +15 un +20 gr\u0101diem p\u0113c Celsija. P\u016bt\u012bs l\u0113ns l\u012bdz m\u0113reni stiprs dienvidu v\u0113j\u0161. Kurzem\u0113 dienvidrietumu v\u0113ja br\u0101zmas var sasniegt l\u012bdz 14 metriem sekund\u0113, savuk\u0101rt valsts rietumu krast\u0101 v\u0113j\u0161 vakar\u0101 pastiprin\u0101sies l\u012bdz pat 20-23 metriem sekund\u0113. Tom\u0113r zem lietusg\u0101\u017eu un negaisa m\u0101ko\u0146iem jebkur\u0101 Latvijas viet\u0101 iesp\u0113jamas \u012bslaic\u012bgas v\u0113ja br\u0101zmas, kas sasniegs 15-20 metrus sekund\u0113.<\/p>\n<p>Galvaspils\u0113t\u0101 R\u012bg\u0101 otrdienas laikapst\u0101k\u013ci sol\u0101s b\u016bt l\u012bdz\u012bgi. Debesis liel\u0101koties kl\u0101s m\u0101ko\u0146i, bet \u012bslaic\u012bgi uzsp\u012bd\u0113s ar\u012b saule. Iesp\u0113jams \u012bslaic\u012bgs lietus un p\u0113rkona negaiss ar sp\u0113c\u012bg\u0101m v\u0113ja br\u0101zm\u0101m. Dienas liel\u0101ko da\u013cu p\u016bt\u012bs m\u0113rens dienvidu v\u0113j\u0161, un gaiss iesils l\u012bdz aptuveni +19 gr\u0101diem.<\/p>\n<p>Skandin\u0101vijas ciklona ietekme un atmosf\u0113ras spiediens<\/p>\n<p>Laikapst\u0101k\u013cus Latvij\u0101 otrdien noteiks Skandin\u0101vij\u0101 eso\u0161ais ciklons. \u0160is atmosf\u0113ras spiediena sv\u0101rst\u012bbas ietekm\u0113s ar\u012b j\u016bras l\u012bmeni Latvij\u0101, kur tas sv\u0101rst\u012bsies no 1003 hektopask\u0101liem valsts zieme\u013crietumos l\u012bdz 1012 hektopask\u0101liem dienvidaustrumos. \u0160\u0101da atmosf\u0113ras spiediena ietekme bie\u017ei vien saist\u012bta ar main\u012bgiem laikapst\u0101k\u013ciem, k\u0101dus prognoz\u0113 ar\u012b \u0161ai dienai.<\/p>\n<p>Padomi un br\u012bdin\u0101jumi<\/p>\n<p>\u0145emot v\u0113r\u0101 prognoz\u0113tos stipros nokri\u0161\u0146us un v\u0113ja br\u0101zmas, ir svar\u012bgi b\u016bt piesardz\u012bgiem, \u012bpa\u0161i ce\u013cojot. Lietussargs vai \u016bdensnecaurlaid\u012bgs ap\u0123\u0113rbs var noder\u0113t, lai pasarg\u0101tos no lietus. V\u0113j\u0161 piekrast\u0113, \u012bpa\u0161i Kurzem\u0113, var b\u016bt \u013coti sp\u0113c\u012bgs, t\u0101p\u0113c j\u0101b\u016bt uzman\u012bgiem pastaigu laik\u0101 gar j\u016bru. P\u0113rkona negaisa laik\u0101, protams, j\u0101iev\u0113ro dro\u0161\u012bbas pas\u0101kumi, lai izvair\u012btos no zibens un sp\u0113c\u012bga v\u0113ja rad\u012btiem draudiem.<\/p>\n<p>Lai gan rudens bie\u017ei vien m\u0113dz m\u016bs p\u0101rsteigt ar lietainiem un v\u0113jainiem laikapst\u0101k\u013ciem, \u0161\u0101di dabas procesi ir nepiecie\u0161ami, lai sagatavotu vidi n\u0101kamajam gadalaikam. Svar\u012bgi ir piel\u0101goties main\u012bgaj\u0101m laika apst\u0101k\u013cu tendenc\u0113m un izbaud\u012bt tos ar\u012b tad, kad tie nav glu\u017ei ide\u0101li.<\/p>\n","protected":false},"excerpt":{"rendered":"Otrdienas laika prognoze: lietus, p\u0113rkona negaiss un main\u012bgs v\u0113j\u0161 Latvij\u0101 Otrdien, 4. novembr\u012b, Latvij\u0101 gaid\u0101ms p\u0101rsvar\u0101 m\u0101ko\u0146ains laiks&hellip;\n","protected":false},"author":2,"featured_media":39600,"comment_status":"","ping_status":"","sticky":false,"template":"","format":"standard","meta":{"footnotes":""},"categories":[5],"tags":[23,28,29,32,33,22,152,30,31,35,39,38,36,37,34,3678,40,20,3679,26,27,24,25,153,21],"class_list":{"0":"post-39599","1":"post","2":"type-post","3":"status-publish","4":"format-standard","5":"has-post-thumbnail","7":"category-aktualitates","8":"tag-aktualitates","9":"tag-breaking-news","10":"tag-breakingnews","11":"tag-featured-news","12":"tag-featurednews","13":"tag-headlines","14":"tag-laika-prognoze","15":"tag-latest-news","16":"tag-latestnews","17":"tag-latvia","18":"tag-latvian","19":"tag-latviesu","20":"tag-latviesu-valoda","21":"tag-latviesuvaloda","22":"tag-latvija","23":"tag-lietus","24":"tag-lv","25":"tag-news","26":"tag-perkona-negaiss","27":"tag-popularakas-zinas","28":"tag-popularakaszinas","29":"tag-top-stories","30":"tag-topstories","31":"tag-vejs","32":"tag-zinas"},"share_on_mastodon":{"url":"https:\/\/pubeurope.com\/@lv\/115490704933625374","error":""},"_links":{"self":[{"href":"https:\/\/www.europesays.com\/lv\/wp-json\/wp\/v2\/posts\/39599","targetHints":{"allow":["GET"]}}],"collection":[{"href":"https:\/\/www.europesays.com\/lv\/wp-json\/wp\/v2\/posts"}],"about":[{"href":"https:\/\/www.europesays.com\/lv\/wp-json\/wp\/v2\/types\/post"}],"author":[{"embeddable":true,"href":"https:\/\/www.europesays.com\/lv\/wp-json\/wp\/v2\/users\/2"}],"replies":[{"embeddable":true,"href":"https:\/\/www.europesays.com\/lv\/wp-json\/wp\/v2\/comments?post=39599"}],"version-history":[{"count":0,"href":"https:\/\/www.europesays.com\/lv\/wp-json\/wp\/v2\/posts\/39599\/revisions"}],"wp:featuredmedia":[{"embeddable":true,"href":"https:\/\/www.europesays.com\/lv\/wp-json\/wp\/v2\/media\/39600"}],"wp:attachment":[{"href":"https:\/\/www.europesays.com\/lv\/wp-json\/wp\/v2\/media?parent=39599"}],"wp:term":[{"taxonomy":"category","embeddable":true,"href":"https:\/\/www.europesays.com\/lv\/wp-json\/wp\/v2\/categories?post=39599"},{"taxonomy":"post_tag","embeddable":true,"href":"https:\/\/www.europesays.com\/lv\/wp-json\/wp\/v2\/tags?post=39599"}],"curies":[{"name":"wp","href":"https:\/\/api.w.org\/{rel}","templated":true}]}}