{"id":39806,"date":"2025-11-04T12:30:25","date_gmt":"2025-11-04T12:30:25","guid":{"rendered":"https:\/\/www.europesays.com\/lv\/39806\/"},"modified":"2025-11-04T12:30:25","modified_gmt":"2025-11-04T12:30:25","slug":"nacionalajai-kino-balvai-lielais-kristaps-pieteiktas-85-filmas","status":"publish","type":"post","link":"https:\/\/www.europesays.com\/lv\/39806\/","title":{"rendered":"Nacion\u0101lajai kino balvai &#8220;Lielais Kristaps&#8221; pieteiktas 85 filmas"},"content":{"rendered":"<p>Pieteiktie darbi aptver da\u017e\u0101du veidu, \u017eanru un garuma filmas. V\u0113rt\u0113\u0161anai iesniegtas se\u0161as pilnmetr\u0101\u017eas sp\u0113lfilmas, piecas daudzs\u0113riju filmas, 11 maz\u0101kuma kopra\u017eojuma filmas, 14 \u012bsmetr\u0101\u017eas sp\u0113lfilmas, 11 pilnmetr\u0101\u017eas dokument\u0101l\u0101s filmas, asto\u0146as \u012bsmetr\u0101\u017eas dokument\u0101l\u0101s filmas, tr\u012bs anim\u0101cijas filmas, no t\u0101m viena pilnmetr\u0101\u017eas filma, k\u0101 ar\u012b 27 studentu filmas.<\/p>\n<p>Pieteikto filmu izv\u0113rt\u0113\u0161anas procesu veiks ekspertu komisijas, kas p\u0101rst\u0101v profesion\u0101l\u0101s filmu nozares organiz\u0101cijas. \u0160ogad b\u016bs divas atsevi\u0161\u0137as komisijas &#8211; viena sp\u0113lfilm\u0101m un anim\u0101cijai, otra dokument\u0101laj\u0101m film\u0101m.<\/p>\n<p>Sp\u0113lfilmu un anim\u0101cijas filmu komisij\u0101 darbosies kino kriti\u0137e, R\u012bgas Starptautisk\u0101 kino festiv\u0101la rado\u0161\u0101 direktore Sonora Broka, re\u017eisore Dzintra Geka, re\u017eisore Krista Bur\u0101ne, re\u017eisors U\u0123is Olte, operators Dainis Juraga, filmu m\u0101ksliniece Laura Di\u0161lere, kino kriti\u0137e Ieva Augstkalna, re\u017eisore Lizete Up\u012bte, kino p\u0113tniece Zane Bal\u010dus.<\/p>\n<p>Savuk\u0101rt dokument\u0101lo filmu komisij\u0101 darbosies scen\u0101rists Ivo Briedis, scen\u0101riste, producente L\u012bga Gaisa, re\u017eisors Sta\u0146islavs Tokalovs, operators Kaspars Bra\u0137is, kino kriti\u0137e Anita Uzulniece un kino \u017eurn\u0101liste Krist\u012bne Mat\u012bsa.<\/p>\n<p>Nominantus pazi\u0146os l\u012bdz n\u0101kam\u0101 gada 9. janv\u0101rim. Gal\u012bgos laure\u0101tus noteiks neatkar\u012bga starptautiska \u017e\u016brija. Svin\u012bg\u0101 balvu pasnieg\u0161anas ceremonija, kur\u0101 godin\u0101s lab\u0101k\u0101s filmas un profesion\u0101\u013cus, k\u0101 ar\u012b pasniegs balvu par m\u016b\u017ea ieguld\u012bjumu filmu m\u0101ksl\u0101 un citas balvas, notiks 1. mart\u0101.<\/p>\n<p>Nacion\u0101lo kino balvu &#8220;Lielais Kristaps&#8221; r\u012bko biedr\u012bba &#8220;Latvijas Kinematogr\u0101fistu savien\u012bba&#8221; sadarb\u012bb\u0101 ar Nacion\u0101lo Kino centru un Kult\u016bras ministriju.<\/p>\n","protected":false},"excerpt":{"rendered":"Pieteiktie darbi aptver da\u017e\u0101du veidu, \u017eanru un garuma filmas. V\u0113rt\u0113\u0161anai iesniegtas se\u0161as pilnmetr\u0101\u017eas sp\u0113lfilmas, piecas daudzs\u0113riju filmas, 11&hellip;\n","protected":false},"author":2,"featured_media":39807,"comment_status":"","ping_status":"","sticky":false,"template":"","format":"standard","meta":{"footnotes":""},"categories":[19],"tags":[47,89,90,381,64,35,39,38,36,37,34,40,385,172,382,384,383,21],"class_list":{"0":"post-39806","1":"post","2":"type-post","3":"status-publish","4":"format-standard","5":"has-post-thumbnail","7":"category-izklaide","8":"tag-ekonomika","9":"tag-entertainment","10":"tag-izklaide","11":"tag-jaunumi","12":"tag-kultura","13":"tag-latvia","14":"tag-latvian","15":"tag-latviesu","16":"tag-latviesu-valoda","17":"tag-latviesuvaloda","18":"tag-latvija","19":"tag-lv","20":"tag-pieriga","21":"tag-riga","22":"tag-sabiedriba","23":"tag-sludinajumi","24":"tag-sports-afisa","25":"tag-zinas"},"share_on_mastodon":{"url":"https:\/\/pubeurope.com\/@lv\/115491440133585740","error":""},"_links":{"self":[{"href":"https:\/\/www.europesays.com\/lv\/wp-json\/wp\/v2\/posts\/39806","targetHints":{"allow":["GET"]}}],"collection":[{"href":"https:\/\/www.europesays.com\/lv\/wp-json\/wp\/v2\/posts"}],"about":[{"href":"https:\/\/www.europesays.com\/lv\/wp-json\/wp\/v2\/types\/post"}],"author":[{"embeddable":true,"href":"https:\/\/www.europesays.com\/lv\/wp-json\/wp\/v2\/users\/2"}],"replies":[{"embeddable":true,"href":"https:\/\/www.europesays.com\/lv\/wp-json\/wp\/v2\/comments?post=39806"}],"version-history":[{"count":0,"href":"https:\/\/www.europesays.com\/lv\/wp-json\/wp\/v2\/posts\/39806\/revisions"}],"wp:featuredmedia":[{"embeddable":true,"href":"https:\/\/www.europesays.com\/lv\/wp-json\/wp\/v2\/media\/39807"}],"wp:attachment":[{"href":"https:\/\/www.europesays.com\/lv\/wp-json\/wp\/v2\/media?parent=39806"}],"wp:term":[{"taxonomy":"category","embeddable":true,"href":"https:\/\/www.europesays.com\/lv\/wp-json\/wp\/v2\/categories?post=39806"},{"taxonomy":"post_tag","embeddable":true,"href":"https:\/\/www.europesays.com\/lv\/wp-json\/wp\/v2\/tags?post=39806"}],"curies":[{"name":"wp","href":"https:\/\/api.w.org\/{rel}","templated":true}]}}