{"id":39810,"date":"2025-11-04T12:33:09","date_gmt":"2025-11-04T12:33:09","guid":{"rendered":"https:\/\/www.europesays.com\/lv\/39810\/"},"modified":"2025-11-04T12:33:09","modified_gmt":"2025-11-04T12:33:09","slug":"krievi-sakusi-psihologiskas-operacijas-polija-1188-lv","status":"publish","type":"post","link":"https:\/\/www.europesays.com\/lv\/39810\/","title":{"rendered":"Krievi s\u0101ku\u0161i &quot;psiholo\u0123isk\u0101s oper\u0101cijas&quot; Polij\u0101 &#8211; 1188.lv"},"content":{"rendered":"<ol>\n<li><a href=\"https:\/\/news.google.com\/rss\/articles\/CBMigwFBVV95cUxPd1lral9HbTM0SWczRWJZWm9DcExMQ0FydXA0SHo3eWRMbjNoUkZEUzRYdFFWUDFFU2g4aTlVSjFic285NXJRNTB0elgxcTRPcWo0MFk2N0lkLUtNWFU5NUdzRmoyMVg5cXY0TVhlWWFOT2xZcm1BNlN6R2M5bUsxMDd1MA?oc=5\" target=\"_blank\" rel=\"nofollow noopener\">Krievi s\u0101ku\u0161i &#8220;psiholo\u0123isk\u0101s oper\u0101cijas&#8221; Polij\u0101<\/a>&nbsp;&nbsp;1188.lv<\/li>\n<li><a href=\"https:\/\/news.google.com\/rss\/articles\/CBMilwFBVV95cUxNMG1OUmtDOU1mSU9jN3FvUldya09CbkF5VHNsTGtKSVZuc0xtSERQSmRvbnVjUkNmTkNLS0lqT1VHVDJJbUpRdTZiTnNRVXBRcnlmVHlocWtVRXdmaWR4eC1ITmxJZ0tDUDNuNGNkYnZlNFExYnVINzl1TmpwSHNDelZ6YTZ4RlRoclk1WTdCODhHMWhlRVFn?oc=5\" target=\"_blank\" rel=\"nofollow noopener\">Krievija cen\u0161as Polij\u0101 vairot naidu pret Ukrainu, nor\u0101da Var\u0161ava<\/a>&nbsp;&nbsp;TVNET<\/li>\n<li><a href=\"https:\/\/news.google.com\/rss\/articles\/CBMipwFBVV95cUxQSHAwQ25aMkpMclJPblAxWWtIU2F1SFFzcTNOMGFKdGdvQ0hMbjItRU9UbXVGajFGRG9xb09xVjNwSzgwb216a0pidlFTNHVuZnNEdFYxZWlodFh3ekFmSzRHT0R0VTRZcFdhOFN6ckU0aFlQYWhIckZzRzVNQ0FMN3pZUnpla1dvWl9VN0xoV2ZBdzVFQXhNYzJfS1RreGpOTklIUFVBYw?oc=5\" target=\"_blank\" rel=\"nofollow noopener\">Ukrai\u0146i \u0161aj\u0101 Eiropas valst\u012b vairs nej\u016btas dro\u0161i: pieaug ba\u017eas par pirmaj\u0101m lin\u010da ties\u0101m<\/a>&nbsp;&nbsp;LA.LV<\/li>\n<li><a href=\"https:\/\/news.google.com\/rss\/articles\/CBMitAFBVV95cUxQRG81aEMzSlFiMWpwaTZSWl8wZHFldDJpS05BNS1JRUNWSmx6dHFqSDkwbWtBNHpjeFpzeHVyaFF5LXA3aVdFOWU2ekp4bWViQ1F6WEpOa3FkNDBNNmNBNVI5cWZvNXdxYTY2U3BvZE9lN1VJZ1NvbEFBY3BNVDg1ZzBqOVlmZ013RDJqVHUyd2lPTFZIeEhHeWhLWnhRSm4ybU5ZYm1ZVVhpOFg0T2lhLXVyb2c?oc=5\" target=\"_blank\" rel=\"nofollow noopener\">Krievija pastiprina informat\u012bvo karu Polij\u0101, kurinot naidu pret Ukrainu<\/a>&nbsp;&nbsp;Lente.lv<\/li>\n<li><a href=\"https:\/\/news.google.com\/rss\/articles\/CBMixwFBVV95cUxQLThDS0cydWpQMUJiZ1cwaC1ESlJsekxzUXVCb2FVOUozam1GdTBTMnFGOGpjUE5yTDV2d1NhTnRvbWNDeTN1MEhlOXZaRi1Cb1JLTDM3b1RlUk14am93eFEzalJiVzZWY0dmam00VFlGX1U1bEdIVXo4MVJDUWpxRS1jNWRKcGtwVE5jdEp5YUtRUFVCRGVNb3RHcy1UWl9hWTBNeWk0SHZuakVDNmVNVVlyLWhVcDZTTnptZXN5dmdUQXZsRWQ00gHMAUFVX3lxTE5zd20waHpSMkRLT2c4U3JHWHBjWEMyWFBENDdLSDNlSFFXT1U1NjNZMWppb1h0UzZuVTRrQzk1MTZCRTA0VjhxTEFSb1FmUDBKQ1RXTFZDc084ZGdLU0xHeGNGbzZ0eDl3TGluZUR2ZHRmMU1RSVNkUzI1bUhsM0tIbnVoV2FFZklXRnhtbkVHTDBoSHhfQXlWOW1LR2hpU2dEdHU0V1lKMUJ2Q1pDakN4T09Sd2RCYjcyczA0Q3JmNmhsdzNYc3AycjkzQQ?oc=5\" target=\"_blank\" rel=\"nofollow noopener\">Dr\u012bz redz\u0113sim organiz\u0113tus lin\u010dus\u00bb: Polij\u0101 pieaug uzbrukumu skaits pret ukrai\u0146iem<\/a>&nbsp;&nbsp;bb.lv<\/li>\n<\/ol>\n","protected":false},"excerpt":{"rendered":"Krievi s\u0101ku\u0161i &#8220;psiholo\u0123isk\u0101s oper\u0101cijas&#8221; Polij\u0101&nbsp;&nbsp;1188.lv Krievija cen\u0161as Polij\u0101 vairot naidu pret Ukrainu, nor\u0101da Var\u0161ava&nbsp;&nbsp;TVNET Ukrai\u0146i \u0161aj\u0101 Eiropas valst\u012b&hellip;\n","protected":false},"author":2,"featured_media":39811,"comment_status":"","ping_status":"","sticky":false,"template":"","format":"standard","meta":{"footnotes":""},"categories":[14],"tags":[129,470,473,23,57,28,29,32,33,22,30,31,35,39,38,36,37,34,40,20,26,27,471,474,472,475,24,25,54,55,56,21,58],"class_list":{"0":"post-39810","1":"post","2":"type-post","3":"status-publish","4":"format-standard","5":"has-post-thumbnail","7":"category-zinas-no-arvalstim","8":"tag-__typenameadvicekeyword","9":"tag-id532","10":"tag-id549","11":"tag-aktualitates","12":"tag-arvalstim","13":"tag-breaking-news","14":"tag-breakingnews","15":"tag-featured-news","16":"tag-featurednews","17":"tag-headlines","18":"tag-latest-news","19":"tag-latestnews","20":"tag-latvia","21":"tag-latvian","22":"tag-latviesu","23":"tag-latviesu-valoda","24":"tag-latviesuvaloda","25":"tag-latvija","26":"tag-lv","27":"tag-news","28":"tag-popularakas-zinas","29":"tag-popularakaszinas","30":"tag-slugkars-ukraina","31":"tag-slugkrievijas-iebrukums-ukraina","32":"tag-titlekars-ukraina","33":"tag-titlekrievijas-iebrukums-ukraina","34":"tag-top-stories","35":"tag-topstories","36":"tag-world","37":"tag-world-news","38":"tag-worldnews","39":"tag-zinas","40":"tag-zinas-no-arvalstim"},"share_on_mastodon":{"url":"","error":"Validation failed: Text character limit of 500 exceeded"},"_links":{"self":[{"href":"https:\/\/www.europesays.com\/lv\/wp-json\/wp\/v2\/posts\/39810","targetHints":{"allow":["GET"]}}],"collection":[{"href":"https:\/\/www.europesays.com\/lv\/wp-json\/wp\/v2\/posts"}],"about":[{"href":"https:\/\/www.europesays.com\/lv\/wp-json\/wp\/v2\/types\/post"}],"author":[{"embeddable":true,"href":"https:\/\/www.europesays.com\/lv\/wp-json\/wp\/v2\/users\/2"}],"replies":[{"embeddable":true,"href":"https:\/\/www.europesays.com\/lv\/wp-json\/wp\/v2\/comments?post=39810"}],"version-history":[{"count":0,"href":"https:\/\/www.europesays.com\/lv\/wp-json\/wp\/v2\/posts\/39810\/revisions"}],"wp:featuredmedia":[{"embeddable":true,"href":"https:\/\/www.europesays.com\/lv\/wp-json\/wp\/v2\/media\/39811"}],"wp:attachment":[{"href":"https:\/\/www.europesays.com\/lv\/wp-json\/wp\/v2\/media?parent=39810"}],"wp:term":[{"taxonomy":"category","embeddable":true,"href":"https:\/\/www.europesays.com\/lv\/wp-json\/wp\/v2\/categories?post=39810"},{"taxonomy":"post_tag","embeddable":true,"href":"https:\/\/www.europesays.com\/lv\/wp-json\/wp\/v2\/tags?post=39810"}],"curies":[{"name":"wp","href":"https:\/\/api.w.org\/{rel}","templated":true}]}}