{"id":39812,"date":"2025-11-04T12:34:06","date_gmt":"2025-11-04T12:34:06","guid":{"rendered":"https:\/\/www.europesays.com\/lv\/39812\/"},"modified":"2025-11-04T12:34:06","modified_gmt":"2025-11-04T12:34:06","slug":"ingmars-lidaka-atkal-parsteidz-ar-asiem-izteikumiem","status":"publish","type":"post","link":"https:\/\/www.europesays.com\/lv\/39812\/","title":{"rendered":"Ingm\u0101rs L\u012bdaka atkal p\u0101rsteidz ar asiem izteikumiem"},"content":{"rendered":"<p class=\"descr\">&#8220;Aizver muti&#8221; &#8211; \u0161o le\u0123end\u0101ro fr\u0101zi pirms vair\u0101kiem gadiem no Saeimas trib\u012bnes pateica Saeimas deput\u0101ts Ingm\u0101rs L\u012bdaka.<\/p>\n<p>Raid\u012bjum\u0101 &#8220;Vakari\u0146\u0161 ar sav\u0113jiem&#8221; vi\u0146\u0161 beidzot atkl\u0101ja, ko \u0161obr\u012bd dom\u0101 par savu popul\u0101ro teicienu: &#8220;Es neb\u016bt neesmu priec\u012bgs, ka \u0161is teiciens palicis atmi\u0146\u0101 un varb\u016bt nom\u0101cis visu p\u0101r\u0113jo, ko esmu labu izdar\u012bjis. Diezgan smiekl\u012bgi b\u016btu nos\u0113d\u0113t 11 gadus Saeim\u0101 un esi tikai vienreiz pateicis &#8220;aizver muti!&#8221;.&#8221;<\/p>\n<p>Ta\u010du tagad politi\u0137is atkal &#8220;spridzina&#8221; ar saviem izteikumiem. Uz \u017eurn\u0101lista jaut\u0101jumu, k\u0101p\u0113c b\u016btu j\u0101izst\u0101jas no Stambulas konvencijas, <a href=\"https:\/\/nra.lv\/birka\/ingmars-lidaka\/\" target=\"_blank\" rel=\"noopener nofollow\">I. L\u012bdaka<\/a> atbild: &#8220;T\u0101p\u0113c, ka man t\u0101 gribas.&#8221;<\/p>\n","protected":false},"excerpt":{"rendered":"&#8220;Aizver muti&#8221; &#8211; \u0161o le\u0123end\u0101ro fr\u0101zi pirms vair\u0101kiem gadiem no Saeimas trib\u012bnes pateica Saeimas deput\u0101ts Ingm\u0101rs L\u012bdaka. Raid\u012bjum\u0101&hellip;\n","protected":false},"author":2,"featured_media":39813,"comment_status":"","ping_status":"","sticky":false,"template":"","format":"standard","meta":{"footnotes":""},"categories":[12],"tags":[23,28,29,32,33,22,30,31,35,39,38,36,37,34,40,20,26,27,24,25,21],"class_list":{"0":"post-39812","1":"post","2":"type-post","3":"status-publish","4":"format-standard","5":"has-post-thumbnail","7":"category-latvija","8":"tag-aktualitates","9":"tag-breaking-news","10":"tag-breakingnews","11":"tag-featured-news","12":"tag-featurednews","13":"tag-headlines","14":"tag-latest-news","15":"tag-latestnews","16":"tag-latvia","17":"tag-latvian","18":"tag-latviesu","19":"tag-latviesu-valoda","20":"tag-latviesuvaloda","21":"tag-latvija","22":"tag-lv","23":"tag-news","24":"tag-popularakas-zinas","25":"tag-popularakaszinas","26":"tag-top-stories","27":"tag-topstories","28":"tag-zinas"},"share_on_mastodon":{"url":"https:\/\/pubeurope.com\/@lv\/115491456020519307","error":""},"_links":{"self":[{"href":"https:\/\/www.europesays.com\/lv\/wp-json\/wp\/v2\/posts\/39812","targetHints":{"allow":["GET"]}}],"collection":[{"href":"https:\/\/www.europesays.com\/lv\/wp-json\/wp\/v2\/posts"}],"about":[{"href":"https:\/\/www.europesays.com\/lv\/wp-json\/wp\/v2\/types\/post"}],"author":[{"embeddable":true,"href":"https:\/\/www.europesays.com\/lv\/wp-json\/wp\/v2\/users\/2"}],"replies":[{"embeddable":true,"href":"https:\/\/www.europesays.com\/lv\/wp-json\/wp\/v2\/comments?post=39812"}],"version-history":[{"count":0,"href":"https:\/\/www.europesays.com\/lv\/wp-json\/wp\/v2\/posts\/39812\/revisions"}],"wp:featuredmedia":[{"embeddable":true,"href":"https:\/\/www.europesays.com\/lv\/wp-json\/wp\/v2\/media\/39813"}],"wp:attachment":[{"href":"https:\/\/www.europesays.com\/lv\/wp-json\/wp\/v2\/media?parent=39812"}],"wp:term":[{"taxonomy":"category","embeddable":true,"href":"https:\/\/www.europesays.com\/lv\/wp-json\/wp\/v2\/categories?post=39812"},{"taxonomy":"post_tag","embeddable":true,"href":"https:\/\/www.europesays.com\/lv\/wp-json\/wp\/v2\/tags?post=39812"}],"curies":[{"name":"wp","href":"https:\/\/api.w.org\/{rel}","templated":true}]}}