{"id":39814,"date":"2025-11-04T12:35:19","date_gmt":"2025-11-04T12:35:19","guid":{"rendered":"https:\/\/www.europesays.com\/lv\/39814\/"},"modified":"2025-11-04T12:35:19","modified_gmt":"2025-11-04T12:35:19","slug":"armands-puce-ja-desu-ceha-vieni-razo-kebabu-un-otri-fase-vistu-sparninus-nez-vai-gala-produktu-sauksim-par-desu","status":"publish","type":"post","link":"https:\/\/www.europesays.com\/lv\/39814\/","title":{"rendered":"Armands Pu\u010de: Ja desu ceh\u0101 vieni ra\u017eo kebabu un otri fas\u0113 vistu sp\u0101rni\u0146us \u2013 nez vai gala produktu sauksim par desu"},"content":{"rendered":"<p>    <img decoding=\"async\" src=\"https:\/\/www.europesays.com\/lv\/wp-content\/uploads\/2025\/11\/LET_24875833-1024x683.jpg\" alt=\"&#10;\"\/><\/p>\n<p>Politisk\u0101 partija \u201cSuver\u0113n\u0101 vara\u201d r\u012bko piketu pie Saeimas, lai paustu atbalstu Eiropas Padomes Konvencijas par vardarb\u012bbas pret sieviet\u0113m un vardarb\u012bbas \u0123imen\u0113 nov\u0113r\u0161anu un apkaro\u0161anu (Stambulas konvencija) denons\u0113\u0161anai.\n<\/p>\n<p>Tie, kas v\u0113las \u0161aj\u0101s dien\u0101s piesaukt Eiropas v\u0113rt\u012bbas, atg\u0101din\u0101\u0161u rindas k\u0101rt\u012bb\u0101 \u2013 cilv\u0113ka cie\u0146a, br\u012bv\u012bba, demokr\u0101tija, l\u012bdzties\u012bba, tiesiskums, cilv\u0113kties\u012bbas. Visas \u0161\u012bs nosaukt\u0101s Latvij\u0101 cen\u0161as iev\u0113rot atbilsto\u0161i m\u016bsu katra izpratnei par valstiskumu, saska\u0146\u0101 ar to k\u0101 esam audzin\u0101ti, izgl\u012btoti. Tas, kas notika pag\u0101ju\u0161aj\u0101 ned\u0113\u013c\u0101 ar k\u0101das konvencijas apsprie\u0161anu, nek\u0101di nesaist\u0101s ar Eiropas v\u0113rt\u012bbu ignor\u0113\u0161anu, v\u0113l maz\u0101k \u2013 ka m\u0113s ejam no t\u0101m prom vai esam k\u0101da pavad\u0101. Kas tad tas bija?<\/p>\n<p>        Las\u012bt\u0101kie<br \/>\n        <a data-imagesrc=\"{&quot;300&quot;:&quot;https:\\\/\\\/lastatic.ams3.cdn.digitaloceanspaces.com\\\/2024\\\/07\\\/fi_c0miksaq-300x200.jpg&quot;,&quot;1024&quot;:&quot;https:\\\/\\\/lastatic.ams3.cdn.digitaloceanspaces.com\\\/2024\\\/07\\\/fi_c0miksaq-1024x683.jpg&quot;,&quot;768&quot;:&quot;https:\\\/\\\/lastatic.ams3.cdn.digitaloceanspaces.com\\\/2024\\\/07\\\/fi_c0miksaq-768x512.jpg&quot;,&quot;1536&quot;:&quot;https:\\\/\\\/lastatic.ams3.cdn.digitaloceanspaces.com\\\/2024\\\/07\\\/fi_c0miksaq-1536x1024.jpg&quot;,&quot;2048&quot;:&quot;https:\\\/\\\/lastatic.ams3.cdn.digitaloceanspaces.com\\\/2024\\\/07\\\/fi_c0miksaq-2048x1365.jpg&quot;,&quot;200&quot;:&quot;https:\\\/\\\/lastatic.ams3.cdn.digitaloceanspaces.com\\\/2024\\\/07\\\/fi_c0miksaq-200x133.jpg&quot;,&quot;400&quot;:&quot;https:\\\/\\\/lastatic.ams3.cdn.digitaloceanspaces.com\\\/2024\\\/07\\\/fi_c0miksaq-400x267.jpg&quot;,&quot;500&quot;:&quot;https:\\\/\\\/lastatic.ams3.cdn.digitaloceanspaces.com\\\/2024\\\/07\\\/fi_c0miksaq-500x333.jpg&quot;,&quot;800&quot;:&quot;https:\\\/\\\/lastatic.ams3.cdn.digitaloceanspaces.com\\\/2024\\\/07\\\/fi_c0miksaq-800x533.jpg&quot;,&quot;1000&quot;:&quot;https:\\\/\\\/lastatic.ams3.cdn.digitaloceanspaces.com\\\/2024\\\/07\\\/fi_c0miksaq-1000x667.jpg&quot;,&quot;2560&quot;:&quot;https:\\\/\\\/lastatic.ams3.cdn.digitaloceanspaces.com\\\/2024\\\/07\\\/fi_c0miksaq-scaled.jpg&quot;}\" data-focuspoint=\"&quot;&quot;\" data-p=\"2460288\" href=\"https:\/\/www.la.lv\/tik-smagi-iegrabies-putins-nebija-25-gadus-tagad-galvenais-nepalaist-so-iespeju-garam\" class=\"content-item lazy-load\" wp_automatic_readability=\"26\" rel=\"nofollow noopener\" target=\"_blank\"><\/p>\n<p>                                <img decoding=\"async\" src=\"\" alt=\"\" style=\"\" data-imageid=\"\"\/><\/p>\n<p>                                            Tik smagi \u201ciegr\u0101bies\u201d Putins nebija 25 gadus: tagad galvenais nepalaist \u0161o iesp\u0113ju gar\u0101m\n                            <\/p>\n<p><\/a><a data-imagesrc=\"{&quot;300&quot;:&quot;https:\\\/\\\/lastatic.ams3.cdn.digitaloceanspaces.com\\\/2021\\\/11\\\/kakis6-300x199.jpg&quot;,&quot;1024&quot;:&quot;https:\\\/\\\/lastatic.ams3.cdn.digitaloceanspaces.com\\\/2021\\\/11\\\/kakis6-1024x680.jpg&quot;,&quot;768&quot;:&quot;https:\\\/\\\/lastatic.ams3.cdn.digitaloceanspaces.com\\\/2021\\\/11\\\/kakis6-768x510.jpg&quot;,&quot;200&quot;:&quot;https:\\\/\\\/lastatic.ams3.cdn.digitaloceanspaces.com\\\/2021\\\/11\\\/kakis6-200x133.jpg&quot;,&quot;400&quot;:&quot;https:\\\/\\\/lastatic.ams3.cdn.digitaloceanspaces.com\\\/2021\\\/11\\\/kakis6-400x265.jpg&quot;,&quot;500&quot;:&quot;https:\\\/\\\/lastatic.ams3.cdn.digitaloceanspaces.com\\\/2021\\\/11\\\/kakis6-500x332.jpg&quot;,&quot;800&quot;:&quot;https:\\\/\\\/lastatic.ams3.cdn.digitaloceanspaces.com\\\/2021\\\/11\\\/kakis6-800x531.jpg&quot;,&quot;1000&quot;:&quot;https:\\\/\\\/lastatic.ams3.cdn.digitaloceanspaces.com\\\/2021\\\/11\\\/kakis6-1000x664.jpg&quot;,&quot;1252&quot;:&quot;https:\\\/\\\/lastatic.ams3.cdn.digitaloceanspaces.com\\\/2021\\\/11\\\/kakis6.jpg&quot;}\" data-focuspoint=\"&quot;&quot;\" data-p=\"2459691\" href=\"https:\/\/www.la.lv\/berzesanas-gar-kajam-gulesana-virsu-astes-kustinasana-iemacies-saprast-ko-kakis-tev-sadi-saka\" class=\"content-item lazy-load\" wp_automatic_readability=\"28\" rel=\"nofollow noopener\" target=\"_blank\"><\/p>\n<p>                                <img decoding=\"async\" src=\"\" alt=\"\" style=\"\" data-imageid=\"\"\/><\/p>\n<p>                                M\u0101jas<\/p>\n<p>\n                                                Berz\u0113\u0161an\u0101s gar k\u0101j\u0101m, gul\u0113\u0161ana virs\u016b, astes kustin\u0101\u0161ana \u2013 iem\u0101cies saprast, ko ka\u0137is tev \u0161\u0101di \u201csaka\u201d\n                            <\/p>\n<p><\/a><a data-imagesrc=\"{&quot;300&quot;:&quot;https:\\\/\\\/lastatic.ams3.cdn.digitaloceanspaces.com\\\/2024\\\/04\\\/11258746-300x200.jpg&quot;,&quot;1024&quot;:&quot;https:\\\/\\\/lastatic.ams3.cdn.digitaloceanspaces.com\\\/2024\\\/04\\\/11258746-1024x683.jpg&quot;,&quot;768&quot;:&quot;https:\\\/\\\/lastatic.ams3.cdn.digitaloceanspaces.com\\\/2024\\\/04\\\/11258746-768x512.jpg&quot;,&quot;1536&quot;:&quot;https:\\\/\\\/lastatic.ams3.cdn.digitaloceanspaces.com\\\/2024\\\/04\\\/11258746-1536x1024.jpg&quot;,&quot;2048&quot;:&quot;https:\\\/\\\/lastatic.ams3.cdn.digitaloceanspaces.com\\\/2024\\\/04\\\/11258746-2048x1365.jpg&quot;,&quot;200&quot;:&quot;https:\\\/\\\/lastatic.ams3.cdn.digitaloceanspaces.com\\\/2024\\\/04\\\/11258746-200x133.jpg&quot;,&quot;400&quot;:&quot;https:\\\/\\\/lastatic.ams3.cdn.digitaloceanspaces.com\\\/2024\\\/04\\\/11258746-400x267.jpg&quot;,&quot;500&quot;:&quot;https:\\\/\\\/lastatic.ams3.cdn.digitaloceanspaces.com\\\/2024\\\/04\\\/11258746-500x333.jpg&quot;,&quot;800&quot;:&quot;https:\\\/\\\/lastatic.ams3.cdn.digitaloceanspaces.com\\\/2024\\\/04\\\/11258746-800x533.jpg&quot;,&quot;1000&quot;:&quot;https:\\\/\\\/lastatic.ams3.cdn.digitaloceanspaces.com\\\/2024\\\/04\\\/11258746-1000x667.jpg&quot;,&quot;2560&quot;:&quot;https:\\\/\\\/lastatic.ams3.cdn.digitaloceanspaces.com\\\/2024\\\/04\\\/11258746-scaled.jpg&quot;}\" data-focuspoint=\"&quot;&quot;\" data-p=\"2460119\" href=\"https:\/\/www.la.lv\/igaunija-latvija-vai-lietuva-sanemtu-nato-admiralis-suta-skaidru-signalu-maskavai-par-baltijas-valstim\" class=\"content-item lazy-load\" wp_automatic_readability=\"27\" rel=\"nofollow noopener\" target=\"_blank\"><\/p>\n<p>                                <img decoding=\"async\" src=\"\" alt=\"\" style=\"\" data-imageid=\"\"\/><\/p>\n<p>\n                                                \u201cIgaunija, Latvija vai Lietuva sa\u0146emtu\u2026\u201d NATO admir\u0101lis s\u016bta skaidru sign\u0101lu Maskavai par Baltijas valst\u012bm\n                            <\/p>\n<p><\/a><br \/>\n        <a class=\"read-more\" href=\"https:\/\/www.la.lv\/top\" rel=\"nofollow noopener\" target=\"_blank\">Las\u012bt citas zi\u0146as<\/a><\/p>\n<p>Tas bija diezgan atkailin\u0101ts demokr\u0101tisk\u0101s valsts iek\u0101rtas process, kur Latvijas politisk\u0101 elite m\u0113\u0123in\u0101ja noskaidrot, ko katrs no vi\u0146iem saprot ar v\u0101rdu \u2013 vardarb\u012bba. Piem\u0113ram, progres\u012bvajiem tas pamat\u0101 saist\u0101s ar sievieti, kurai ir uzkr\u0101sota zila acs, zemniekiem \u2013 ar izdev\u012bbu non\u0101kt vald\u012bb\u0101, caur gadiem izsl\u012bp\u0113tu vilt\u012bbu, vienot\u012bbai \u2013 ar veikalu, kur\u0101 tiek kaut kas notirgots vai iemain\u012bts. <\/p>\n<blockquote><p>Kad pirms diviem gadiem visas nosaukt\u0101s puses san\u0101ca kop\u0101, bija skaidrs, ka tie\u0161i t\u0101 izskat\u0101s mauc\u012bba. <\/p><\/blockquote>\n<p>    CITI \u0160OBR\u012aD LASA<\/p>\n<p>Nek\u0101dus protestus neviens tad ner\u012bkoja un nevienam nezin k\u0101p\u0113c nebija kauns. Lai gan kaun\u0113ties b\u016btu bijis par kaut ko jau toreiz. Piem\u0113ram, J\u0113v\u0113 non\u0101ca seksu\u0101l\u0101s attiec\u012bb\u0101s ar oligarhijas p\u0101rpaliku\u0161ajiem skeletiem, zemnieki tostarp mier\u012bgi uzmeta savu konservat\u012bvo elektor\u0101tu, bet nevalstisk\u0101 sektora partijas \u0161\u016bni\u0146a atdev\u0101s abiem augst\u0101k nosauktajiem, iev\u0113rojot pirm\u0101s nakts ties\u012bbas p\u0113c Saeimas mand\u0101tu skaita \u2013 lai tikai dab\u016btu cauri kaut k\u0101du starptautisku nodomu protokolu. Kauna saj\u016btai vajadz\u0113ja b\u016bt ar\u012b Edgaram Rink\u0113vi\u010dam, kur\u0161 R\u012bgas pils godos tika ar slaven\u0101k\u0101 Latvijas oligarha sv\u0113t\u012bbu. Ta\u010du te, k\u0101 smejies \u2013 viss viens. L\u012bdz\u012bgi k\u0101 ar Stambulas v\u0101rd\u0101 nosauktajiem pap\u012briem \u2013 izmantos p\u0113c izdev\u012bguma.<\/p>\n<p>Cit\u0113ju konvencijas II sada\u013cas, 7. panta, 1. punktu: \u201cDz\u012bvnieki tiek pasarg\u0101ti no nelabv\u0113l\u012bgiem laika apst\u0101k\u013ciem. Kautuv\u0113s tiek ier\u012bkots pietiekams noviet\u0146u un aizgaldu skaits, kur dz\u012bvniekus var tur\u0113t pirms kau\u0161anas, lai pasarg\u0101tu no sliktiem laika apst\u0101k\u013ciem\u201d. Ups! Sajaucu. \u0160\u012b ir Eiropas konvencija par \u201cKaujamo dz\u012bvnieku aizsardz\u012bbu\u201d, ko ratific\u0113j\u0101m 2007. gad\u0101. T\u0101 nes Strasb\u016bras v\u0101rdu un k\u0101 dokuments aprit\u0113 pamests 1979. gad\u0101. Ja jums \u0161\u0137iet, ka kaut kas te neiet kop\u0101 ar lo\u0123iku vai dz\u012bvnieku labb\u016bt\u012bbu vai vi\u0146u pirmsn\u0101ves saj\u016bt\u0101m \u2013 liecieties mier\u0101! <\/p>\n<p>Visas citas konvencijas liel\u0101 m\u0113r\u0101 ir rakst\u012btas un stiliz\u0113tas l\u012bdz\u012bg\u0101 manier\u0113. Ar\u012b t\u0101, kas uzskata, ka vardarb\u012bba attiecas tikai uz vienu dzimumu \u2013 kas pats par sevi jau ir klaja \u0137\u0113mo\u0161an\u0101s. <\/p>\n<blockquote><p>\u0160ie pap\u012bri ar starptautisku kontekstu ir dom\u0101ti, lai tos lietotu, ta\u010du tiem ir tie\u0161i tik liels sp\u0113ks, cik ANO Dro\u0161\u012bbas padomes locekl\u0113m, kas pieaicin\u0101tas pie galda, kur piecas galven\u0101s valstis par kaut ko jau run\u0101. <\/p><\/blockquote>\n<p>Tie, kas pieaicin\u0101ti, b\u016bt\u012bb\u0101 ir tikai svar\u012bgu seju izteiksmes n\u0113s\u0101t\u0101ji \u2013 ne vair\u0101k. Kop\u0161 Otr\u0101 pasaules kara beig\u0101m starptautisko organiz\u0101ciju un to veidot\u0101 vai pied\u0101v\u0101t\u0101 dokument\u0101cija \u2013 ar konvencij\u0101m, paktiem, deklar\u0101cij\u0101m utml. \u2013 pamat\u0101 ir PSRS \u0101rpolitikas or\u0123ija, cie\u0161\u0101 ASV uzraudz\u012bb\u0101, vai \u2013 otr\u0101di. Krievija, k\u0101 PSRS mantiniece pie \u0161\u012bs k\u0101rt\u012bbas ir labi pie\u0161\u0101vusies, tie\u0161i t\u0101pat k\u0101 \u0161o sist\u0113mu kampa\u0146veid\u012bgi ekspluat\u0113 Rietumu pasaules liber\u0101lais jeb kreisais sp\u0101rns. Tie ir instrumenti, kas dom\u0101ti 20. un 21. gadsimta reli\u0123iskajiem fan\u0101ti\u0137iem, kas negrib iet uz bazn\u012bcu. Kam mums b\u012bbele, ja var ar konvencij\u0101m sludin\u0101t?<\/p>\n<p>Kad vi\u0146i sak\u0101s esam par Eiropas v\u0113rt\u012bb\u0101m, tad \u0161\u012b v\u0101rdkopa ar simbolisko noz\u012bmi tiek ar nol\u016bku privatiz\u0113ta. Tas t\u0101pat k\u0101 da\u017e\u0101da pielietojuma reli\u0123ijas privatiz\u0113ja visiem saprotamos bau\u0161\u013cus, lai gan paties\u012bb\u0101 ir runa par civiliz\u0101cijas att\u012bst\u012bbu un cilv\u0113ku savstarp\u0113j\u0101m attiec\u012bb\u0101m. Krist\u012bg\u0101s v\u0113rt\u012bbas? <\/p>\n<blockquote><p>Vai tad nav t\u0101, ka otra mantu, piem\u0113ram, tev neb\u016bs iek\u0101rot, neatkar\u012bgi no tic\u012bbas vai p\u0101rliec\u012bbas, vai dzimuma? Un ar k\u0101da si\u0161anu vai nogalin\u0101\u0161anu ir tie\u0161i t\u0101pat. Ja es to nedaru, tad man ir piln\u012bgi vienalga, kur\u0101 pap\u012br\u0101 vai konvencij\u0101 tas ir ierakst\u012bsts. <\/p><\/blockquote>\n<p>Jo es to nedaru! Konvencija nevar ietekm\u0113t manu v\u0113rt\u012bbu kopumu, jo t\u0101 \u2013 \u0161\u012b mana saj\u016bta un izpratne \u2013 nav radusies k\u0101das partijas pilnsapulc\u0113. Attiec\u012bgi, ja k\u0101ds sadala sabiedr\u012bbu p\u0113c principa \u2013 konvenciju vai dz\u012bv\u012bbu \u2013 tad \u0161ie cilv\u0113ki vai grupas nav vienk\u0101r\u0161i pieskait\u0101mi civiliz\u0101cijas att\u012bst\u012bbas norm\u0101lajai gaitai. J\u0101, \u0161\u0101di cilv\u0113ki nav vienk\u0101r\u0161i norm\u0101li. Tas gan nenoz\u012bm\u0113, ka vi\u0146i t\u0101di nevar vai nedr\u012bkst b\u016bt. Var un dr\u012bkst! Bet, vi\u0146iem nav ties\u012bbu privatiz\u0113t vai liegt citu izv\u0113les. Tik pa\u0161saprotami.<\/p>\n<p>Lai gan pirms diviem gadiem t\u0101 bija politisk\u0101 prostit\u016bcija, tas tom\u0113r bija juridiski noform\u0113ts akts, kam m\u0113s pievienoj\u0101mies \u2013 Latvijas valsts v\u0101rd\u0101. Ta\u010du Latvija ir demokr\u0101tiska valsts. Ja tagad juridiski m\u0113s izmantojam iesp\u0113ju no \u0161\u012bs ap\u0146em\u0161an\u0101s izst\u0101ties \u2013 un tas ir at\u013cauts, un nekas netiek p\u0101rk\u0101pts \u2013 tad ar\u012b \u0161\u012b darb\u012bba atbilst visiem demokr\u0101tijas principiem. Vair\u0101kuma vara. K\u0101dam ir kauns? J\u0101, redzot k\u0101 tiek tais\u012btas desas, vienai da\u013cai sabiedr\u012bbas palika slikti ap d\u016b\u0161u, ta\u010du tas bija tie\u0161i t\u0101pat k\u0101 visos gad\u012bjumos, kad p\u016b\u013ca dele\u0123\u0113tie san\u0101k kop\u0101 un m\u0113\u0123ina par kaut ko vienoties. <\/p>\n<p>Progres\u012bvie jau nav parasti sp\u0113l\u0113t\u0101ji Latvijas politiskaj\u0101 virtuv\u0113: vi\u0146u d\u0113enes\u0101 ir ne tikai ideolo\u0123ija, kas pamato p\u0101rdales ekonomiku, bet ar\u012b kaudz\u0113m t\u0101 sauktie pilsonisk\u0101s sabiedr\u012bbas atavismi, kas balsta vi\u0146u primit\u012bvo sh\u0113mu. Ja j\u0113v\u0113 elektor\u0101ts ir valsts p\u0101rvaldes dz\u012bts kume\u013c\u0161 ar klap\u0113m acu rajon\u0101, bet z\u0113z\u0113es kleperim ir pa\u0161vald\u012bbu g\u0101d\u0101tas vai zagtas auzas, tad pro ir pratu\u0161i ie\u0137erties k\u0101da zood\u0101rza ponija ast\u0113 un bezkaisl\u012bgi k\u0101\u0161 visa veida fondus. \u0160\u0101da vai l\u012bdz\u012bga metodika nedzimst Latvij\u0101 \u2013 tai ir Eiropas kreisuma izgul\u0113jumi. <\/p>\n<p>Tas ir apjom\u012bgs nevalstisko organiz\u0101ciju sektors, kas nevis kaut ko nopelna, bet \u2013 p\u0101rdala. Vi\u0146iem \u0161\u0101das konvencijas atver jaud\u012bgus kr\u0101nus \u2013 piem\u0113ram, s\u0101kot ar nevienam nevajadz\u012bgiem p\u0113t\u012bjumiem un beidzot ar kr\u012bzes centriem, kam ar\u012b nav nek\u0101da j\u0113dz\u012bga izmantojuma. Ja neskaita ieinteres\u0113to algu fondus vai grantus. T\u0101 k\u0101 \u0161\u0101di paraz\u012bti ir praktiski vis\u0101 Eirop\u0101 un da\u013c\u0101 ASV, nav nemaz tik sare\u017e\u0123\u012bti ar vi\u0146iem visiem kop\u0101 sablo\u0137\u0113ties, lai sp\u0113l\u0113tu starptautisku rezonansi vai p\u0101rj\u016bru sa\u0161utumu.<\/p>\n<blockquote><p>Liel\u0101k\u0101 da\u013ca no tiem, kas izg\u0101ja iel\u0101 pie Saeimas, patie\u0161\u0101m to dar\u012bja no sirds \u2013 vi\u0146iem ir ko zaud\u0113t t\u012bri praktiski. Tad k\u0101p\u0113c neiet? Un, protams, ja j\u016bsu r\u012bc\u012bb\u0101 ir sabiedrisko mediju nekritiskas skalotavas, tad ar\u012b l\u012bdzskr\u0113j\u0113ju, l\u012bdzjut\u0113ju un l\u012bdzdom\u0101t\u0101ju tam visam sarad\u012bsies blakus k\u0101 su\u0146a spalva uz d\u012bv\u0101na. <\/p><\/blockquote>\n<p>Ar \u013coti god\u012bgiem un cien\u012bjamiem nodomiem. Tie\u0161i tik pat god\u012bgiem, cik to bija tai pret\u0113jai pusei \u2013 kas teic\u0101s, ka konvencija vi\u0146iem nav vajadz\u012bga. Ja desu ceh\u0101 vieni ra\u017eo kebabu un otri fas\u0113 vistu sp\u0101rni\u0146us \u2013 nez vai gala produktu sauksim par desu. Ta\u010du ceha nosaukumu neviens netais\u0101s main\u012bt. Piem\u0113ram, j\u0113v\u0113 elektor\u0101tam iel\u0101s nav visp\u0101r j\u0101iet \u2013 vi\u0146i pa kabinetiem sabot\u0113 inicat\u012bvas, kas apkaro vai mazina birokr\u0101tiju. Jo vi\u0146u v\u0113l\u0113t\u0101js pamat\u0101 ir sist\u0113mas birokr\u0101ts. Ar\u012b vi\u0146i saprot, ko zaud\u0113s, ja vad\u012bsies p\u0113c optimiz\u0101cijas kompasa vai pievilks jostas. Bet dienas beig\u0101s m\u0113s run\u0101jam par tr\u012bs profesion\u0101l\u0101m palaistuv\u0113m, kas visas st\u0101sta, ka ir nevain\u012bgas pirm\u0101 kursa studentes.<\/p>\n<p>No \u0161\u012b liel\u0101kie ieguv\u0113ji ir Latvijas sabiedr\u012bbas dom\u0101jo\u0161\u0101 da\u013ca, jo villojoties par klientu uzman\u012bbu, tr\u012bs ielenes noskaidroja attiec\u012bbas, ignor\u0113jot pa\u0161u ieviestos borde\u013ca iek\u0161\u0113j\u0101s k\u0101rt\u012bbas noteikumus. Un, m\u0113s ieraudz\u012bj\u0101m, ka t\u0101s tom\u0113r nav tautu meitas ar vainadzi\u0146iem \u2013 lai gan grib\u0113j\u0101s k\u0101d\u0101 br\u012bd\u012b notic\u0113t, ka ir gan. <\/p>\n<blockquote><p>Otrs liel\u0101kais ieguv\u0113js ir k\u0101ds te\u0101tra re\u017eisors ar iniciat\u012bvu par lab\u0101ku valsti. Vi\u0146\u0161 var tagad zvejot balsis bez t\u012bkliem un murdiem \u2013 re\u0146\u0123e vai vimba pati l\u0113ks iek\u0161\u0101 vi\u0146a laiv\u0101, sacen\u0161oties par l\u0113ciena augstumu. <\/p><\/blockquote>\n<p>Tad mums v\u0113l ir prezidents [redakcijas piebilde \u2013 koment\u0101rs tapis 2.novembr\u012b, kad <a href=\"https:\/\/www.la.lv\/rinkevics-ir-runajis-saeimai-atkartoti-bus-javerte-lemums-izstaties-no-stambulas-konvencijas\" rel=\"noopener nofollow\" target=\"_blank\">prezidenta l\u0113mums <\/a>v\u0113l nebija zin\u0101ms], kas kaut ko ieg\u016bs, ja vienk\u0101r\u0161i pieliks punktu \u0161im \u013cembastam \u2013 proti, izsludin\u0101s \u0161o pie\u0146emto likumu, kam vajadz\u0113tu visu \u0161\u0137iru karsto org\u0101nu n\u0113s\u0113t\u0101jus uz k\u0101du laiku atv\u0113sin\u0101t. Ja Rink\u0113vi\u010ds to nedar\u012bs, tad desu ceh\u0101 b\u016bs v\u0113l vienas atv\u0113rto durvju dienas\u2026 Z\u012bm\u012bgi, ka tre\u0161\u0101 ce\u013ca Rinc\u012btim nav, jo re\u017eisors Alvis jau ir pateicis, ka n\u0101kamaj\u0101 kasting\u0101, ja vi\u0146\u0161 b\u016bs pie teik\u0161anas, ar ka\u0137\u012b\u0161u vai ceri\u0146u selfijiem nevar\u0113s aizpild\u012bt izr\u0101des tuk\u0161umus. L\u012bdz ar to Edgaram tagad atliek b\u016bt nevis rado\u0161am, bet adekv\u0101tam.<\/p>\n<p>Konvencijas raust\u012b\u0161ana ir att\u012br\u012b\u0161an\u0101s. Ja vi\u0146i \u2013 \u0161ie iev\u0113l\u0113tie \u2013 tikpat jaud\u012bgi uztrauktos par vesel\u012bbas apr\u016bpi, t\u0101s pieejam\u012bbu, vai \u2013 uz\u0146\u0113m\u0113jdarb\u012bbas konkur\u0113tsp\u0113ju, protest\u0113tu pret nelietder\u012bgiem t\u0113ri\u0146iem, vai tiesiskuma br\u0101\u0137iem, kas mums izmaks\u0101 miljonus. Ja vi\u0146u vai to citu v\u0113l\u0113t\u0101js ietu iel\u0101s ne tikai konvencijas sakar\u0101, bet ar\u012b reiz\u0113s, kad vara \u017eongl\u0113, piem\u0113ram, ar nodok\u013ciem vai aiz\u0146em\u0161anos, vai epiziod\u0113s, kad politi\u0137i par cilv\u0113ku un n\u0101cijas labkl\u0101j\u012bbu vienk\u0101r\u0161i \u0146irg\u0101jas \u2013 t\u0101 b\u016btu kaut k\u0101da konsekvence. Ta\u010du viegl\u0101k laikam ir model\u0113t c\u012b\u0146u ar vardarb\u012bbas teoriju, vai to denons\u0113t, bet ap pusnakti, atkar\u012bb\u0101 no balso\u0161anas rezult\u0101ta \u2013 s\u0113d\u0113t uz k\u0101pn\u0113m un ska\u013ci raud\u0101t vai l\u0113k\u0101t no prieka k\u0101 auniem. Dr\u0101\u017eot parastos z\u012bmu\u013cus pie modernu datoru klaviat\u016br\u0101m, kopum\u0101 ir skaidrs, ka t\u0101s tr\u012bs uzkr\u0101sot\u0101s koal\u012bcijas mad\u0101mas uz neko vair\u0101k par z\u012bmu\u013cu asin\u0101\u0161anu nemaz nav sp\u0113j\u012bgas. Un, ja t\u0101 \u2013 tad tas nav mazs ieguvums valstij.<\/p>\n<p>Demokr\u0101tija ir ne tikai kaisl\u012bbas, bet ar\u012b iesp\u0113ja. Iesp\u0113ja dom\u0101t un saprast.<\/p>\n<p>LA.LV redakcija v\u0113r\u0161 uzman\u012bbu! \u0160aj\u0101 rakst\u0101 atspogu\u013cots autora subjekt\u012bvais viedoklis, kas var nesakrist ar redakcijas viedokli.<\/p>\n<p>T\u0113mas<\/p>\n<p>    SAIST\u012aTIE RAKSTI<\/p>\n","protected":false},"excerpt":{"rendered":"Politisk\u0101 partija \u201cSuver\u0113n\u0101 vara\u201d r\u012bko piketu pie Saeimas, lai paustu atbalstu Eiropas Padomes Konvencijas par vardarb\u012bbas pret sieviet\u0113m&hellip;\n","protected":false},"author":2,"featured_media":39815,"comment_status":"","ping_status":"","sticky":false,"template":"","format":"standard","meta":{"footnotes":""},"categories":[5],"tags":[23,28,29,32,33,22,30,31,35,39,38,36,37,34,40,20,26,27,24,25,21],"class_list":{"0":"post-39814","1":"post","2":"type-post","3":"status-publish","4":"format-standard","5":"has-post-thumbnail","7":"category-aktualitates","8":"tag-aktualitates","9":"tag-breaking-news","10":"tag-breakingnews","11":"tag-featured-news","12":"tag-featurednews","13":"tag-headlines","14":"tag-latest-news","15":"tag-latestnews","16":"tag-latvia","17":"tag-latvian","18":"tag-latviesu","19":"tag-latviesu-valoda","20":"tag-latviesuvaloda","21":"tag-latvija","22":"tag-lv","23":"tag-news","24":"tag-popularakas-zinas","25":"tag-popularakaszinas","26":"tag-top-stories","27":"tag-topstories","28":"tag-zinas"},"share_on_mastodon":{"url":"https:\/\/pubeurope.com\/@lv\/115491459873131693","error":""},"_links":{"self":[{"href":"https:\/\/www.europesays.com\/lv\/wp-json\/wp\/v2\/posts\/39814","targetHints":{"allow":["GET"]}}],"collection":[{"href":"https:\/\/www.europesays.com\/lv\/wp-json\/wp\/v2\/posts"}],"about":[{"href":"https:\/\/www.europesays.com\/lv\/wp-json\/wp\/v2\/types\/post"}],"author":[{"embeddable":true,"href":"https:\/\/www.europesays.com\/lv\/wp-json\/wp\/v2\/users\/2"}],"replies":[{"embeddable":true,"href":"https:\/\/www.europesays.com\/lv\/wp-json\/wp\/v2\/comments?post=39814"}],"version-history":[{"count":0,"href":"https:\/\/www.europesays.com\/lv\/wp-json\/wp\/v2\/posts\/39814\/revisions"}],"wp:featuredmedia":[{"embeddable":true,"href":"https:\/\/www.europesays.com\/lv\/wp-json\/wp\/v2\/media\/39815"}],"wp:attachment":[{"href":"https:\/\/www.europesays.com\/lv\/wp-json\/wp\/v2\/media?parent=39814"}],"wp:term":[{"taxonomy":"category","embeddable":true,"href":"https:\/\/www.europesays.com\/lv\/wp-json\/wp\/v2\/categories?post=39814"},{"taxonomy":"post_tag","embeddable":true,"href":"https:\/\/www.europesays.com\/lv\/wp-json\/wp\/v2\/tags?post=39814"}],"curies":[{"name":"wp","href":"https:\/\/api.w.org\/{rel}","templated":true}]}}