{"id":39816,"date":"2025-11-04T12:39:13","date_gmt":"2025-11-04T12:39:13","guid":{"rendered":"https:\/\/www.europesays.com\/lv\/39816\/"},"modified":"2025-11-04T12:39:13","modified_gmt":"2025-11-04T12:39:13","slug":"nujorkas-mera-velesanas-lielakas-izredzes-ir-trampa-nistajam-demokratu-politikim-mamdani-raksts","status":"publish","type":"post","link":"https:\/\/www.europesays.com\/lv\/39816\/","title":{"rendered":"\u0145ujorkas m\u0113ra v\u0113l\u0113\u0161an\u0101s liel\u0101k\u0101s izredzes ir Trampa n\u012bstajam demokr\u0101tu politi\u0137im Mamdani \/ Raksts"},"content":{"rendered":"<p>ASV p\u0113c iedz\u012bvot\u0101ju skaita liel\u0101kaj\u0101 pils\u0113t\u0101 \u0145ujork\u0101 otrdien notiek m\u0113ra v\u0113l\u0113\u0161anas, kur\u0101s sacen\u0161as tr\u012bs kandid\u0101ti: demokr\u0101ts Zorans Mamdani, biju\u0161ais \u0145ujorkas \u0161tata gubernators Endr\u016b Kuomo un republik\u0101nis K\u0113rtiss Sliva.\u00a0<\/p>\n<p>P\u0113d\u0113j\u0101s aptaujas r\u0101d\u012bja, ka favor\u012bts uz uzvaru ir Mamdani, kuram ir labas iesp\u0113jas k\u013c\u016bt par pirmo musulmani \u0145ujorkas m\u0113ra amat\u0101.\u00a034 gadus vecajam politi\u0137im ir liels atbalsts gados jauno \u0146ujorkie\u0161u vid\u016b.\u00a0<\/p>\n<p>Priek\u0161v\u0113l\u0113\u0161anu kampa\u0146as laik\u0101 Mamdani asi kritiz\u0113ja Izra\u0113lu, aps\u016bdzot to genoc\u012bd\u0101 pret palest\u012bnie\u0161iem Gazas josl\u0101.<\/p>\n<p>Mamdani galvenais konkurents b\u016bs 67 gadus vecais Kuomo, kur\u0161 ar\u012b pretend\u0113ja uz Demokr\u0101tu partijas nomin\u0101ciju m\u0113ra v\u0113l\u0113\u0161an\u0101s, bet priek\u0161v\u0113l\u0113\u0161an\u0101s zaud\u0113ja Mamdani, t\u0101p\u0113c tagad kandid\u0113 k\u0101 neatkar\u012bgais.\u00a0\u0160is ir Kuomo m\u0113\u0123in\u0101jums atgriezties politik\u0101 p\u0113c tam, kad 2021. gad\u0101 vi\u0146\u0161 atk\u0101p\u0101s no amata p\u0113c aps\u016bdz\u012bb\u0101m par seksu\u0101lu uzm\u0101k\u0161anos.<\/p>\n<blockquote>\n<p>Saska\u0146\u0101 ar port\u0101la &#8220;RealClearPolling&#8221; apkopoto sabiedrisk\u0101s domas aptauju datiem par Mamdani gras\u0101s balsot ap 46% v\u0113l\u0113t\u0101ju, Kuomo atbalsta ap 32% v\u0113l\u0113t\u0101ju, bet Sliva var\u0113tu r\u0113\u0137in\u0101ties ar 16% balsu.<\/p>\n<\/blockquote>\n<p>ASV prezidents Donalds Tramps, kuram \u0145ujorka ir dzimt\u0101 pils\u0113ta, v\u0113l\u0113\u0161an\u0101s atbalsta Kuomo. Tramps ar\u012b draud\u0113ja, ka gad\u012bjum\u0101, ja v\u0113l\u0113\u0161an\u0101s uzvar\u0113s Mamdani, vi\u0146\u0161 var\u0113tu nepie\u0161\u0137irt \u0145ujorkai feder\u0101lo finans\u0113jumu. Tramps Mamdani sauc par &#8220;komunistu&#8221;, kur\u0161 nodarbo\u0161oties ar naudas \u0161\u0137\u0113rd\u0113\u0161anu, ja non\u0101ks pie varas \u0145ujork\u0101.\u00a0<\/p>\n<blockquote>\n<p>Mamdani priek\u0161v\u0113l\u0113\u0161anu kampa\u0146\u0101 sol\u012bja \u0146ujorkie\u0161iem \u012bres maksas kontroli, bezmaksas autobusus un b\u0113rnu apr\u016bpes pakalpojumus, kas tiks finans\u0113ti no liel\u0101kiem nodok\u013ciem bag\u0101tajiem un uz\u0146\u0113mumiem.\u00a0<\/p>\n<\/blockquote>\n<p>Tramps platform\u0101 &#8220;Truth Social&#8221; Mamdani nosauca par &#8220;komunistu&#8221;, apgalvojot ar\u012b, ka vi\u0146a d\u0113\u013c pils\u0113tas &#8220;izredzes uz pan\u0101kumiem vai pat izdz\u012bvo\u0161anu b\u016bs nulle&#8221;.\u00a0<\/p>\n<p>Mamdani uzvaras gad\u012bjum\u0101 &#8220;ir maz ticams, ka es ieguld\u012b\u0161u feder\u0101lo fondu l\u012bdzek\u013cus, iz\u0146emot minim\u0101li nepiecie\u0161amo&#8221;, kl\u0101st\u012bja Tramps.<\/p>\n<p>                    Valodas k\u013c\u016bda rakst\u0101?<\/p>\n<p class=\"d-none d-md-block\">Iez\u012bm\u0113jiet tekstu un spiediet Ctrl+Enter, lai nos\u016bt\u012btu labojamo teksta fragmentu redaktoram! Par faktu k\u013c\u016bd\u0101m l\u016bdzam zi\u0146ot e-past\u0101 <a href=\"https:\/\/www.lsm.lv\/cdn-cgi\/l\/email-protection\" class=\"__cf_email__\" data-cfemail=\"8efcebeaefe5ede7e4efcee2fde3a0e2f8\" rel=\"nofollow noopener\" target=\"_blank\">[email\u00a0protected]<\/a>.<\/p>\n<p class=\"d-md-none\">Iez\u012bm\u0113jiet tekstu un spiediet uz Zi\u0146ot par k\u013c\u016bdu pogas, lai nos\u016bt\u012btu labojamo teksta fragmentu redaktoram!<\/p>\n<p>\n                    Zi\u0146ot par k\u013c\u016bdu\n                <\/p>\n","protected":false},"excerpt":{"rendered":"ASV p\u0113c iedz\u012bvot\u0101ju skaita liel\u0101kaj\u0101 pils\u0113t\u0101 \u0145ujork\u0101 otrdien notiek m\u0113ra v\u0113l\u0113\u0161anas, kur\u0101s sacen\u0161as tr\u012bs kandid\u0101ti: demokr\u0101ts Zorans Mamdani,&hellip;\n","protected":false},"author":2,"featured_media":39817,"comment_status":"","ping_status":"","sticky":false,"template":"","format":"standard","meta":{"footnotes":""},"categories":[14],"tags":[23,57,28,29,32,33,22,30,31,35,39,38,36,37,34,40,20,26,27,24,25,54,55,56,21,58],"class_list":{"0":"post-39816","1":"post","2":"type-post","3":"status-publish","4":"format-standard","5":"has-post-thumbnail","7":"category-zinas-no-arvalstim","8":"tag-aktualitates","9":"tag-arvalstim","10":"tag-breaking-news","11":"tag-breakingnews","12":"tag-featured-news","13":"tag-featurednews","14":"tag-headlines","15":"tag-latest-news","16":"tag-latestnews","17":"tag-latvia","18":"tag-latvian","19":"tag-latviesu","20":"tag-latviesu-valoda","21":"tag-latviesuvaloda","22":"tag-latvija","23":"tag-lv","24":"tag-news","25":"tag-popularakas-zinas","26":"tag-popularakaszinas","27":"tag-top-stories","28":"tag-topstories","29":"tag-world","30":"tag-world-news","31":"tag-worldnews","32":"tag-zinas","33":"tag-zinas-no-arvalstim"},"share_on_mastodon":{"url":"https:\/\/pubeurope.com\/@lv\/115491475513590390","error":""},"_links":{"self":[{"href":"https:\/\/www.europesays.com\/lv\/wp-json\/wp\/v2\/posts\/39816","targetHints":{"allow":["GET"]}}],"collection":[{"href":"https:\/\/www.europesays.com\/lv\/wp-json\/wp\/v2\/posts"}],"about":[{"href":"https:\/\/www.europesays.com\/lv\/wp-json\/wp\/v2\/types\/post"}],"author":[{"embeddable":true,"href":"https:\/\/www.europesays.com\/lv\/wp-json\/wp\/v2\/users\/2"}],"replies":[{"embeddable":true,"href":"https:\/\/www.europesays.com\/lv\/wp-json\/wp\/v2\/comments?post=39816"}],"version-history":[{"count":0,"href":"https:\/\/www.europesays.com\/lv\/wp-json\/wp\/v2\/posts\/39816\/revisions"}],"wp:featuredmedia":[{"embeddable":true,"href":"https:\/\/www.europesays.com\/lv\/wp-json\/wp\/v2\/media\/39817"}],"wp:attachment":[{"href":"https:\/\/www.europesays.com\/lv\/wp-json\/wp\/v2\/media?parent=39816"}],"wp:term":[{"taxonomy":"category","embeddable":true,"href":"https:\/\/www.europesays.com\/lv\/wp-json\/wp\/v2\/categories?post=39816"},{"taxonomy":"post_tag","embeddable":true,"href":"https:\/\/www.europesays.com\/lv\/wp-json\/wp\/v2\/tags?post=39816"}],"curies":[{"name":"wp","href":"https:\/\/api.w.org\/{rel}","templated":true}]}}