{"id":39818,"date":"2025-11-04T12:41:17","date_gmt":"2025-11-04T12:41:17","guid":{"rendered":"https:\/\/www.europesays.com\/lv\/39818\/"},"modified":"2025-11-04T12:41:17","modified_gmt":"2025-11-04T12:41:17","slug":"otrdien-latvija-briziem-lis-tv3-lv","status":"publish","type":"post","link":"https:\/\/www.europesays.com\/lv\/39818\/","title":{"rendered":"Otrdien Latvij\u0101 br\u012b\u017eiem l\u012bs | tv3.lv"},"content":{"rendered":"<p>Maksim\u0101l\u0101 gaisa temperat\u016bra b\u016bs +8..+12 gr\u0101di.<\/p>\n<p>R\u012bg\u0101 debesis aizkl\u0101s m\u0101ko\u0146i un da\u017ebr\u012bd l\u012bs, v\u0113j\u0161 m\u0113reni p\u016bt\u012bs no dienvidiem, dienvidrietumiem un gaisa temperat\u016bra pak\u0101psies l\u012bdz +9 gr\u0101diem.<\/p>\n<p>No rietumiem tuvojas silt\u0101 atmosf\u0113ras fronte, gaisa spiediens paaugstin\u0101jies l\u012bdz 1016-1019 hektopask\u0101liem j\u016bras l\u012bmen\u012b.<\/p>\n<p class=\"tv3-fw-500\">Zi\u0146o par k\u013c\u016bdu rakst\u0101<\/p>\n<p class=\"d-md-block d-none\">Iez\u012bm\u0113 k\u013c\u016bdaino tekstu un spied Ctrl+Enter.<\/p>\n<p class=\"d-md-none d-block\">Iez\u012bm\u0113 k\u013c\u016bdaino tekstu un zi\u0146o par to!<\/p>\n","protected":false},"excerpt":{"rendered":"Maksim\u0101l\u0101 gaisa temperat\u016bra b\u016bs +8..+12 gr\u0101di. R\u012bg\u0101 debesis aizkl\u0101s m\u0101ko\u0146i un da\u017ebr\u012bd l\u012bs, v\u0113j\u0161 m\u0113reni p\u016bt\u012bs no dienvidiem,&hellip;\n","protected":false},"author":2,"featured_media":39819,"comment_status":"","ping_status":"","sticky":false,"template":"","format":"standard","meta":{"footnotes":""},"categories":[5],"tags":[23,28,29,32,33,22,152,30,31,35,39,38,36,37,34,40,20,26,27,24,25,21],"class_list":{"0":"post-39818","1":"post","2":"type-post","3":"status-publish","4":"format-standard","5":"has-post-thumbnail","7":"category-aktualitates","8":"tag-aktualitates","9":"tag-breaking-news","10":"tag-breakingnews","11":"tag-featured-news","12":"tag-featurednews","13":"tag-headlines","14":"tag-laika-prognoze","15":"tag-latest-news","16":"tag-latestnews","17":"tag-latvia","18":"tag-latvian","19":"tag-latviesu","20":"tag-latviesu-valoda","21":"tag-latviesuvaloda","22":"tag-latvija","23":"tag-lv","24":"tag-news","25":"tag-popularakas-zinas","26":"tag-popularakaszinas","27":"tag-top-stories","28":"tag-topstories","29":"tag-zinas"},"share_on_mastodon":{"url":"https:\/\/pubeurope.com\/@lv\/115491483419801511","error":""},"_links":{"self":[{"href":"https:\/\/www.europesays.com\/lv\/wp-json\/wp\/v2\/posts\/39818","targetHints":{"allow":["GET"]}}],"collection":[{"href":"https:\/\/www.europesays.com\/lv\/wp-json\/wp\/v2\/posts"}],"about":[{"href":"https:\/\/www.europesays.com\/lv\/wp-json\/wp\/v2\/types\/post"}],"author":[{"embeddable":true,"href":"https:\/\/www.europesays.com\/lv\/wp-json\/wp\/v2\/users\/2"}],"replies":[{"embeddable":true,"href":"https:\/\/www.europesays.com\/lv\/wp-json\/wp\/v2\/comments?post=39818"}],"version-history":[{"count":0,"href":"https:\/\/www.europesays.com\/lv\/wp-json\/wp\/v2\/posts\/39818\/revisions"}],"wp:featuredmedia":[{"embeddable":true,"href":"https:\/\/www.europesays.com\/lv\/wp-json\/wp\/v2\/media\/39819"}],"wp:attachment":[{"href":"https:\/\/www.europesays.com\/lv\/wp-json\/wp\/v2\/media?parent=39818"}],"wp:term":[{"taxonomy":"category","embeddable":true,"href":"https:\/\/www.europesays.com\/lv\/wp-json\/wp\/v2\/categories?post=39818"},{"taxonomy":"post_tag","embeddable":true,"href":"https:\/\/www.europesays.com\/lv\/wp-json\/wp\/v2\/tags?post=39818"}],"curies":[{"name":"wp","href":"https:\/\/api.w.org\/{rel}","templated":true}]}}