{"id":39826,"date":"2025-11-04T12:51:09","date_gmt":"2025-11-04T12:51:09","guid":{"rendered":"https:\/\/www.europesays.com\/lv\/39826\/"},"modified":"2025-11-04T12:51:09","modified_gmt":"2025-11-04T12:51:09","slug":"bus-jadzivo-dzemperos-palidziet-musu-energosistemai-krievi-savu-panakusi","status":"publish","type":"post","link":"https:\/\/www.europesays.com\/lv\/39826\/","title":{"rendered":"\u201cB\u016bs j\u0101dz\u012bvo d\u017eemperos! Pal\u012bdziet m\u016bsu energosist\u0113mai!\u201d Krievi savu pan\u0101ku\u0161i"},"content":{"rendered":"<p>    <img decoding=\"async\" src=\"https:\/\/www.europesays.com\/lv\/wp-content\/uploads\/2025\/11\/f92cab41-ac36-4c60-9ad4-0584f4475695-1024x683.jpg\" alt=\"&#10;\"\/><\/p>\n<p>Foto.  Scanpix\/LETA\/Roman PILIPEY \/ AFP\n<\/p>\n<p>\u201cUkrenergo\u201d priek\u0161s\u0113d\u0113t\u0101js Vit\u0101lijs Zai\u010denko mudin\u0101ja ukrai\u0146us neapsild\u012bt savas istabas l\u012bdz komfortablajai 20\u201322 \u00b0C temperat\u016brai, bet gan lab\u0101k uzvilkt papildu d\u017eemperi. <\/p>\n<p>        Las\u012bt\u0101kie<br \/>\n        <a data-imagesrc=\"{&quot;300&quot;:&quot;https:\\\/\\\/lastatic.ams3.cdn.digitaloceanspaces.com\\\/2024\\\/07\\\/fi_c0miksaq-300x200.jpg&quot;,&quot;1024&quot;:&quot;https:\\\/\\\/lastatic.ams3.cdn.digitaloceanspaces.com\\\/2024\\\/07\\\/fi_c0miksaq-1024x683.jpg&quot;,&quot;768&quot;:&quot;https:\\\/\\\/lastatic.ams3.cdn.digitaloceanspaces.com\\\/2024\\\/07\\\/fi_c0miksaq-768x512.jpg&quot;,&quot;1536&quot;:&quot;https:\\\/\\\/lastatic.ams3.cdn.digitaloceanspaces.com\\\/2024\\\/07\\\/fi_c0miksaq-1536x1024.jpg&quot;,&quot;2048&quot;:&quot;https:\\\/\\\/lastatic.ams3.cdn.digitaloceanspaces.com\\\/2024\\\/07\\\/fi_c0miksaq-2048x1365.jpg&quot;,&quot;200&quot;:&quot;https:\\\/\\\/lastatic.ams3.cdn.digitaloceanspaces.com\\\/2024\\\/07\\\/fi_c0miksaq-200x133.jpg&quot;,&quot;400&quot;:&quot;https:\\\/\\\/lastatic.ams3.cdn.digitaloceanspaces.com\\\/2024\\\/07\\\/fi_c0miksaq-400x267.jpg&quot;,&quot;500&quot;:&quot;https:\\\/\\\/lastatic.ams3.cdn.digitaloceanspaces.com\\\/2024\\\/07\\\/fi_c0miksaq-500x333.jpg&quot;,&quot;800&quot;:&quot;https:\\\/\\\/lastatic.ams3.cdn.digitaloceanspaces.com\\\/2024\\\/07\\\/fi_c0miksaq-800x533.jpg&quot;,&quot;1000&quot;:&quot;https:\\\/\\\/lastatic.ams3.cdn.digitaloceanspaces.com\\\/2024\\\/07\\\/fi_c0miksaq-1000x667.jpg&quot;,&quot;2560&quot;:&quot;https:\\\/\\\/lastatic.ams3.cdn.digitaloceanspaces.com\\\/2024\\\/07\\\/fi_c0miksaq-scaled.jpg&quot;}\" data-focuspoint=\"&quot;&quot;\" data-p=\"2460288\" href=\"https:\/\/www.la.lv\/tik-smagi-iegrabies-putins-nebija-25-gadus-tagad-galvenais-nepalaist-so-iespeju-garam\" class=\"content-item lazy-load\" wp_automatic_readability=\"26\" rel=\"nofollow noopener\" target=\"_blank\"><\/p>\n<p>                                <img decoding=\"async\" src=\"\" alt=\"\" style=\"\" data-imageid=\"\"\/><\/p>\n<p>                                            Tik smagi \u201ciegr\u0101bies\u201d Putins nebija 25 gadus: tagad galvenais nepalaist \u0161o iesp\u0113ju gar\u0101m\n                            <\/p>\n<p><\/a><a data-imagesrc=\"{&quot;300&quot;:&quot;https:\\\/\\\/lastatic.ams3.cdn.digitaloceanspaces.com\\\/2021\\\/11\\\/kakis6-300x199.jpg&quot;,&quot;1024&quot;:&quot;https:\\\/\\\/lastatic.ams3.cdn.digitaloceanspaces.com\\\/2021\\\/11\\\/kakis6-1024x680.jpg&quot;,&quot;768&quot;:&quot;https:\\\/\\\/lastatic.ams3.cdn.digitaloceanspaces.com\\\/2021\\\/11\\\/kakis6-768x510.jpg&quot;,&quot;200&quot;:&quot;https:\\\/\\\/lastatic.ams3.cdn.digitaloceanspaces.com\\\/2021\\\/11\\\/kakis6-200x133.jpg&quot;,&quot;400&quot;:&quot;https:\\\/\\\/lastatic.ams3.cdn.digitaloceanspaces.com\\\/2021\\\/11\\\/kakis6-400x265.jpg&quot;,&quot;500&quot;:&quot;https:\\\/\\\/lastatic.ams3.cdn.digitaloceanspaces.com\\\/2021\\\/11\\\/kakis6-500x332.jpg&quot;,&quot;800&quot;:&quot;https:\\\/\\\/lastatic.ams3.cdn.digitaloceanspaces.com\\\/2021\\\/11\\\/kakis6-800x531.jpg&quot;,&quot;1000&quot;:&quot;https:\\\/\\\/lastatic.ams3.cdn.digitaloceanspaces.com\\\/2021\\\/11\\\/kakis6-1000x664.jpg&quot;,&quot;1252&quot;:&quot;https:\\\/\\\/lastatic.ams3.cdn.digitaloceanspaces.com\\\/2021\\\/11\\\/kakis6.jpg&quot;}\" data-focuspoint=\"&quot;&quot;\" data-p=\"2459691\" href=\"https:\/\/www.la.lv\/berzesanas-gar-kajam-gulesana-virsu-astes-kustinasana-iemacies-saprast-ko-kakis-tev-sadi-saka\" class=\"content-item lazy-load\" wp_automatic_readability=\"28\" rel=\"nofollow noopener\" target=\"_blank\"><\/p>\n<p>                                <img decoding=\"async\" src=\"\" alt=\"\" style=\"\" data-imageid=\"\"\/><\/p>\n<p>                                M\u0101jas<\/p>\n<p>\n                                                Berz\u0113\u0161an\u0101s gar k\u0101j\u0101m, gul\u0113\u0161ana virs\u016b, astes kustin\u0101\u0161ana \u2013 iem\u0101cies saprast, ko ka\u0137is tev \u0161\u0101di \u201csaka\u201d\n                            <\/p>\n<p><\/a><a data-imagesrc=\"{&quot;300&quot;:&quot;https:\\\/\\\/lastatic.ams3.cdn.digitaloceanspaces.com\\\/2025\\\/03\\\/2025-03-06t214558z_188354382_rc2v7danu280_rtrmadp_3_usa-trump-tariffs-300x200.jpg&quot;,&quot;1024&quot;:&quot;https:\\\/\\\/lastatic.ams3.cdn.digitaloceanspaces.com\\\/2025\\\/03\\\/2025-03-06t214558z_188354382_rc2v7danu280_rtrmadp_3_usa-trump-tariffs-1024x683.jpg&quot;,&quot;768&quot;:&quot;https:\\\/\\\/lastatic.ams3.cdn.digitaloceanspaces.com\\\/2025\\\/03\\\/2025-03-06t214558z_188354382_rc2v7danu280_rtrmadp_3_usa-trump-tariffs-768x512.jpg&quot;,&quot;1536&quot;:&quot;https:\\\/\\\/lastatic.ams3.cdn.digitaloceanspaces.com\\\/2025\\\/03\\\/2025-03-06t214558z_188354382_rc2v7danu280_rtrmadp_3_usa-trump-tariffs-1536x1024.jpg&quot;,&quot;2048&quot;:&quot;https:\\\/\\\/lastatic.ams3.cdn.digitaloceanspaces.com\\\/2025\\\/03\\\/2025-03-06t214558z_188354382_rc2v7danu280_rtrmadp_3_usa-trump-tariffs-2048x1366.jpg&quot;,&quot;200&quot;:&quot;https:\\\/\\\/lastatic.ams3.cdn.digitaloceanspaces.com\\\/2025\\\/03\\\/2025-03-06t214558z_188354382_rc2v7danu280_rtrmadp_3_usa-trump-tariffs-200x133.jpg&quot;,&quot;400&quot;:&quot;https:\\\/\\\/lastatic.ams3.cdn.digitaloceanspaces.com\\\/2025\\\/03\\\/2025-03-06t214558z_188354382_rc2v7danu280_rtrmadp_3_usa-trump-tariffs-400x267.jpg&quot;,&quot;500&quot;:&quot;https:\\\/\\\/lastatic.ams3.cdn.digitaloceanspaces.com\\\/2025\\\/03\\\/2025-03-06t214558z_188354382_rc2v7danu280_rtrmadp_3_usa-trump-tariffs-500x333.jpg&quot;,&quot;800&quot;:&quot;https:\\\/\\\/lastatic.ams3.cdn.digitaloceanspaces.com\\\/2025\\\/03\\\/2025-03-06t214558z_188354382_rc2v7danu280_rtrmadp_3_usa-trump-tariffs-800x534.jpg&quot;,&quot;1000&quot;:&quot;https:\\\/\\\/lastatic.ams3.cdn.digitaloceanspaces.com\\\/2025\\\/03\\\/2025-03-06t214558z_188354382_rc2v7danu280_rtrmadp_3_usa-trump-tariffs-1000x667.jpg&quot;,&quot;2560&quot;:&quot;https:\\\/\\\/lastatic.ams3.cdn.digitaloceanspaces.com\\\/2025\\\/03\\\/2025-03-06t214558z_188354382_rc2v7danu280_rtrmadp_3_usa-trump-tariffs-scaled.jpg&quot;}\" data-focuspoint=\"&quot;&quot;\" data-p=\"2460393\" href=\"https:\/\/www.la.lv\/trampa-publiceta-fotografija-iedzen-vinu-sturi-cilveki-soreiz-ir-patiesi-nikni\" class=\"content-item lazy-load\" wp_automatic_readability=\"26\" rel=\"nofollow noopener\" target=\"_blank\"><\/p>\n<p>                                <img decoding=\"async\" src=\"\" alt=\"\" style=\"\" data-imageid=\"\"\/><\/p>\n<p>                                            Trampa public\u0113t\u0101 fotogr\u0101fija iedzen vi\u0146u st\u016br\u012b \u2013 cilv\u0113ki \u0161oreiz ir patiesi nikni\n                            <\/p>\n<p><\/a><br \/>\n        <a class=\"read-more\" href=\"https:\/\/www.la.lv\/top\" rel=\"nofollow noopener\" target=\"_blank\">Las\u012bt citas zi\u0146as<\/a><\/p>\n<p>\u201cM\u0101jsaimniec\u012bb\u0101m, kas pa\u0161laik ir liel\u0101kie elektroener\u0123ijas pat\u0113r\u0113t\u0101ji Ukrain\u0101, vispirms ir j\u0101maina savi paradumi. Mums nav j\u0101paaugstina temperat\u016bra telp\u0101s, iesp\u0113jams, l\u012bdz omul\u012bgajiem 20\u201322 gr\u0101diem, bet gan j\u0101uzvelk papildu d\u017eemperis un t\u0101d\u0113j\u0101di j\u0101pal\u012bdz m\u016bsu energosist\u0113mai tikt gal\u0101 ar izaicin\u0101jumiem, kuros m\u0113s str\u0101d\u0101jam,\u201d atz\u012bm\u0113ja Ukrenergo vad\u012bt\u0101js.<\/p>\n<p>Vi\u0146\u0161 skaidroja, ka oktobr\u012b, apkures tr\u016bkuma un v\u0113s\u0101 laika apst\u0101k\u013cos, \u201cliel\u0101k\u0101 da\u013ca m\u0101jsaimniec\u012bbu  p\u0101rg\u0101ja uz apkuri ar gaisa kondicionieriem un sild\u012bt\u0101jiem, k\u0101 rezult\u0101t\u0101 elektroener\u0123ijas pat\u0113ri\u0146\u0161 palielin\u0101j\u0101s valst\u012b par 25%. Tas ir diezgan svar\u012bgi m\u016bsu energosist\u0113mai \u012bpa\u0161i iev\u0113rojamo krievu  uzbrukumu periodos m\u016bsu ra\u017eo\u0161anai\u201d. <\/p>\n<p>    CITI \u0160OBR\u012aD LASA<\/p>\n<p>Zai\u010denko piebilda, ka apkures sezonas s\u0101kums dz\u012bvojamaj\u0101 sektor\u0101 uzlabos situ\u0101ciju. \u201cTom\u0113r, \u0146emot v\u0113r\u0101 turpm\u0101ko temperat\u016bras pazemin\u0101\u0161anos, b\u016btiska pat\u0113ri\u0146a samazin\u0101juma neb\u016bs,\u201d secin\u0101ja Ukrenergo vad\u012bt\u0101js.<\/p>\n<p>Krievija veikusi posto\u0161u triecienu Ukrainas ener\u0123\u0113tikas sektoram<\/p>\n<p>Krievijas armija veikusi jaunus triecienus pret Odesas apgabala ener\u0123\u0113tikas infrastrukt\u016bru, k\u0101 rezult\u0101t\u0101 ukrai\u0146i paliku\u0161i tur bez elektr\u012bbas, zi\u0146o valsts Ener\u0123\u0113tikas ministrija. \u201cBoj\u0101to energoinfrastrukt\u016bras objektu av\u0101rijas atjauno\u0161anas darbi turpin\u0101s,\u201d nor\u0101da ener\u0123\u0113tikas departaments.<\/p>\n<p>K\u0101 raksta vietne Unian, Ener\u0123\u0113tikas ministrija ar\u012b atg\u0101din\u0101ja, ka no plkst. 8.00 \u2013 11.00 un no plkst. 15.00 \u2013 22.00 <a href=\"https:\/\/www.la.lv\/krievija-veikusi-postosu-triecienu-ukrainas-energetikas-sektoram-stasies-speka-ipasi-grafiki\" rel=\"nofollow noopener\" target=\"_blank\">atsevi\u0161\u0137os Ukrainas re\u0123ionos tiks p\u0101rtraukta elektr\u012bbas padeve,<\/a> un r\u016bpniec\u012bbai vienlaikus ir j\u0101ierobe\u017eo elektroener\u0123ijas pat\u0113ri\u0146\u0161 l\u012bdz noteiktam l\u012bmenim, jo \u200b\u200bsp\u0113k\u0101 b\u016bs jaudas ierobe\u017eo\u0161anas grafiki.<\/p>\n<p>Nakt\u012b uz 4. novembri okup\u0101cijas sp\u0113ki masveid\u0101 uzbruka Izma\u012blas rajona ener\u0123\u0113tikas un ostas infrastrukt\u016brai. \u201cNeskatoties uz akt\u012bvo pretgaisa aizsardz\u012bbas darbu, kas izn\u012bcin\u0101ja liel\u0101ko da\u013cu ienaidnieka uzbrukumu, tom\u0113r ir tr\u0101p\u012bjumi ar\u012b civilajiem, ostas un ener\u0123\u0113tikas infrastrukt\u016bras objektiem, k\u0101 d\u0113\u013c ar\u012b izc\u0113l\u0101s ugunsgr\u0113ki,\u201d teikts zi\u0146ojum\u0101.<\/p>\n<p>Ienaidnieku uzbrukumu d\u0113\u013c ener\u0123\u0113tikas darbinieki ir spiesti str\u0101d\u0101t cauru diennakti, bet paral\u0113li tiek ieviesti pl\u0101noti p\u0101rtraukumi sist\u0113mas l\u012bdzsvaro\u0161anai.<\/p>\n<p>T\u0113mas<\/p>\n<p>    SAIST\u012aTIE RAKSTI<\/p>\n","protected":false},"excerpt":{"rendered":"Foto. Scanpix\/LETA\/Roman PILIPEY \/ AFP \u201cUkrenergo\u201d priek\u0161s\u0113d\u0113t\u0101js Vit\u0101lijs Zai\u010denko mudin\u0101ja ukrai\u0146us neapsild\u012bt savas istabas l\u012bdz komfortablajai 20\u201322 \u00b0C&hellip;\n","protected":false},"author":2,"featured_media":39827,"comment_status":"","ping_status":"","sticky":false,"template":"","format":"standard","meta":{"footnotes":""},"categories":[14],"tags":[23,57,28,29,32,33,22,30,31,35,39,38,36,37,34,40,20,26,27,24,25,54,55,56,21,58],"class_list":{"0":"post-39826","1":"post","2":"type-post","3":"status-publish","4":"format-standard","5":"has-post-thumbnail","7":"category-zinas-no-arvalstim","8":"tag-aktualitates","9":"tag-arvalstim","10":"tag-breaking-news","11":"tag-breakingnews","12":"tag-featured-news","13":"tag-featurednews","14":"tag-headlines","15":"tag-latest-news","16":"tag-latestnews","17":"tag-latvia","18":"tag-latvian","19":"tag-latviesu","20":"tag-latviesu-valoda","21":"tag-latviesuvaloda","22":"tag-latvija","23":"tag-lv","24":"tag-news","25":"tag-popularakas-zinas","26":"tag-popularakaszinas","27":"tag-top-stories","28":"tag-topstories","29":"tag-world","30":"tag-world-news","31":"tag-worldnews","32":"tag-zinas","33":"tag-zinas-no-arvalstim"},"share_on_mastodon":{"url":"https:\/\/pubeurope.com\/@lv\/115491522715532841","error":""},"_links":{"self":[{"href":"https:\/\/www.europesays.com\/lv\/wp-json\/wp\/v2\/posts\/39826","targetHints":{"allow":["GET"]}}],"collection":[{"href":"https:\/\/www.europesays.com\/lv\/wp-json\/wp\/v2\/posts"}],"about":[{"href":"https:\/\/www.europesays.com\/lv\/wp-json\/wp\/v2\/types\/post"}],"author":[{"embeddable":true,"href":"https:\/\/www.europesays.com\/lv\/wp-json\/wp\/v2\/users\/2"}],"replies":[{"embeddable":true,"href":"https:\/\/www.europesays.com\/lv\/wp-json\/wp\/v2\/comments?post=39826"}],"version-history":[{"count":0,"href":"https:\/\/www.europesays.com\/lv\/wp-json\/wp\/v2\/posts\/39826\/revisions"}],"wp:featuredmedia":[{"embeddable":true,"href":"https:\/\/www.europesays.com\/lv\/wp-json\/wp\/v2\/media\/39827"}],"wp:attachment":[{"href":"https:\/\/www.europesays.com\/lv\/wp-json\/wp\/v2\/media?parent=39826"}],"wp:term":[{"taxonomy":"category","embeddable":true,"href":"https:\/\/www.europesays.com\/lv\/wp-json\/wp\/v2\/categories?post=39826"},{"taxonomy":"post_tag","embeddable":true,"href":"https:\/\/www.europesays.com\/lv\/wp-json\/wp\/v2\/tags?post=39826"}],"curies":[{"name":"wp","href":"https:\/\/api.w.org\/{rel}","templated":true}]}}