{"id":39830,"date":"2025-11-04T12:59:22","date_gmt":"2025-11-04T12:59:22","guid":{"rendered":"https:\/\/www.europesays.com\/lv\/39830\/"},"modified":"2025-11-04T12:59:22","modified_gmt":"2025-11-04T12:59:22","slug":"masalskis-par-smita-izredzem-olimpiskajas-speles-vinam-ir-jabrauc-hokejs-sportacentrs-com","status":"publish","type":"post","link":"https:\/\/www.europesays.com\/lv\/39830\/","title":{"rendered":"Masa\u013cskis par \u0160mita izredz\u0113m olimpiskaj\u0101s sp\u0113l\u0113s: &quot;Vi\u0146am ir j\u0101brauc&quot; \u2013 Hokejs &#8211; Sportacentrs.com"},"content":{"rendered":"<ol>\n<li><a href=\"https:\/\/news.google.com\/rss\/articles\/CBMioAFBVV95cUxOOTlUZFpraHd4dks0V0lCZEJjLVRVSHZaUHMyV0IzV1hPNUtnZzZCRFNTNW5oUjZPTVRnakFjdjNMZmFVWEtHRjYtSDkxeTZyeVVtcWtseGVNNlRsdzEyMW9SdncxcGtGU2MzTzgzVmNQX1pwUEFMNXFnTU5ndXRiQU5OUlU5ZzFBR0JManROQk1ETWpnSTBicE55eGtCU0F6?oc=5\" target=\"_blank\" rel=\"nofollow noopener\">Masa\u013cskis par \u0160mita izredz\u0113m olimpiskaj\u0101s sp\u0113l\u0113s: &#8220;Vi\u0146am ir j\u0101brauc&#8221; \u2013 Hokejs<\/a>&nbsp;&nbsp;Sportacentrs.com<\/li>\n<li><a href=\"https:\/\/news.google.com\/rss\/articles\/CBMioAFBVV95cUxQNzVDV25OZGw4OG9yUW5neUFjLTVPeDVMQnhTdEl4cC1rWjBzVU5tYzR5b2YzWFRGeGF0c0h5V1FlMDB0NUJMZmpmdFJWTWRpeUNyNnJva1ZsSDBpaHpGZ1BobjY3Zm1ZbzVGYkdoQkJjLUhVXzhaSmhrczk3UFUxREVzTnRXOThGVnFUNVZkWDRwbTR2Zm95Tmg1LUQ3c2xz?oc=5\" target=\"_blank\" rel=\"nofollow noopener\">&#8220;Nemekl\u0113ja vienk\u0101r\u0161\u0101kos variantus, un tas priec\u0113.&#8221; \u0160mita pirmais treni\u0146\u0161 Latvijas izlas\u0113 \u2013 Hokejs<\/a>&nbsp;&nbsp;Sportacentrs.com<\/li>\n<li><a href=\"https:\/\/news.google.com\/rss\/articles\/CBMimgFBVV95cUxNcm5XMlRDS2MxRzNXa3ViVUE3dExKX3VNdlhJLXVMc2taTVJ6R0tQOGhXeGRrYl9GS0FQbzRKMTREZmpwYkZDRjRoZmVIY0JVaUJfTVpTU1c0SDFOdTdzbzh3WHNiUHRrV3dtaE1oUDg0OXNTQ2FYX0stNE8yQ0traVlITzZYNmpNekRYNUhYWm8zTXFtSll0cS13?oc=5\" target=\"_blank\" rel=\"nofollow noopener\">Latvijas hokeja izlase prezent\u0113 jaunos valstsvien\u012bbas sp\u0113\u013cu kreklus<\/a>&nbsp;&nbsp;Latvijas Hokeja Feder\u0101cija<\/li>\n<li><a href=\"https:\/\/news.google.com\/rss\/articles\/CBMi2gFBVV95cUxOTmp5alUzS0lFcWZLTHU0Tkl4N25EM2pCZU42Um8zYkl4TWZqOFlRS0U4UzVyRkNYc0I0YjFLemhMOXRqUnJtVmJLbkdBVWNFRUdHRFlHLXFLVngyaEo2OVl2V3Vmc1BVdVltQ19BVlRQakFDc2xUaGYyVzJmTl84Wm5iMFg2SW5YVzhsRFdBYVNsaVBESE5FaURYd3AyYmJtVHNialdaQUFzQmNnRkw5eTFPMUNBcFRYN0VNNU1pSGFTQXdHRkp1b09MYmJka0ZlMlJ6cnZWWmtXdw?oc=5\" target=\"_blank\" rel=\"nofollow noopener\">Masa\u013cskis par izlases sast\u0101vu V\u0101cij\u0101: Nesaprotu, k\u0101p\u0113c nav Komuls, kuru var\u0113ja \u0146emt t\u0101pat k\u0101 Bukartus un Bunci<\/a>&nbsp;&nbsp;Sportazinas.com<\/li>\n<li><a href=\"https:\/\/news.google.com\/rss\/articles\/CBMiwwFBVV95cUxNWllXd1ZXaFdyNm92ZENQTjV6Yll0enl3M2phT1g0NEMtWklrZnE4LXhmRTlxRjNVOTdZblllNTh1bVVfcDExN3B5MTZwN0RqVXpaMElQWlg5UW1jYkFHbmc0U2luT2F6UzRDUG1abGhXa29aQjRxb3lwdEJVNXRuWVhOM0paUUFSQkRBZkpSMUJWaEtCNE94Ti02Z0dtb2NqVElnTjI3VDF4YzJOZ1JNM2pubmtxcXRIZFRRcUcxci1WY3c?oc=5\" target=\"_blank\" rel=\"nofollow noopener\">Latvijas izlases sast\u0101v\u0101 dal\u012bbai &#8220;V\u0101cijas kaus\u0101&#8221; iek\u013cauts OHL rezultat\u012bv\u0101kais sp\u0113l\u0113t\u0101js Ozoli\u0146\u0161<\/a>&nbsp;&nbsp;TVNET Sports<\/li>\n<\/ol>\n","protected":false},"excerpt":{"rendered":"Masa\u013cskis par \u0160mita izredz\u0113m olimpiskaj\u0101s sp\u0113l\u0113s: &#8220;Vi\u0146am ir j\u0101brauc&#8221; \u2013 Hokejs&nbsp;&nbsp;Sportacentrs.com &#8220;Nemekl\u0113ja vienk\u0101r\u0161\u0101kos variantus, un tas priec\u0113.&#8221; \u0160mita&hellip;\n","protected":false},"author":2,"featured_media":36505,"comment_status":"","ping_status":"","sticky":false,"template":"","format":"standard","meta":{"footnotes":""},"categories":[5],"tags":[23,28,29,32,33,22,394,30,31,35,39,38,36,37,34,40,20,26,27,24,25,21],"class_list":{"0":"post-39830","1":"post","2":"type-post","3":"status-publish","4":"format-standard","5":"has-post-thumbnail","7":"category-aktualitates","8":"tag-aktualitates","9":"tag-breaking-news","10":"tag-breakingnews","11":"tag-featured-news","12":"tag-featurednews","13":"tag-headlines","14":"tag-hokejs","15":"tag-latest-news","16":"tag-latestnews","17":"tag-latvia","18":"tag-latvian","19":"tag-latviesu","20":"tag-latviesu-valoda","21":"tag-latviesuvaloda","22":"tag-latvija","23":"tag-lv","24":"tag-news","25":"tag-popularakas-zinas","26":"tag-popularakaszinas","27":"tag-top-stories","28":"tag-topstories","29":"tag-zinas"},"share_on_mastodon":{"url":"https:\/\/pubeurope.com\/@lv\/115491554134239245","error":""},"_links":{"self":[{"href":"https:\/\/www.europesays.com\/lv\/wp-json\/wp\/v2\/posts\/39830","targetHints":{"allow":["GET"]}}],"collection":[{"href":"https:\/\/www.europesays.com\/lv\/wp-json\/wp\/v2\/posts"}],"about":[{"href":"https:\/\/www.europesays.com\/lv\/wp-json\/wp\/v2\/types\/post"}],"author":[{"embeddable":true,"href":"https:\/\/www.europesays.com\/lv\/wp-json\/wp\/v2\/users\/2"}],"replies":[{"embeddable":true,"href":"https:\/\/www.europesays.com\/lv\/wp-json\/wp\/v2\/comments?post=39830"}],"version-history":[{"count":0,"href":"https:\/\/www.europesays.com\/lv\/wp-json\/wp\/v2\/posts\/39830\/revisions"}],"wp:featuredmedia":[{"embeddable":true,"href":"https:\/\/www.europesays.com\/lv\/wp-json\/wp\/v2\/media\/36505"}],"wp:attachment":[{"href":"https:\/\/www.europesays.com\/lv\/wp-json\/wp\/v2\/media?parent=39830"}],"wp:term":[{"taxonomy":"category","embeddable":true,"href":"https:\/\/www.europesays.com\/lv\/wp-json\/wp\/v2\/categories?post=39830"},{"taxonomy":"post_tag","embeddable":true,"href":"https:\/\/www.europesays.com\/lv\/wp-json\/wp\/v2\/tags?post=39830"}],"curies":[{"name":"wp","href":"https:\/\/api.w.org\/{rel}","templated":true}]}}