{"id":39831,"date":"2025-11-04T13:01:10","date_gmt":"2025-11-04T13:01:10","guid":{"rendered":"https:\/\/www.europesays.com\/lv\/39831\/"},"modified":"2025-11-04T13:01:10","modified_gmt":"2025-11-04T13:01:10","slug":"cipulis-merkis-ir-ambiciozs-uz-olimpiskajam-spelem-aizvest-tris-vienibas","status":"publish","type":"post","link":"https:\/\/www.europesays.com\/lv\/39831\/","title":{"rendered":"Cipulis: M\u0113r\u0137is ir ambiciozs &#8211; uz olimpiskaj\u0101m sp\u0113l\u0113m aizvest tr\u012bs vien\u012bbas"},"content":{"rendered":"<p>Tikm\u0113r treneru korpus\u0101 str\u0101d\u0101jo\u0161ais Edgars Maskal\u0101ns atkl\u0101ja, ka v\u012brie\u0161u komanda uz Kort\u012bnu dosies ar tr\u012bs divnieku un tr\u012bs \u010detrinieku kaman\u0101m. &#8220;\u010cetriniekos divas no t\u0101m b\u016bs &#8220;Wallner&#8221; kamanas un viena &#8211; BTC, savuk\u0101rt divniekos dosimies ar diviem BTC un vienu &#8220;Wallner&#8221; bobu. T\u0101pat uz vietas p\u0101rbaud\u012bsim se\u0161us slie\u010du komplektus. Test\u0113sim, m\u0113\u0123in\u0101sim atrast tos lab\u0101kos komplektus, kas mums atnes\u012bs vislab\u0101kos rezult\u0101tus,&#8221; uzsv\u0113ra Maskal\u0101ns.<\/p>\n<p>Skeletona komandas treneris Ivo \u0160teinbergs st\u0101st\u012bja, ka Kort\u012bn\u0101 var\u0113s izdar\u012bt pirmos secin\u0101jumus, cik labi sezonai ir sagatvoju\u0161ies sportisti.<\/p>\n<p>&#8220;Sezona b\u016bs sportistiem neierasti gara, kas noz\u012bm\u0113 liel\u0101ku slodzi. Viss ir pak\u0101rtots, lai izc\u012bn\u012btu p\u0113c iesp\u0113jas vair\u0101k kvotu dal\u012bbai olimpiskaj\u0101s sp\u0113l\u0113s. 100% varu teikt, ka b\u016bs pa vienam p\u0101rst\u0101vim v\u012brie\u0161u un sievie\u0161u konkurenc\u0113, bet cent\u012bsimies ieg\u016bt v\u0113l p\u0101ris kvotas. 16 sportistu komand\u0101 vec\u0101kajam dal\u012bbniekam ir 20 gadi, l\u012bdz ar to jaunajai komandai b\u016bs k\u0101rt\u012bgas ugunskrist\u012bbas,&#8221; st\u0101st\u012bja \u0160teinbergs.<\/p>\n<p>Starpsezon\u0101 bobsleja komanda ieguvusi jaunu treneru sast\u0101vu &#8211; par valstsvien\u012bbas galveno treneri k\u013cuva biju\u0161ais pilots Em\u012bls Cipulis. Par trases treneri un atbild\u012bgo par tehniku k\u013cuvis Edgars Maskal\u0101ns, bet par fizisko sagatavot\u012bbu r\u016bp\u0113sies speci\u0101lists no V\u0101cijas &#8211; \u0112riks Franke.<\/p>\n<p>P\u0113c vienas sezonas p\u0101rtraukuma Latvijas bobsleja komanda Pasaules kausa izc\u012b\u0146\u0101 atgriez\u012bsies ar div\u0101m ekip\u0101\u017e\u0101m. Kop\u0101 ar pilotiem J\u0113kabu Kalendu un Ren\u0101ru Granti\u0146u sezonu s\u0101ks asto\u0146i st\u016bm\u0113ji, piedaloties visos Pasaules kausa posmos, bet pilote Am\u0113lija Kot\u0101ne c\u012b\u0146u par olimpisko ce\u013caz\u012bmi s\u0101ks Zieme\u013camerikas kaus\u0101.<\/p>\n<p>Savuk\u0101rt Pasaules kausa izc\u012b\u0146\u0101 skeleton\u0101 var\u0113tu start\u0113t pat \u010detri Latvijas sportisti &#8211; divi v\u012brie\u0161i un divas sievietes.<\/p>\n<p>Olimpisk\u0101 sezona s\u0101ksies p\u0113c nepiln\u0101m trim ned\u0113\u013c\u0101m &#8211; 21. novembr\u012b, kad Pasaules kausa pirmais posms notiks jaunuzceltaj\u0101 Kort\u012bnas tras\u0113 It\u0101lij\u0101, kur febru\u0101r\u012b risin\u0101sies ar\u012b olimpisk\u0101s sp\u0113les. \u0160osezon paredz\u0113ti septi\u0146i Pasaules kausa posmi, no kuriem ceturt\u0101 posma sacens\u012bbas gada nogal\u0113 norisin\u0101sies Siguldas tras\u0113.<\/p>\n","protected":false},"excerpt":{"rendered":"Tikm\u0113r treneru korpus\u0101 str\u0101d\u0101jo\u0161ais Edgars Maskal\u0101ns atkl\u0101ja, ka v\u012brie\u0161u komanda uz Kort\u012bnu dosies ar tr\u012bs divnieku un tr\u012bs&hellip;\n","protected":false},"author":2,"featured_media":39832,"comment_status":"","ping_status":"","sticky":false,"template":"","format":"standard","meta":{"footnotes":""},"categories":[17],"tags":[11557,2158,11560,11562,11559,11555,11558,35,39,38,36,37,34,40,1500,11556,67,11561],"class_list":{"0":"post-39831","1":"post","2":"type-post","3":"status-publish","4":"format-standard","5":"has-post-thumbnail","7":"category-sports","8":"tag-amelija-kotane","9":"tag-bobslejs","10":"tag-edgars-maskalans","11":"tag-emils-cipulis","12":"tag-ivo-steinbergs","13":"tag-jekabs-kalenda","14":"tag-justine-berzina","15":"tag-latvia","16":"tag-latvian","17":"tag-latviesu","18":"tag-latviesu-valoda","19":"tag-latviesuvaloda","20":"tag-latvija","21":"tag-lv","22":"tag-olimpiskas-speles","23":"tag-renars-grantins","24":"tag-sports","25":"tag-zane-freimane"},"share_on_mastodon":{"url":"https:\/\/pubeurope.com\/@lv\/115491562051786098","error":""},"_links":{"self":[{"href":"https:\/\/www.europesays.com\/lv\/wp-json\/wp\/v2\/posts\/39831","targetHints":{"allow":["GET"]}}],"collection":[{"href":"https:\/\/www.europesays.com\/lv\/wp-json\/wp\/v2\/posts"}],"about":[{"href":"https:\/\/www.europesays.com\/lv\/wp-json\/wp\/v2\/types\/post"}],"author":[{"embeddable":true,"href":"https:\/\/www.europesays.com\/lv\/wp-json\/wp\/v2\/users\/2"}],"replies":[{"embeddable":true,"href":"https:\/\/www.europesays.com\/lv\/wp-json\/wp\/v2\/comments?post=39831"}],"version-history":[{"count":0,"href":"https:\/\/www.europesays.com\/lv\/wp-json\/wp\/v2\/posts\/39831\/revisions"}],"wp:featuredmedia":[{"embeddable":true,"href":"https:\/\/www.europesays.com\/lv\/wp-json\/wp\/v2\/media\/39832"}],"wp:attachment":[{"href":"https:\/\/www.europesays.com\/lv\/wp-json\/wp\/v2\/media?parent=39831"}],"wp:term":[{"taxonomy":"category","embeddable":true,"href":"https:\/\/www.europesays.com\/lv\/wp-json\/wp\/v2\/categories?post=39831"},{"taxonomy":"post_tag","embeddable":true,"href":"https:\/\/www.europesays.com\/lv\/wp-json\/wp\/v2\/tags?post=39831"}],"curies":[{"name":"wp","href":"https:\/\/api.w.org\/{rel}","templated":true}]}}