{"id":39851,"date":"2025-11-04T13:22:08","date_gmt":"2025-11-04T13:22:08","guid":{"rendered":"https:\/\/www.europesays.com\/lv\/39851\/"},"modified":"2025-11-04T13:22:08","modified_gmt":"2025-11-04T13:22:08","slug":"alvis-hermanis-stambulas-konvencija-politiska-spele","status":"publish","type":"post","link":"https:\/\/www.europesays.com\/lv\/39851\/","title":{"rendered":"Alvis Hermanis: Stambulas konvencija \u2013 politiska sp\u0113le?"},"content":{"rendered":"<p class=\"descr\">Stambulas konvencijas jaut\u0101jums tiek vi\u013c\u0101ts k\u0101 karsts kartupelis. Villojas politi\u0137i, ka\u0161\u0137\u0113jas sabiedr\u012bba. Par Stambulas konvenciju soct\u012bklos izteicies ar\u012b Jaun\u0101 R\u012bgas te\u0101tra m\u0101kslinieciskais vad\u012bt\u0101js, re\u017eisors Alvis Hermanis.<\/p>\n<p>&#8220;<a href=\"https:\/\/nra.lv\/birka\/stambulas-konvencija\/\" target=\"_blank\" rel=\"noopener nofollow\">Stambulas konvencija<\/a> ir partiju un patreiz\u0113j\u0101 prezidenta varas manipul\u0101ciju sp\u0113l\u012bte. \u0160is punkts ar\u012b b\u016bs vien\u012bgais, ar ko vi\u0146u izdar\u012btais \u0161ais 4 gados paliks v\u0113stur\u0113, citus neredzu. Nu, varb\u016bt v\u0113l tos &#8220;Rail Baltica&#8221; p\u0101\u013cus Daugav\u0101 un pie lidostas. M\u0113s, \u201cBez partij\u0101m\u201d, tai sp\u0113l\u012bt\u0113 nepiedal\u012bsimies. Ar vardarb\u012bbu pret sieviet\u0113m tur sen jau nav nek\u0101da sakara. K\u0101 3 meitu t\u0113vs, jums saku. Ja m\u0113s JRT, piem\u0113ram, s\u0101ktu str\u012bd\u0113ties par da\u017e\u0101du aktieru ideolo\u0123iskiem uzskatiem, kuri, starp citu, ir \u013coti \u013coti da\u017e\u0101di, tad n\u0101kamaj\u0101 dien\u0101 JRT beigtu past\u0101v\u0113t. Bet t\u0101 m\u0113s sadz\u012bvojam veiksm\u012bgi un kop\u0101 dar\u0101m lielas lietas jau cik tur gadus. Tas pats ar SK. Katrs indiv\u012bds lai balso p\u0113c savas priv\u0101t\u0101s sapra\u0161anas (bez partiju un prezidenta intrig\u0101m), matem\u0101tiski to saskait\u0101m un miers, veram ciet \u0161o t\u0113mu, un dar\u0101m kaut ko j\u0113dz\u012bgu beidzot,&#8221; raksta <a href=\"https:\/\/nra.lv\/birka\/alvis-hermanis\/\" target=\"_blank\" rel=\"noopener nofollow\">A. Hermanis. <\/a><\/p>\n<blockquote class=\"twitter-tweet\">\n<p lang=\"lv\" dir=\"ltr\">SK ir partiju un patreiz\u0113j\u0101 prezidenta varas manipul\u0101ciju sp\u0113l\u012bte. \u0160is punkts ar\u012b b\u016bs vien\u012bgais, ar ko vi\u0146u izdar\u012btais \u0161ais 4 gados paliks v\u0113stur\u0113, citus neredzu. Nu, varb\u016bt v\u0113l tos railbaltic p\u0101\u013cus Daugav\u0101 un pie lidostas. M\u0113s, \u201cBez partij\u0101m\u201d, tai sp\u0113l\u012bt\u0113 nepiedal\u012bsimies. Ar\u2026<\/p>\n<p>\u2014 Alvis Hermanis (@AlvisHermanis1) <a href=\"https:\/\/twitter.com\/AlvisHermanis1\/status\/1985635068035891462?ref_src=twsrc%5Etfw\" rel=\"nofollow noopener\" target=\"_blank\">November 4, 2025<\/a><\/p><\/blockquote>\n<p>\t\t\t\t\t\t\t\t\t\t\t\t\t\t\t\t\t\t\t<script async src=\"https:\/\/platform.twitter.com\/widgets.js\" charset=\"utf-8\"><\/script><\/p>\n","protected":false},"excerpt":{"rendered":"Stambulas konvencijas jaut\u0101jums tiek vi\u013c\u0101ts k\u0101 karsts kartupelis. Villojas politi\u0137i, ka\u0161\u0137\u0113jas sabiedr\u012bba. Par Stambulas konvenciju soct\u012bklos izteicies ar\u012b&hellip;\n","protected":false},"author":2,"featured_media":39852,"comment_status":"","ping_status":"","sticky":false,"template":"","format":"standard","meta":{"footnotes":""},"categories":[12],"tags":[23,28,29,32,33,22,30,31,35,39,38,36,37,34,40,20,26,27,24,25,21],"class_list":{"0":"post-39851","1":"post","2":"type-post","3":"status-publish","4":"format-standard","5":"has-post-thumbnail","7":"category-latvija","8":"tag-aktualitates","9":"tag-breaking-news","10":"tag-breakingnews","11":"tag-featured-news","12":"tag-featurednews","13":"tag-headlines","14":"tag-latest-news","15":"tag-latestnews","16":"tag-latvia","17":"tag-latvian","18":"tag-latviesu","19":"tag-latviesu-valoda","20":"tag-latviesuvaloda","21":"tag-latvija","22":"tag-lv","23":"tag-news","24":"tag-popularakas-zinas","25":"tag-popularakaszinas","26":"tag-top-stories","27":"tag-topstories","28":"tag-zinas"},"share_on_mastodon":{"url":"https:\/\/pubeurope.com\/@lv\/115491644757775224","error":""},"_links":{"self":[{"href":"https:\/\/www.europesays.com\/lv\/wp-json\/wp\/v2\/posts\/39851","targetHints":{"allow":["GET"]}}],"collection":[{"href":"https:\/\/www.europesays.com\/lv\/wp-json\/wp\/v2\/posts"}],"about":[{"href":"https:\/\/www.europesays.com\/lv\/wp-json\/wp\/v2\/types\/post"}],"author":[{"embeddable":true,"href":"https:\/\/www.europesays.com\/lv\/wp-json\/wp\/v2\/users\/2"}],"replies":[{"embeddable":true,"href":"https:\/\/www.europesays.com\/lv\/wp-json\/wp\/v2\/comments?post=39851"}],"version-history":[{"count":0,"href":"https:\/\/www.europesays.com\/lv\/wp-json\/wp\/v2\/posts\/39851\/revisions"}],"wp:featuredmedia":[{"embeddable":true,"href":"https:\/\/www.europesays.com\/lv\/wp-json\/wp\/v2\/media\/39852"}],"wp:attachment":[{"href":"https:\/\/www.europesays.com\/lv\/wp-json\/wp\/v2\/media?parent=39851"}],"wp:term":[{"taxonomy":"category","embeddable":true,"href":"https:\/\/www.europesays.com\/lv\/wp-json\/wp\/v2\/categories?post=39851"},{"taxonomy":"post_tag","embeddable":true,"href":"https:\/\/www.europesays.com\/lv\/wp-json\/wp\/v2\/tags?post=39851"}],"curies":[{"name":"wp","href":"https:\/\/api.w.org\/{rel}","templated":true}]}}