{"id":39859,"date":"2025-11-04T13:28:10","date_gmt":"2025-11-04T13:28:10","guid":{"rendered":"https:\/\/www.europesays.com\/lv\/39859\/"},"modified":"2025-11-04T13:28:10","modified_gmt":"2025-11-04T13:28:10","slug":"komisija-neatbalsta-siksni-seplp-locekla-amata-galavards-saeimai-plkst-13-29","status":"publish","type":"post","link":"https:\/\/www.europesays.com\/lv\/39859\/","title":{"rendered":"Komisija neatbalsta Siksni SEPLP locek\u013ca amat\u0101; galav\u0101rds \u2013 Saeimai (plkst. 13.29)"},"content":{"rendered":"<p><a rel=\"noopener nofollow\" target=\"_blank\" href=\"https:\/\/www.delfi.lv\/temas\/38952207\/saeima\" tag-id=\"38952207\">Saeimas<\/a> Cilv\u0113kties\u012bbu un sabiedrisko lietu komisija otrdien, 4. novembr\u012b, neatbalst\u012bja konkurs\u0101 izraudz\u012bt\u0101 J\u0101\u0146a Sik\u0161\u0146a apstiprin\u0101\u0161anu Sabiedrisko elektronisko pla\u0161sazi\u0146as l\u012bdzek\u013cu padomes (<a rel=\"noopener nofollow\" target=\"_blank\" href=\"https:\/\/www.delfi.lv\/temas\/56424609\/seplp-1\" tag-id=\"56424609\">SEPLP<\/a>) locek\u013ca amat\u0101. Gala l\u0113mumu \u0161\u0101 gada 13. novembr\u012b teiks Saeima.<\/p>\n<p class=\"western\">Komisija otrdien skat\u012bja l\u0113muma projektu par Sik\u0161\u0146a apstiprin\u0101\u0161anu par SEPLP locekli.<\/p>\n<p class=\"western\">Bez debat\u0113m komisijas vair\u0101kums vi\u0146a kandidat\u016bru noraid\u012bja. Za\u013co un zemnieku savien\u012bbas frakcijas deput\u0101ti <a rel=\"noopener nofollow\" target=\"_blank\" href=\"https:\/\/www.delfi.lv\/temas\/40409827\/augusts-brigmanis\" tag-id=\"40409827\">Augusts Brigmanis<\/a> un Didzis Zemmers balsojum\u0101 attur\u0113j\u0101s.<\/p>\n<p class=\"western\">Ja Saeima n\u0101kamned\u0113\u013c noraid\u012bs jau otro Nevalstisko organiz\u0101ciju (NVO) un Ministru kabineta (MK) sadarb\u012bbas memoranda padomes virz\u012bto Sabiedrisko elektronisko pla\u0161sazi\u0146as l\u012bdzek\u013cu padomes (SEPLP) locek\u013ca amata kandid\u0101tu, tas b\u016bs uzskat\u0101ms par b\u012bstamu sign\u0101lu, ka, iesp\u0113jams, notiek m\u0113\u0123in\u0101jums ierobe\u017eot Latvijas sabiedrisk\u0101 medija neatkar\u012bbu, \u0161\u0101du viedokli a\u0123ent\u016brai LETA pauda J\u0101nis Siksnis, kura kandidat\u016bru padomes locek\u013ca amatam s\u0113d\u0113 otrdien neatbalst\u012bja Saeimas Cilv\u0113kties\u012bbu un sabiedrisko lietu komisija.<\/p>\n<p>Siksnis atzina, ka bija cer\u0113jis uz komisijas deput\u0101tu atbalstu, lemjot par vi\u0146a kandidat\u016bru. Vienlaikus Siksnis joproj\u0101m cer uz pozit\u012bvu Saeimas balsojumu savai kandidat\u016brai 13. novembr\u012b.<\/p>\n<p>&#8220;Jo pret\u0113j\u0101 gad\u012bjum\u0101, ja deput\u0101ti noraid\u012bs SEPLP locek\u013ca kandid\u0101tu, kur\u0161 ir uzvar\u0113jis atkl\u0101t\u0101 konkurs\u0101 un kuru virza da\u017e\u0101du sabiedr\u012bbas grupu p\u0101rst\u0101vji, tas b\u016bs uzskat\u0101ms par b\u012bstamu sign\u0101lu, ka, iesp\u0113jams, notiek m\u0113\u0123in\u0101jums ierobe\u017eot Latvijas sabiedrisk\u0101 medija neatkar\u012bbu,&#8221; uzsv\u0113ra Siksnis.<\/p>\n<p>Vi\u0146\u0161 ir gatavs l\u012bdz 13. novembrim tikties ar Saeimas frakcij\u0101m, lai, ja nepiecie\u0161ams, atbild\u0113tu uz deput\u0101tu jaut\u0101jumiem par vi\u0146a pied\u0101v\u0101jumu SEPLP darb\u0101.<\/p>\n<p class=\"western\">SEPLP sast\u0101v\u0101 ir tr\u012bs locek\u013ci. Vienu izvirza Saeima, vienu \u2013 Valsts prezidents, bet sabiedr\u012bbas p\u0101rst\u0101vi izvirza Nevalstisko organiz\u0101ciju un Ministru kabineta sadarb\u012bbas memoranda \u012bsteno\u0161anas padome (Memoranda padome).<\/p>\n<p class=\"western\">Patlaban SEPLP darbojas divas locekles \u2013 Valsts prezidenta Edgara Rink\u0113vi\u010da virz\u012bt\u0101 <a rel=\"noopener nofollow\" target=\"_blank\" href=\"https:\/\/www.delfi.lv\/temas\/55378586\/sanita-upleja-jegermane\" tag-id=\"55378586\">Sanita Upleja-Jegermane<\/a> un Saeimas virz\u012bt\u0101 \u2013 bijus\u012b <a rel=\"noopener nofollow\" target=\"_blank\" href=\"https:\/\/www.delfi.lv\/temas\/40409933\/latvijas-radio\" tag-id=\"40409933\">Latvijas Radio<\/a> vad\u012bt\u0101ja <a rel=\"noopener nofollow\" target=\"_blank\" href=\"https:\/\/www.delfi.lv\/temas\/49644003\/una-klapkalne\" tag-id=\"49644003\">Una Klapkalne<\/a>. Iepriek\u0161 Memoranda padome p\u0113c konkursa apstiprin\u0101\u0161anai Saeim\u0101 virz\u012bja biju\u0161o Latvijas Telev\u012bzijas vad\u012bt\u0101ju Ivaru Belti, neskatoties uz to, ka konkurs\u0101 uzvar\u0113ja iepriek\u0161\u0113jais SEPLP vad\u012bt\u0101js Siksnis. Saeima Beltes kandidat\u016bru noraid\u012bja.<\/p>\n<p>Lasiet ar\u012b<\/p>\n<p><a href=\"https:\/\/www.delfi.lv\/193\/politics\/120077319\/siksnis-vai-jauns-konkurss-pec-beltes-izgasanas-saglabajas-neskaidriba-par-treso-seplp-locekli\" class=\"headline__image-link\" itemprop=\"url\" rel=\"nofollow noopener\" target=\"_blank\"><img decoding=\"async\" loading=\"lazy\" itemprop=\"image\" src=\"https:\/\/www.europesays.com\/lv\/wp-content\/uploads\/2025\/09\/3b2ef19d-baf8-4263-b5f5-0f3c02dcae8d.jpg\" alt=\"Siksnis vai jauns konkurss? P\u0113c Beltes izg\u0101\u0161anas saglab\u0101jas neskaidr\u012bba par tre\u0161o SEPLP locekli\" title=\"Siksnis vai jauns konkurss? P\u0113c Beltes izg\u0101\u0161anas saglab\u0101jas neskaidr\u012bba par tre\u0161o SEPLP locekli\" class=\"headline__image img-fluid w-100\"\/><\/a><\/p>\n<p class=\"western\">Memoranda padome r\u012bkoja jaunu konkursu, kur\u0101 par uzvar\u0113t\u0101ju atzina Siksni. Konkursa pretendentu v\u0113rt\u0113\u0161anas komisiju vad\u012bja Memoranda padomes vad\u012bt\u0101ja vietnieks, nodibin\u0101juma &#8220;Fonds Plecs&#8221; direktors Georgs Rubenis, komisijas sast\u0101v\u0101 bija Valsts kancelejas direktors Raivis Kronbergs, Memoranda padomes loceklis, nodibin\u0101juma &#8220;Pasaules Dabas fonds&#8221; direktors <a rel=\"noopener nofollow\" target=\"_blank\" href=\"https:\/\/www.delfi.lv\/temas\/54002874\/janis-rozitis\" tag-id=\"54002874\">J\u0101nis Roz\u012btis<\/a>, biedr\u012bbas &#8220;Latvijas Mediju \u0113tikas padome&#8221; \u0112tikas padomes locekle <a rel=\"noopener nofollow\" target=\"_blank\" href=\"https:\/\/www.delfi.lv\/temas\/54221422\/anda-rozukalne\" tag-id=\"54221422\">Anda Ro\u017eukalne<\/a>,\u202fKult\u016bras ministrijas valsts sekret\u0101ra vietniece starptautisko lietu, integr\u0101cijas un mediju jaut\u0101jumos Zane V\u0101gnere, biedr\u012bbas &#8220;Baltijas Mediju izcil\u012bbas centrs&#8221; izpilddirektore Gunta Sloga un biedr\u012bbas &#8220;Sabiedrisk\u0101s politikas centrs Providus&#8221; dele\u0123\u0113t\u0101 p\u0101rst\u0101ve Vita Anda T\u0113rauda. Papildus komisijas darb\u0101 ar padomdev\u0113ja ties\u012bb\u0101m piedal\u012bj\u0101s biedr\u012bbas &#8220;Latvijas \u017durn\u0101listu asoci\u0101cija&#8221; valdes locekle Inga \u0160\u0146ore.<\/p>\n<p class=\"western\">Vienlaikus deput\u0101ti Jur\u0123is Kloti\u0146\u0161 (NA), <a rel=\"noopener nofollow\" target=\"_blank\" href=\"https:\/\/www.delfi.lv\/temas\/50393689\/edgars-tavars\" tag-id=\"50393689\">Edgars Tavars<\/a> (AS), <a rel=\"noopener nofollow\" target=\"_blank\" href=\"https:\/\/www.delfi.lv\/temas\/50363565\/janis-grasbergs\" tag-id=\"50363565\">J\u0101nis Grasbergs<\/a> (NA), <a rel=\"noopener nofollow\" target=\"_blank\" href=\"https:\/\/www.delfi.lv\/temas\/55261756\/ceslavs-batna\" tag-id=\"55261756\">\u010ceslavs Bat\u0146a<\/a> (AS), <a rel=\"noopener nofollow\" target=\"_blank\" href=\"https:\/\/www.delfi.lv\/temas\/40366691\/nauris-puntulis\" tag-id=\"40366691\">Nauris Puntulis<\/a> (NA) un Edmunds Teirumnieks (NA) iesniegu\u0161i likuma groz\u012bjumus, ar kuriem rosin\u0101ts samazin\u0101t SEPLP locek\u013cu skaitu no trim uz diviem.<\/p>\n<p class=\"western\">Likumprojekta anot\u0101cij\u0101 teikts, ka \u0161\u0101ds risin\u0101jums stiprina Saeimas politisko atbild\u012bbu par padomes sast\u0101va izveidi, mazina birokr\u0101tisko slogu, \u013cauj ietaup\u012bt bud\u017eeta l\u012bdzek\u013cus un padara p\u0101rvald\u012bbas modeli vienk\u0101r\u0161\u0101ku un elast\u012bg\u0101ku.<\/p>\n<p class=\"western\">&#8220;Vienk\u0101r\u0161ota p\u0101rvald\u012bba veicina liel\u0101ku p\u0101rskat\u0101m\u012bbu un atbild\u012bbu, k\u0101 ar\u012b sabiedr\u012bbas uztic\u0113\u0161anos sabiedrisko mediju uzraudz\u012bbas procesam. Likumprojekts neierobe\u017eo sabiedr\u012bbas l\u012bdzdal\u012bbu, jo sabiedrisko mediju strat\u0113\u0123ijas un redakcion\u0101l\u0101s neatkar\u012bbas garantijas paliek sp\u0113k\u0101,&#8221; pau\u017e likuma izmai\u0146u autori.<\/p>\n<p class=\"western\">T\u0101pat anot\u0101cij\u0101 skaidrots, ka, samazinot padomes locek\u013cu skaitu, tiks nodro\u0161in\u0101ts tie\u0161s bud\u017eeta izdevumu samazin\u0101jums 100 000 eiro apm\u0113r\u0101.<\/p>\n<p class=\"western\">Likumprojekta autori par izmai\u0146\u0101m konsult\u0113ju\u0161ies ar mediju politikas ekspertiem, biju\u0161ajiem SEPLP locek\u013ciem un parlament\u0101ro frakciju p\u0101rst\u0101vjiem.<\/p>\n<p class=\"western\">Tikm\u0113r atsevi\u0161\u0137as NVO pau\u017e ba\u017eas par SEPLP locek\u013cu skaita samazin\u0101\u0161anu. Latvijas Pilsonisk\u0101 alianse, kop\u0101 ar Memoranda padomes p\u0101rst\u0101vjiem nos\u016bt\u012bju\u0161as v\u0113stuli Saeimai, kur\u0101 aicina atbalst\u012bt Sik\u0161\u0146a kandidat\u016bru SEPLP locek\u013ca amat\u0101.<\/p>\n<p class=\"western\">V\u0113stul\u0113 skaidrots, ka Memoranda padomes kandid\u0101tu atlase sabiedrisko mediju uzraudz\u012bbas padomes locek\u013ca amatam norisin\u0101j\u0101s atkl\u0101t\u0101 un profesion\u0101l\u0101 konkurs\u0101, atbilsto\u0161i SEPLP locek\u013ca amata pretendentu atlases nolikumam.<\/p>\n<p class=\"western\">&#8220;Esam dro\u0161i, ka atlases komisija darboj\u0101s ar augstu kompetences un atbild\u012bbas l\u012bmeni, vienlaikus p\u0101rst\u0101vot gan mediju jomu, pilsonisk\u0101s sabiedr\u012bbas sektoru, gan ar\u012b valsts p\u0101rvaldi. Kandid\u0101tu izv\u0113rt\u0113\u0161ana notika, pamatojoties uz skaidriem un saprotamiem krit\u0113rijiem, nodro\u0161inot vienl\u012bdz\u012bgas iesp\u0113jas un objektivit\u0101ti,&#8221; teikts v\u0113stul\u0113.<\/p>\n<p class=\"western\">V\u0113stul\u0113 NVO aicina Saeimu \u0146emt v\u0113r\u0101 atv\u0113rt\u0101 konkursa rezult\u0101tus, Memoranda padomes l\u0113mumu un apstiprin\u0101t Siksni SEPLP locek\u013ca amat\u0101, &#8220;t\u0101d\u0113j\u0101di stiprinot sabiedrisko mediju neatkar\u012bbu, profesion\u0101lu p\u0101rvald\u012bbu un sabiedr\u012bbas uztic\u0113\u0161anos \u0161ai instit\u016bcijai, k\u0101 ar\u012b veicinot sabiedr\u012bbas uztic\u0113\u0161anos atkl\u0101tiem konkursiem&#8221;.<\/p>\n<p class=\"western\">3. novembr\u012b publiskota v\u0113l viena v\u0113stule, kur\u0101 biedr\u012bbas &#8220;Latvijas Pilsonisk\u0101s alianses&#8221; direktore Krist\u012bne Zonberga, nodibin\u0101juma &#8220;Fonds &#8220;Plecs&#8221;&#8221; valdes loceklis Georgs Rubenis, biedr\u012bbas &#8220;Latvijas Mediju \u0113tikas padome&#8221; valdes locekle Ilona Skuja, Latvijas \u017durn\u0101listu asoci\u0101cijas valdes priek\u0161s\u0113d\u0113t\u0101ja Anastasija Tetarenko-Supe, Baltijas Mediju izcil\u012bbas centra izpilddirektore Gunta Sloga un SEPLP locek\u013ca amata pretendentu atlases komisijas locekle Vita Anda T\u0113rauda aicina neatbalst\u012bt NA un AS priek\u0161likumu par SEPLP locek\u013cu skaita samazin\u0101\u0161anu.<\/p>\n<p class=\"western\">&#8220;Atteik\u0161an\u0101s no sabalans\u0113tas strukt\u016bras, bet jo \u012bpa\u0161i no sabiedr\u012bbas virz\u012bt\u0101 p\u0101rst\u0101vja, b\u016btu pretrun\u0101 likuma b\u016bt\u012bbai un m\u0113r\u0137im, jo netiktu garant\u0113ts, ka sabiedriskie mediji tiek p\u0101rvald\u012bti sabiedr\u012bbas, nevis politisku vai institucion\u0101lu intere\u0161u v\u0101rd\u0101. \u0160\u0101das izmai\u0146as b\u016btiski v\u0101jin\u0101tu gan padomes neatkar\u012bbu, gan sabiedr\u012bbas uztic\u0113\u0161anos mediju darbam kopum\u0101. SEPLP sast\u0101va un darb\u012bbas izmai\u0146as var\u0113tu tikt apspriestas apst\u0101k\u013cos, kad tiek iev\u0113rots pa\u0161reiz sp\u0113k\u0101 eso\u0161ais regul\u0113jums, kad l\u0113mums tiek saska\u0146ots ar sabiedr\u012bbas interes\u0113m, nevis piel\u0101gots konkr\u0113t\u0101m situ\u0101cij\u0101m vai person\u012bb\u0101m,&#8221; teikts v\u0113stul\u0113.<\/p>\n<p class=\"m-0\">Seko &#8220;Delfi&#8221; ar\u012b  <a target=\"_blank\" href=\"https:\/\/www.instagram.com\/delfi.lv\/\" rel=\"nofollow noopener\">Instagram<\/a>  un <a target=\"_blank\" href=\"https:\/\/www.youtube.com\/channel\/UCw5foWtcJvAbUm64rv7jwUQ\" rel=\"nofollow noopener\">YouTube<\/a>  profil\u0101 \u2013 pievienojies, lai uzzin\u0101tu svar\u012bg\u0101ko un interesant\u0101ko pirmais!<\/p>\n<p>Publik\u0101cijas saturs vai t\u0101s jebk\u0101da apjoma da\u013ca ir aizsarg\u0101ts autorties\u012bbu objekts Autorties\u012bbu likuma izpratn\u0113, un t\u0101 izmanto\u0161ana bez izdev\u0113ja at\u013caujas ir aizliegta. Vair\u0101k lasi  <a target=\"_blank\" href=\"https:\/\/www.delfi.lv\/noteikumi#autortiesibas\" rel=\"nofollow noopener\">\u0161eit<\/a><script async src=\"\/\/www.instagram.com\/embed.js\"><\/script><\/p>\n","protected":false},"excerpt":{"rendered":"Saeimas Cilv\u0113kties\u012bbu un sabiedrisko lietu komisija otrdien, 4. novembr\u012b, neatbalst\u012bja konkurs\u0101 izraudz\u012bt\u0101 J\u0101\u0146a Sik\u0161\u0146a apstiprin\u0101\u0161anu Sabiedrisko elektronisko pla\u0161sazi\u0146as&hellip;\n","protected":false},"author":2,"featured_media":39860,"comment_status":"","ping_status":"","sticky":false,"template":"","format":"standard","meta":{"footnotes":""},"categories":[12],"tags":[23,11569,11567,28,29,11334,11333,32,33,22,8397,11568,11331,30,31,35,39,38,36,37,34,8574,40,11330,20,26,27,141,11335,6891,24,25,11332,21],"class_list":{"0":"post-39859","1":"post","2":"type-post","3":"status-publish","4":"format-standard","5":"has-post-thumbnail","7":"category-latvija","8":"tag-aktualitates","9":"tag-anda-rozukalne","10":"tag-augusts-brigmanis","11":"tag-breaking-news","12":"tag-breakingnews","13":"tag-ceslavs-batna","14":"tag-edgars-tavars","15":"tag-featured-news","16":"tag-featurednews","17":"tag-headlines","18":"tag-janis-grasbergs","19":"tag-janis-rozitis","20":"tag-janis-siksnis","21":"tag-latest-news","22":"tag-latestnews","23":"tag-latvia","24":"tag-latvian","25":"tag-latviesu","26":"tag-latviesu-valoda","27":"tag-latviesuvaloda","28":"tag-latvija","29":"tag-latvijas-radio","30":"tag-lv","31":"tag-nauris-puntulis","32":"tag-news","33":"tag-popularakas-zinas","34":"tag-popularakaszinas","35":"tag-saeima","36":"tag-sanita-upleja-jegermane","37":"tag-seplp","38":"tag-top-stories","39":"tag-topstories","40":"tag-una-klapkalne","41":"tag-zinas"},"share_on_mastodon":{"url":"","error":"Validation failed: Text character limit of 500 exceeded"},"_links":{"self":[{"href":"https:\/\/www.europesays.com\/lv\/wp-json\/wp\/v2\/posts\/39859","targetHints":{"allow":["GET"]}}],"collection":[{"href":"https:\/\/www.europesays.com\/lv\/wp-json\/wp\/v2\/posts"}],"about":[{"href":"https:\/\/www.europesays.com\/lv\/wp-json\/wp\/v2\/types\/post"}],"author":[{"embeddable":true,"href":"https:\/\/www.europesays.com\/lv\/wp-json\/wp\/v2\/users\/2"}],"replies":[{"embeddable":true,"href":"https:\/\/www.europesays.com\/lv\/wp-json\/wp\/v2\/comments?post=39859"}],"version-history":[{"count":0,"href":"https:\/\/www.europesays.com\/lv\/wp-json\/wp\/v2\/posts\/39859\/revisions"}],"wp:featuredmedia":[{"embeddable":true,"href":"https:\/\/www.europesays.com\/lv\/wp-json\/wp\/v2\/media\/39860"}],"wp:attachment":[{"href":"https:\/\/www.europesays.com\/lv\/wp-json\/wp\/v2\/media?parent=39859"}],"wp:term":[{"taxonomy":"category","embeddable":true,"href":"https:\/\/www.europesays.com\/lv\/wp-json\/wp\/v2\/categories?post=39859"},{"taxonomy":"post_tag","embeddable":true,"href":"https:\/\/www.europesays.com\/lv\/wp-json\/wp\/v2\/tags?post=39859"}],"curies":[{"name":"wp","href":"https:\/\/api.w.org\/{rel}","templated":true}]}}