{"id":39878,"date":"2025-11-04T13:45:14","date_gmt":"2025-11-04T13:45:14","guid":{"rendered":"https:\/\/www.europesays.com\/lv\/39878\/"},"modified":"2025-11-04T13:45:14","modified_gmt":"2025-11-04T13:45:14","slug":"baltkrievija-atbild-lietuvai-par-robezu-slegsanu-ar-sankcijam-draud-atnemt-darbu-tukstosiem-cilveku-santa","status":"publish","type":"post","link":"https:\/\/www.europesays.com\/lv\/39878\/","title":{"rendered":"Baltkrievija atbild Lietuvai par robe\u017eu sl\u0113g\u0161anu ar sankcij\u0101m. Draud at\u0146emt darbu t\u016bksto\u0161iem cilv\u0113ku \u2014 Santa"},"content":{"rendered":"<p>Baltkrievijas prezidents Aleksandrs Luka\u0161enko piektdien, 31. oktobr\u012b, parakst\u012bja dekr\u0113tu, kas aizliedz Polij\u0101 un Lietuv\u0101 re\u0123istr\u0113tu kravas automa\u0161\u012bnu un traktoru p\u0101rvieto\u0161anos Baltkrievijas teritorij\u0101, zi\u0146oja port\u0101ls Current Time. T\u0101pat Baltkrievij\u0101 liegts p\u0101rvietoties Polij\u0101 un Lietuv\u0101 re\u0123istr\u0113t\u0101m vieglaj\u0101m automa\u0161\u012bn\u0101m ar piekab\u0113m, k\u0101 ar\u012b vieglaj\u0101m automa\u0161\u012bn\u0101m, kas veic starptautiskos p\u0101rvad\u0101jumus saska\u0146\u0101 ar individu\u0101l\u0101m pavadz\u012bm\u0113m.<\/p>\n<p>Luka\u0161enko izzi\u0146otais dekr\u0113ts tika public\u0113ts Baltkrievijas Nacion\u0101laj\u0101 juridiskaj\u0101 port\u0101l\u0101. Ierobe\u017eojumi b\u016bs sp\u0113k\u0101 l\u012bdz 2027. gada 31. decembrim.<\/p>\n<blockquote><p>&#13;<\/p>\n<p>Tas galvenok\u0101rt b\u016bs trieciens lo\u0123istikas uz\u0146\u0113mumiem, kas p\u0101rvad\u0101 preces no \u0136\u012bnas uz Eiropas Savien\u012bbu caur Krievijas un Baltkrievijas teritorij\u0101m.<\/p>\n<p>&#13;\n<\/p><\/blockquote>\n<p>Daudzi no tiem ir re\u0123istr\u0113ti Baltijas valst\u012bs un Polij\u0101 un nodarbina Centr\u0101l\u0101zijas, Gruzijas un Ukrainas iedz\u012bvot\u0101jus. Jauno sankciju rezult\u0101t\u0101 vair\u0101ki t\u016bksto\u0161i Lietuvas transportl\u012bdzek\u013cu un autovad\u012bt\u0101ju pa\u0161laik ir iesprostoti Baltkrievijas teritorij\u0101 un t\u0101s pierobe\u017e\u0101, Lietuvas medijiem zi\u0146o \u0161o Lietuvas Nacion\u0101l\u0101s autop\u0101rvad\u0101t\u0101ju asoci\u0101cijas (LINAVA) viceprezidents O\u013cegs Tarasovs.<\/p>\n<p>\u00abKopum\u0101 aptuveni 5000 transportl\u012bdzek\u013cu un 2000 vad\u012bt\u0101ju s\u0113\u017e bezdarb\u012bb\u0101. Baltkrievi ir ieviesu\u0161i atbildes sankcijas, un Lietuvas transportl\u012bdzek\u013ciem tagad nav iesp\u0113jas p\u0101rvietoties pa Baltkrieviju. K\u0101 teica Baltkrievijas puse, kam\u0113r netiks atv\u0113rti robe\u017eposte\u0146i, tie lietuvie\u0161i, kas atrodas tur, nekur nevar\u0113s doties,\u00bb skaidroja Tarasovs. Luka\u0161enko ar\u012b br\u012bdin\u0101jis, ka turpm\u0101k vi\u0146a sankciju d\u0113\u013c bez darba palik\u0161ot t\u016bksto\u0161iem Lietuvas un Polijas uz\u0146\u0113mumos str\u0101d\u0101jo\u0161o cilv\u0113ku.<\/p>\n<p>Jau v\u0113st\u012bts, ka pag\u0101ju\u0161aj\u0101 ned\u0113\u013c\u0101 Lietuv\u0101 \u010detras reizes tika sl\u0113gtas lidostas meteorolo\u0123isko balonu d\u0113\u013c, kas tika izmantoti kontrabandas cigare\u0161u p\u0101rvad\u0101\u0161anai no Baltkrievijas, kopum\u0101 ietekm\u0113jot vair\u0101k nek\u0101 140 lidojumu un vair\u0101k nek\u0101 20 000 pasa\u017eieru.<\/p>\n<p>Saist\u012bb\u0101 ar meteozon\u017eu ielido\u0161anu t\u0101s gaisa telp\u0101 <a data-id=\"124197\" href=\"https:\/\/www.santa.lv\/tema\/124197\/lietuva?utm_source=internal&amp;utm_medium=article&amp;utm_campaign=theme_link\" target=\"_blank\" rel=\"nofollow noopener\">Lietuva<\/a> uz m\u0113nesi sl\u0113dza Medininku un \u0160al\u010dininku robe\u017ekontroles punktus, k\u0101 ar\u012b cen\u0161as pan\u0101kt jaunas Eiropas Savien\u012bbas sankcijas Minskai.<\/p>\n<p>P\u0113c tam, kad Lietuva kop\u0161 2023. gada pak\u0101peniski sl\u0113dza \u010detrus no se\u0161iem robe\u017ekontroles punktiem ar Baltkrieviju, uzb\u016bv\u0113ja fizisku no\u017eogojumu gar robe\u017eu un pastiprin\u0101ja robe\u017eas dro\u0161\u012bbu, meteorolo\u0123iskie baloni ir k\u013cuvu\u0161i par vienu no visizplat\u012bt\u0101kaj\u0101m tabakas izstr\u0101d\u0101jumu kontrabandas metod\u0113m.<\/p>\n<p>\u00a0<\/p>\n","protected":false},"excerpt":{"rendered":"Baltkrievijas prezidents Aleksandrs Luka\u0161enko piektdien, 31. oktobr\u012b, parakst\u012bja dekr\u0113tu, kas aizliedz Polij\u0101 un Lietuv\u0101 re\u0123istr\u0113tu kravas automa\u0161\u012bnu un&hellip;\n","protected":false},"author":2,"featured_media":39879,"comment_status":"","ping_status":"","sticky":false,"template":"","format":"standard","meta":{"footnotes":""},"categories":[14],"tags":[23,57,28,29,32,33,22,30,31,35,39,38,36,37,34,40,20,26,27,24,25,54,55,56,21,58],"class_list":{"0":"post-39878","1":"post","2":"type-post","3":"status-publish","4":"format-standard","5":"has-post-thumbnail","7":"category-zinas-no-arvalstim","8":"tag-aktualitates","9":"tag-arvalstim","10":"tag-breaking-news","11":"tag-breakingnews","12":"tag-featured-news","13":"tag-featurednews","14":"tag-headlines","15":"tag-latest-news","16":"tag-latestnews","17":"tag-latvia","18":"tag-latvian","19":"tag-latviesu","20":"tag-latviesu-valoda","21":"tag-latviesuvaloda","22":"tag-latvija","23":"tag-lv","24":"tag-news","25":"tag-popularakas-zinas","26":"tag-popularakaszinas","27":"tag-top-stories","28":"tag-topstories","29":"tag-world","30":"tag-world-news","31":"tag-worldnews","32":"tag-zinas","33":"tag-zinas-no-arvalstim"},"share_on_mastodon":{"url":"https:\/\/pubeurope.com\/@lv\/115491734978982549","error":""},"_links":{"self":[{"href":"https:\/\/www.europesays.com\/lv\/wp-json\/wp\/v2\/posts\/39878","targetHints":{"allow":["GET"]}}],"collection":[{"href":"https:\/\/www.europesays.com\/lv\/wp-json\/wp\/v2\/posts"}],"about":[{"href":"https:\/\/www.europesays.com\/lv\/wp-json\/wp\/v2\/types\/post"}],"author":[{"embeddable":true,"href":"https:\/\/www.europesays.com\/lv\/wp-json\/wp\/v2\/users\/2"}],"replies":[{"embeddable":true,"href":"https:\/\/www.europesays.com\/lv\/wp-json\/wp\/v2\/comments?post=39878"}],"version-history":[{"count":0,"href":"https:\/\/www.europesays.com\/lv\/wp-json\/wp\/v2\/posts\/39878\/revisions"}],"wp:featuredmedia":[{"embeddable":true,"href":"https:\/\/www.europesays.com\/lv\/wp-json\/wp\/v2\/media\/39879"}],"wp:attachment":[{"href":"https:\/\/www.europesays.com\/lv\/wp-json\/wp\/v2\/media?parent=39878"}],"wp:term":[{"taxonomy":"category","embeddable":true,"href":"https:\/\/www.europesays.com\/lv\/wp-json\/wp\/v2\/categories?post=39878"},{"taxonomy":"post_tag","embeddable":true,"href":"https:\/\/www.europesays.com\/lv\/wp-json\/wp\/v2\/tags?post=39878"}],"curies":[{"name":"wp","href":"https:\/\/api.w.org\/{rel}","templated":true}]}}