{"id":39886,"date":"2025-11-04T13:51:06","date_gmt":"2025-11-04T13:51:06","guid":{"rendered":"https:\/\/www.europesays.com\/lv\/39886\/"},"modified":"2025-11-04T13:51:06","modified_gmt":"2025-11-04T13:51:06","slug":"leons-xiv-pagodina-sava-prieksgajeja-pieminu-pie-vina-kapa","status":"publish","type":"post","link":"https:\/\/www.europesays.com\/lv\/39886\/","title":{"rendered":"Leons XIV pagodina sava priek\u0161g\u0101j\u0113ja piemi\u0146u pie vi\u0146a kapa"},"content":{"rendered":"<p>Pirmdienas, 3. novembra, vakar\u0101, dodoties uz Kastelgandolfo, lai atp\u016bstos, p\u0101vests Leons XIV iegriez\u0101s Santa Maria Maggiore bazilik\u0101, kur vi\u0146\u0161 uz br\u012bdi pal\u016bdz\u0101s pie sava priek\u0161g\u0101j\u0113ja Franciska kapa un nolika uz t\u0101 baltu ro\u017eu pu\u0161\u0137i. No r\u012bta vi\u0146\u0161 celebr\u0113ja Sv\u0113to Misi par \u0161ogad m\u016b\u017e\u012bb\u0101 aizg\u0101ju\u0161\u0101 p\u0101vesta, k\u0101 ar\u012b par gada laik\u0101 aizsaukto kardin\u0101lu un b\u012bskapu dv\u0113seles mieru.<\/p>\n<p>Inese \u0160teinerte &#8211; Vatik\u0101ns<\/p>\n<p>Leons XIV apst\u0101j\u0101s l\u016bg\u0161an\u0101 ar\u012b pie Romas iedz\u012bvot\u0101jiem d\u0101rg\u0101s mari\u0101nisk\u0101s ikonas \u201cSalus Populi Romani\u201d, ko tik \u013coti bija iem\u012b\u013cojis Francisks, kur\u0161 \u0161aj\u0101 bazilik\u0101 atdusas starp div\u0101m noz\u012bm\u012bg\u0101m kapel\u0101m \u2013 P\u0101vila un kardin\u0101lu, br\u0101\u013cu Sforcu kapelu. Tie\u0161i P\u0101vila kapel\u0101, it\u0101liski \u201cCapella Paolina\u201d, kas izveidota p\u0113c p\u0101vesta P\u0101vila V iniciat\u012bvas, glab\u0101jas min\u0113t\u0101 ikona.<\/p>\n<p>Kapu, kuru sedz marmora pl\u0101ksne ar vienu vien\u012bgu v\u0101rdu \u201cFranciscus\u201d, Leons XIV apmekl\u0113ja jau tre\u0161o reizi. \u0160\u012b gada 10. maij\u0101, divas dienas p\u0113c savas iev\u0113l\u0113\u0161anas P\u0113tera p\u0113cte\u010da amat\u0101, vi\u0146\u0161 \u0161eit pabija, atgrie\u017eoties no D\u017eenadzano sv\u0113tn\u012bcas, bet 22. j\u016bnij\u0101, p\u0113c Vissv\u0113t\u0101k\u0101 Sakramenta sv\u0113tku procesijas no Sv\u0113t\u0101 J\u0101\u0146a Later\u0101na bazilikas uz Santa Maria Maggiore baziliku, pa\u0161reiz\u0113jais p\u0101vests pien\u0101ca atk\u0101rtoti.<\/p>\n","protected":false},"excerpt":{"rendered":"Pirmdienas, 3. novembra, vakar\u0101, dodoties uz Kastelgandolfo, lai atp\u016bstos, p\u0101vests Leons XIV iegriez\u0101s Santa Maria Maggiore bazilik\u0101, kur&hellip;\n","protected":false},"author":2,"featured_media":39887,"comment_status":"","ping_status":"","sticky":false,"template":"","format":"standard","meta":{"footnotes":""},"categories":[14],"tags":[23,57,28,29,32,33,22,30,31,35,39,38,36,37,34,40,20,26,27,24,25,54,55,56,21,58],"class_list":{"0":"post-39886","1":"post","2":"type-post","3":"status-publish","4":"format-standard","5":"has-post-thumbnail","7":"category-zinas-no-arvalstim","8":"tag-aktualitates","9":"tag-arvalstim","10":"tag-breaking-news","11":"tag-breakingnews","12":"tag-featured-news","13":"tag-featurednews","14":"tag-headlines","15":"tag-latest-news","16":"tag-latestnews","17":"tag-latvia","18":"tag-latvian","19":"tag-latviesu","20":"tag-latviesu-valoda","21":"tag-latviesuvaloda","22":"tag-latvija","23":"tag-lv","24":"tag-news","25":"tag-popularakas-zinas","26":"tag-popularakaszinas","27":"tag-top-stories","28":"tag-topstories","29":"tag-world","30":"tag-world-news","31":"tag-worldnews","32":"tag-zinas","33":"tag-zinas-no-arvalstim"},"share_on_mastodon":{"url":"https:\/\/pubeurope.com\/@lv\/115491758584727947","error":""},"_links":{"self":[{"href":"https:\/\/www.europesays.com\/lv\/wp-json\/wp\/v2\/posts\/39886","targetHints":{"allow":["GET"]}}],"collection":[{"href":"https:\/\/www.europesays.com\/lv\/wp-json\/wp\/v2\/posts"}],"about":[{"href":"https:\/\/www.europesays.com\/lv\/wp-json\/wp\/v2\/types\/post"}],"author":[{"embeddable":true,"href":"https:\/\/www.europesays.com\/lv\/wp-json\/wp\/v2\/users\/2"}],"replies":[{"embeddable":true,"href":"https:\/\/www.europesays.com\/lv\/wp-json\/wp\/v2\/comments?post=39886"}],"version-history":[{"count":0,"href":"https:\/\/www.europesays.com\/lv\/wp-json\/wp\/v2\/posts\/39886\/revisions"}],"wp:featuredmedia":[{"embeddable":true,"href":"https:\/\/www.europesays.com\/lv\/wp-json\/wp\/v2\/media\/39887"}],"wp:attachment":[{"href":"https:\/\/www.europesays.com\/lv\/wp-json\/wp\/v2\/media?parent=39886"}],"wp:term":[{"taxonomy":"category","embeddable":true,"href":"https:\/\/www.europesays.com\/lv\/wp-json\/wp\/v2\/categories?post=39886"},{"taxonomy":"post_tag","embeddable":true,"href":"https:\/\/www.europesays.com\/lv\/wp-json\/wp\/v2\/tags?post=39886"}],"curies":[{"name":"wp","href":"https:\/\/api.w.org\/{rel}","templated":true}]}}