{"id":39910,"date":"2025-11-04T14:23:08","date_gmt":"2025-11-04T14:23:08","guid":{"rendered":"https:\/\/www.europesays.com\/lv\/39910\/"},"modified":"2025-11-04T14:23:08","modified_gmt":"2025-11-04T14:23:08","slug":"es-guleju-uz-gridas-un-tikai-izdvesu-ludzu-ne-uzbrukuma-vilciena-izdzivojusi-sieviete-atklaj-notikusa-detalas-jauns-lv","status":"publish","type":"post","link":"https:\/\/www.europesays.com\/lv\/39910\/","title":{"rendered":"\u201cEs gul\u0113ju uz gr\u012bdas un tikai izdvesu: \u2018L\u016bdzu, n\u0113!\u2019\u201d &#8211; uzbrukum\u0101 vilcien\u0101 izdz\u012bvojus\u012b sieviete atkl\u0101j notiku\u0161\u0101 deta\u013cas &#8211; Jauns.lv"},"content":{"rendered":"<ol>\n<li><a href=\"https:\/\/news.google.com\/rss\/articles\/CBMi4gFBVV95cUxNQmhpa1p3RjJlbXNIZnQtVTJ6M1dTdkNaWDhBTk54N2JndDB1VU5WdHBSell6YW5jSUJKQnJiZDk1Nm5yY285d2xGazRjUWhVaGdHeW9JN3c3b3lLNTJUaWNwLVFBN2hLejc4dXZSekM3NHdQM3VvM1gzWU96WFVxRmdzYlpCYjhzX2JORm1OY21Jei0yT0k4MjNrcnQtNlJNZENLSVgwZE9nUFZENlRTMl9SMzFaY0pQY01ZQXFuZHdycXhEMzNBYl9oeThkQ01BODM2X0pQcDlONGxmRUtUQjFn?oc=5\" target=\"_blank\" rel=\"nofollow noopener\">\u201cEs gul\u0113ju uz gr\u012bdas un tikai izdvesu: \u2018L\u016bdzu, n\u0113!\u2019\u201d &#8211; uzbrukum\u0101 vilcien\u0101 izdz\u012bvojus\u012b sieviete atkl\u0101j notiku\u0161\u0101 deta\u013cas<\/a>&nbsp;&nbsp;Jauns.lv<\/li>\n<li><a href=\"https:\/\/news.google.com\/rss\/articles\/CBMiuwFBVV95cUxQUDd1TjVYMjJOaS0tck5TeWNIZWRYV2Q1c3NxcmJJQzduSDdoY3NyeGhsYzBMaTBMNnpoZDV2dXc4ejZ4alJyVlZtN2RfNW5NS3ZSSU95WEtDd2dyTkRLQVlLT3NUYzNzS2lPQzhYMkNpSldtWER5bFlFampFSU9vaWYtM2JlTEpOY2VVeS0yWDR2dFlGNGVNTVlpbmM4TkViZkVVOTI3TzA4cXVLcGdzZ05qRUpZVjJzLW9Z?oc=5\" target=\"_blank\" rel=\"nofollow noopener\">Vilcien\u0101 Lielbrit\u0101nij\u0101 sadurti cilv\u0113ki; desmit hospitaliz\u0113ti \/ Raksts<\/a>&nbsp;&nbsp;LSM<\/li>\n<li><a href=\"https:\/\/news.google.com\/rss\/articles\/CBMioAFBVV95cUxNUHp1YVl4bU01V3pqY19lWnZkeXo1STZMOEstNFNZTGx4Y19oQ2xFd0VIQS1xUVdGTEROcnJwU3IwNFhwSmY1UkM3azFjclItQlNJWHJoRTRLXzh0ZGZOeUZSQ01NYXNKQVVDeHBITVcwMDJSZXZ6LXZtTklnQkdoR3E3SjM2WTZCdFZLRnB1WFFhNGs2WHhwZXZFYlpVTjNf?oc=5\" target=\"_blank\" rel=\"nofollow noopener\">FOTO \u27e9 &#8220;Asinis bija visur&#8230;&#8221; Aculiecinieki par uzbrukumu vilcien\u0101 uz Londonu<\/a>&nbsp;&nbsp;TVNET<\/li>\n<li><a href=\"https:\/\/news.google.com\/rss\/articles\/CBMisAFBVV95cUxQbzFCQ0hCX0hMMzdBLVpxR3hlTXVPTERJc0RaMC1VdF9jcVBfdFpUQVJSVzREWklwU1FRN0pNcjVRY0d2dGxycUo3MkVoa2hYdS05SVAwWUJybUc4ZjJ6aFE4b0tTZnNuUVlDZ0FLN1E0Mk5JdTNwWV9GQlRuOVR0cURNYzFaR1FWNEhTNldHN0tqeGIzWDhfNzZLYUVKMjVMaUk5MkMyYVRaNWQ5TFJWXw?oc=5\" target=\"_blank\" rel=\"nofollow noopener\">Lielbrit\u0101nijas policija nesaista cilv\u0113ku sadur\u0161anu vilcien\u0101 ar terorismu<\/a>&nbsp;&nbsp;Jauns.lv<\/li>\n<li><a href=\"https:\/\/news.google.com\/rss\/articles\/CBMixgFBVV95cUxOX2RjOXRhMzVJaFBPNDVrUnVzOGY1WVBGUGI5NWxMbGxLbnBpV1FkeGhaVkhMaE5aUi0yVGxGb1ZpUk5ONFg3M0Q0OHpjcnVteXRzOE1qVllEc2dfMlkxajg1a1liVHVXSmJwUzBXOGg4aUhLM0U2engwM0JwWXpPZnFpYzlTLVJlUnZhNGwzRUpTcjkybGw0OU9YamNRYVhsMXJOSkhCVkdkUXh6Q3VHVzN4blp3d01sbUcwa3dlMG9ja2JUQXc?oc=5\" target=\"_blank\" rel=\"nofollow noopener\">S\u0101k\u0101s panika, viss p\u0101rv\u0113rt\u0101s murg\u0101 \u2013 aculiecinieki st\u0101sta par uzbrukumu Lielbrit\u0101nijas vilcien\u0101<\/a>&nbsp;&nbsp;tv3.lv<\/li>\n<\/ol>\n","protected":false},"excerpt":{"rendered":"\u201cEs gul\u0113ju uz gr\u012bdas un tikai izdvesu: \u2018L\u016bdzu, n\u0113!\u2019\u201d &#8211; uzbrukum\u0101 vilcien\u0101 izdz\u012bvojus\u012b sieviete atkl\u0101j notiku\u0161\u0101 deta\u013cas&nbsp;&nbsp;Jauns.lv Vilcien\u0101&hellip;\n","protected":false},"author":2,"featured_media":39911,"comment_status":"","ping_status":"","sticky":false,"template":"","format":"standard","meta":{"footnotes":""},"categories":[5],"tags":[23,28,29,32,33,22,30,31,35,39,38,36,37,34,40,20,26,27,24,25,21],"class_list":{"0":"post-39910","1":"post","2":"type-post","3":"status-publish","4":"format-standard","5":"has-post-thumbnail","7":"category-aktualitates","8":"tag-aktualitates","9":"tag-breaking-news","10":"tag-breakingnews","11":"tag-featured-news","12":"tag-featurednews","13":"tag-headlines","14":"tag-latest-news","15":"tag-latestnews","16":"tag-latvia","17":"tag-latvian","18":"tag-latviesu","19":"tag-latviesu-valoda","20":"tag-latviesuvaloda","21":"tag-latvija","22":"tag-lv","23":"tag-news","24":"tag-popularakas-zinas","25":"tag-popularakaszinas","26":"tag-top-stories","27":"tag-topstories","28":"tag-zinas"},"share_on_mastodon":{"url":"https:\/\/pubeurope.com\/@lv\/115491884436853534","error":""},"_links":{"self":[{"href":"https:\/\/www.europesays.com\/lv\/wp-json\/wp\/v2\/posts\/39910","targetHints":{"allow":["GET"]}}],"collection":[{"href":"https:\/\/www.europesays.com\/lv\/wp-json\/wp\/v2\/posts"}],"about":[{"href":"https:\/\/www.europesays.com\/lv\/wp-json\/wp\/v2\/types\/post"}],"author":[{"embeddable":true,"href":"https:\/\/www.europesays.com\/lv\/wp-json\/wp\/v2\/users\/2"}],"replies":[{"embeddable":true,"href":"https:\/\/www.europesays.com\/lv\/wp-json\/wp\/v2\/comments?post=39910"}],"version-history":[{"count":0,"href":"https:\/\/www.europesays.com\/lv\/wp-json\/wp\/v2\/posts\/39910\/revisions"}],"wp:featuredmedia":[{"embeddable":true,"href":"https:\/\/www.europesays.com\/lv\/wp-json\/wp\/v2\/media\/39911"}],"wp:attachment":[{"href":"https:\/\/www.europesays.com\/lv\/wp-json\/wp\/v2\/media?parent=39910"}],"wp:term":[{"taxonomy":"category","embeddable":true,"href":"https:\/\/www.europesays.com\/lv\/wp-json\/wp\/v2\/categories?post=39910"},{"taxonomy":"post_tag","embeddable":true,"href":"https:\/\/www.europesays.com\/lv\/wp-json\/wp\/v2\/tags?post=39910"}],"curies":[{"name":"wp","href":"https:\/\/api.w.org\/{rel}","templated":true}]}}