{"id":39916,"date":"2025-11-04T14:28:07","date_gmt":"2025-11-04T14:28:07","guid":{"rendered":"https:\/\/www.europesays.com\/lv\/39916\/"},"modified":"2025-11-04T14:28:07","modified_gmt":"2025-11-04T14:28:07","slug":"zzs-par-stambulas-konvencijas-denonsesanas-jautajuma-atliksanu-lems-tresdien","status":"publish","type":"post","link":"https:\/\/www.europesays.com\/lv\/39916\/","title":{"rendered":"ZZS par Stambulas konvencijas denons\u0113\u0161anas jaut\u0101juma atlik\u0161anu lems tre\u0161dien"},"content":{"rendered":"<p>Vi\u0146\u0161 nor\u0101d\u012bja, ka frakcijas s\u0113de notiks tre\u0161dienas r\u012bt\u0101.<\/p>\n<p>Nacion\u0101l\u0101 apvien\u012bba (NA) un &#8220;Apvienotais saraksts&#8221; (AS) jau pazi\u0146oju\u0161i, ka t\u0101 atbalsta Valsts prezidenta Edgara Rink\u0113vi\u010da aicin\u0101jumu lem\u0161anu par Stambulas konvenciju turpin\u0101t n\u0101kamaj\u0101 Saeim\u0101.<\/p>\n<p>\\Tre\u0161dien, 5. novembr\u012b, plkst. 9.30 sasaukta Saeimas \u0101rk\u0101rtas s\u0113de, kur\u0101 tiks lemts par Rink\u0113vi\u010da Saeimai otrreiz\u0113jai caurl\u016bko\u0161anai atdot\u0101 likuma par izst\u0101\u0161anos no Eiropas Padomes Konvencijas par vardarb\u012bbas pret sieviet\u0113m un vardarb\u012bbas \u0123imen\u0113 nov\u0113r\u0161anu un apkaro\u0161anu jeb Stambulas konvencijas nodo\u0161anu atk\u0101rtotai skat\u012b\u0161anai komisij\u0101s.<\/p>\n<p>NA atbalsta iesp\u0113ju nodot konvencijas denons\u0113\u0161anas izlem\u0161anu tautas nobalso\u0161an\u0101 un ar\u012b turpm\u0101k konstrukt\u012bv\u0101s diskusij\u0101s mekl\u0113s veidus, k\u0101 ilgtermi\u0146\u0101 nov\u0113rst \u0161\u012bs konvencijas ideolo\u0123iskos un atsevi\u0161\u0137u pantu interpret\u0101ciju riskus.<\/p>\n<p>NA sola turpin\u0101t atbalst\u012bt jebk\u0101das vardarb\u012bbas izskau\u0161anu Latvijas sabiedr\u012bb\u0101, teikts politisk\u0101 sp\u0113ka pazi\u0146ojum\u0101 medijiem. Iepriek\u0161 likums tika skat\u012bts Saeimas \u0100rlietu komisij\u0101, kur vair\u0101kumu veido deput\u0101ti no partij\u0101m, kuras iepriek\u0161 izst\u0101\u0161anos no Stambulas konvencijas atbalst\u012bja.<\/p>\n<p>Komisiju vada opoz\u012bcijas politi\u0137e In\u0101ra M\u016brniece (NA). Pla\u0161as debates Saeimas \u0161\u012bs ned\u0113\u013cas s\u0113d\u0113 nav gaid\u0101mas, jo noteikt\u0101 k\u0101rt\u012bba t\u0101s \u0161\u0101dos gad\u012bjumos neparedz. Prezidents ir aicin\u0101jis \u0161\u012b jaut\u0101juma izlem\u0161anu nodot n\u0101kamajai Saeimai, kuru iev\u0113l\u0113s p\u0113c nepilna gada.<\/p>\n","protected":false},"excerpt":{"rendered":"Vi\u0146\u0161 nor\u0101d\u012bja, ka frakcijas s\u0113de notiks tre\u0161dienas r\u012bt\u0101. Nacion\u0101l\u0101 apvien\u012bba (NA) un &#8220;Apvienotais saraksts&#8221; (AS) jau pazi\u0146oju\u0161i, ka&hellip;\n","protected":false},"author":2,"featured_media":28339,"comment_status":"","ping_status":"","sticky":false,"template":"","format":"standard","meta":{"footnotes":""},"categories":[12],"tags":[23,28,29,32,33,22,30,31,35,39,38,36,37,34,40,20,26,27,2023,24,25,21,666],"class_list":{"0":"post-39916","1":"post","2":"type-post","3":"status-publish","4":"format-standard","5":"has-post-thumbnail","7":"category-latvija","8":"tag-aktualitates","9":"tag-breaking-news","10":"tag-breakingnews","11":"tag-featured-news","12":"tag-featurednews","13":"tag-headlines","14":"tag-latest-news","15":"tag-latestnews","16":"tag-latvia","17":"tag-latvian","18":"tag-latviesu","19":"tag-latviesu-valoda","20":"tag-latviesuvaloda","21":"tag-latvija","22":"tag-lv","23":"tag-news","24":"tag-popularakas-zinas","25":"tag-popularakaszinas","26":"tag-stambulas-konvencija","27":"tag-top-stories","28":"tag-topstories","29":"tag-zinas","30":"tag-zzs"},"share_on_mastodon":{"url":"https:\/\/pubeurope.com\/@lv\/115491904150372422","error":""},"_links":{"self":[{"href":"https:\/\/www.europesays.com\/lv\/wp-json\/wp\/v2\/posts\/39916","targetHints":{"allow":["GET"]}}],"collection":[{"href":"https:\/\/www.europesays.com\/lv\/wp-json\/wp\/v2\/posts"}],"about":[{"href":"https:\/\/www.europesays.com\/lv\/wp-json\/wp\/v2\/types\/post"}],"author":[{"embeddable":true,"href":"https:\/\/www.europesays.com\/lv\/wp-json\/wp\/v2\/users\/2"}],"replies":[{"embeddable":true,"href":"https:\/\/www.europesays.com\/lv\/wp-json\/wp\/v2\/comments?post=39916"}],"version-history":[{"count":0,"href":"https:\/\/www.europesays.com\/lv\/wp-json\/wp\/v2\/posts\/39916\/revisions"}],"wp:featuredmedia":[{"embeddable":true,"href":"https:\/\/www.europesays.com\/lv\/wp-json\/wp\/v2\/media\/28339"}],"wp:attachment":[{"href":"https:\/\/www.europesays.com\/lv\/wp-json\/wp\/v2\/media?parent=39916"}],"wp:term":[{"taxonomy":"category","embeddable":true,"href":"https:\/\/www.europesays.com\/lv\/wp-json\/wp\/v2\/categories?post=39916"},{"taxonomy":"post_tag","embeddable":true,"href":"https:\/\/www.europesays.com\/lv\/wp-json\/wp\/v2\/tags?post=39916"}],"curies":[{"name":"wp","href":"https:\/\/api.w.org\/{rel}","templated":true}]}}