{"id":39917,"date":"2025-11-04T14:29:21","date_gmt":"2025-11-04T14:29:21","guid":{"rendered":"https:\/\/www.europesays.com\/lv\/39917\/"},"modified":"2025-11-04T14:29:21","modified_gmt":"2025-11-04T14:29:21","slug":"roma-daleji-sabrucis-viduslaiku-tornis","status":"publish","type":"post","link":"https:\/\/www.europesays.com\/lv\/39917\/","title":{"rendered":"Rom\u0101 da\u013c\u0113ji sabrucis viduslaiku tornis"},"content":{"rendered":"<p>Da\u013c\u0113ji sabrucis v\u0113sturiskais XIII gadsimta tornis &#8220;Torre dei Conti&#8221;. \u0112k\u0101 norisa atjauno\u0161anas darbi.<\/p>\n<p>Tornis atrodas net\u0101lu no Foruma un Kolizeja, kas ir popul\u0101ri t\u016bristu apskates objekti.<\/p>\n<p>K\u0101 v\u0113sta mediji, cietu\u0161ais ir celtnieks. Tr\u012bs citi str\u0101dnieki s\u0101kotn\u0113ji bija iesprostoti aug\u0161\u0113j\u0101 st\u0101v\u0101, bet tika izgl\u0101bti.<\/p>\n<p>\u0112k\u0101 var\u0113tu b\u016bt palicis v\u0113l viens b\u016bvstr\u0101dnieks.<\/p>\n<p>K\u0101 st\u0101sta aculiecinieki, pie tor\u0146a bijis dzirdams sp\u0113c\u012bgs b\u016bk\u0161\u0137is, tad par\u0101d\u012bjies liels putek\u013cu m\u0101konis.<\/p>\n<p>T\u016bl\u012bt p\u0113c da\u013c\u0113j\u0101s sabruk\u0161anas ugunsdz\u0113s\u0113ji un policija norobe\u017eoja teritoriju, lai gl\u0101b\u0161anas dienesti var\u0113tu veikt savu darbu.<\/p>\n<p>Kam\u0113r ugunsdz\u0113s\u0113ji v\u0113l str\u0101d\u0101ja, sabruka v\u0113l viena tor\u0146a da\u013ca, izraisot putek\u013cu m\u0101koni.<\/p>\n<p>Ugunsdz\u0113s\u0113ji, kas atrad\u0101s uz k\u0101pn\u0113m, sp\u0113ja laic\u012bgi nok\u013c\u016bt dro\u0161\u012bb\u0101.<\/p>\n<p>Tornis m\u016bsdien\u0101s ir 29 metrus augsts, bet savulaik tas bijis aptuveni 50-60 metrus augsts.<\/p>\n<p>Aug\u0161\u0113jie st\u0101vi cieta zemestr\u012bc\u0113s XIV un XVII gadsimt\u0101, v\u0113l\u0101k tos nojauca. \u0112ka k\u0101du laiku bija neapdz\u012bvojama un pamesta.<\/p>\n","protected":false},"excerpt":{"rendered":"Da\u013c\u0113ji sabrucis v\u0113sturiskais XIII gadsimta tornis &#8220;Torre dei Conti&#8221;. \u0112k\u0101 norisa atjauno\u0161anas darbi. Tornis atrodas net\u0101lu no Foruma&hellip;\n","protected":false},"author":2,"featured_media":39918,"comment_status":"","ping_status":"","sticky":false,"template":"","format":"standard","meta":{"footnotes":""},"categories":[5],"tags":[23,28,29,32,33,22,2316,30,31,35,39,38,36,37,34,40,20,26,27,11465,24,25,21],"class_list":{"0":"post-39917","1":"post","2":"type-post","3":"status-publish","4":"format-standard","5":"has-post-thumbnail","7":"category-aktualitates","8":"tag-aktualitates","9":"tag-breaking-news","10":"tag-breakingnews","11":"tag-featured-news","12":"tag-featurednews","13":"tag-headlines","14":"tag-italija","15":"tag-latest-news","16":"tag-latestnews","17":"tag-latvia","18":"tag-latvian","19":"tag-latviesu","20":"tag-latviesu-valoda","21":"tag-latviesuvaloda","22":"tag-latvija","23":"tag-lv","24":"tag-news","25":"tag-popularakas-zinas","26":"tag-popularakaszinas","27":"tag-roma","28":"tag-top-stories","29":"tag-topstories","30":"tag-zinas"},"share_on_mastodon":{"url":"https:\/\/pubeurope.com\/@lv\/115491908031694204","error":""},"_links":{"self":[{"href":"https:\/\/www.europesays.com\/lv\/wp-json\/wp\/v2\/posts\/39917","targetHints":{"allow":["GET"]}}],"collection":[{"href":"https:\/\/www.europesays.com\/lv\/wp-json\/wp\/v2\/posts"}],"about":[{"href":"https:\/\/www.europesays.com\/lv\/wp-json\/wp\/v2\/types\/post"}],"author":[{"embeddable":true,"href":"https:\/\/www.europesays.com\/lv\/wp-json\/wp\/v2\/users\/2"}],"replies":[{"embeddable":true,"href":"https:\/\/www.europesays.com\/lv\/wp-json\/wp\/v2\/comments?post=39917"}],"version-history":[{"count":0,"href":"https:\/\/www.europesays.com\/lv\/wp-json\/wp\/v2\/posts\/39917\/revisions"}],"wp:featuredmedia":[{"embeddable":true,"href":"https:\/\/www.europesays.com\/lv\/wp-json\/wp\/v2\/media\/39918"}],"wp:attachment":[{"href":"https:\/\/www.europesays.com\/lv\/wp-json\/wp\/v2\/media?parent=39917"}],"wp:term":[{"taxonomy":"category","embeddable":true,"href":"https:\/\/www.europesays.com\/lv\/wp-json\/wp\/v2\/categories?post=39917"},{"taxonomy":"post_tag","embeddable":true,"href":"https:\/\/www.europesays.com\/lv\/wp-json\/wp\/v2\/tags?post=39917"}],"curies":[{"name":"wp","href":"https:\/\/api.w.org\/{rel}","templated":true}]}}