{"id":39928,"date":"2025-11-04T14:40:08","date_gmt":"2025-11-04T14:40:08","guid":{"rendered":"https:\/\/www.europesays.com\/lv\/39928\/"},"modified":"2025-11-04T14:40:08","modified_gmt":"2025-11-04T14:40:08","slug":"pat-banditiem-ir-savs-goda-kodekss-apsudzetais-citskovskis-atklaj-kadas-tagad-ir-vina-attiecibas-ar-karinu","status":"publish","type":"post","link":"https:\/\/www.europesays.com\/lv\/39928\/","title":{"rendered":"\u201cPat band\u012btiem ir savs goda kodekss\u2026\u201d Aps\u016bdz\u0113tais Citskovskis atkl\u0101j, k\u0101das tagad ir vi\u0146a attiec\u012bbas ar Kari\u0146u"},"content":{"rendered":"<p>    <img decoding=\"async\" src=\"https:\/\/www.europesays.com\/lv\/wp-content\/uploads\/2025\/11\/FotoJet-3-1024x683.jpg\" alt=\"&#10;\"\/><\/p>\n<p>Foto: LETA\/LA.LV kol\u0101\u017ea\n<\/p>\n<p>Oktobra beig\u0101s prokurat\u016bra nodeva tiesai biju\u0161\u0101 Ministru prezidenta Kri\u0161j\u0101\u0146a Kari\u0146a lidojumu lietu, kur\u0101 vien\u012bgais aps\u016bdz\u0113tais ir biju\u0161ais Valsts kancelejas (VK) vad\u012bt\u0101js J\u0101nis Citskovskis. Vi\u0146\u0161 aps\u016bdz\u0113ts par valsts amatpersonas pien\u0101kumu nepild\u012b\u0161anu, kas izrais\u012bja smagas sekas. Intervij\u0101 \u017eurn\u0101lam \u201cPriv\u0101t\u0101 Dz\u012bve\u201d Citskovskis sac\u012bja, ka Kari\u0146am roku vairs nespied\u012bs. <\/p>\n<p>        Las\u012bt\u0101kie<br \/>\n        <a data-imagesrc=\"{&quot;300&quot;:&quot;https:\\\/\\\/lastatic.ams3.cdn.digitaloceanspaces.com\\\/2024\\\/07\\\/fi_c0miksaq-300x200.jpg&quot;,&quot;1024&quot;:&quot;https:\\\/\\\/lastatic.ams3.cdn.digitaloceanspaces.com\\\/2024\\\/07\\\/fi_c0miksaq-1024x683.jpg&quot;,&quot;768&quot;:&quot;https:\\\/\\\/lastatic.ams3.cdn.digitaloceanspaces.com\\\/2024\\\/07\\\/fi_c0miksaq-768x512.jpg&quot;,&quot;1536&quot;:&quot;https:\\\/\\\/lastatic.ams3.cdn.digitaloceanspaces.com\\\/2024\\\/07\\\/fi_c0miksaq-1536x1024.jpg&quot;,&quot;2048&quot;:&quot;https:\\\/\\\/lastatic.ams3.cdn.digitaloceanspaces.com\\\/2024\\\/07\\\/fi_c0miksaq-2048x1365.jpg&quot;,&quot;200&quot;:&quot;https:\\\/\\\/lastatic.ams3.cdn.digitaloceanspaces.com\\\/2024\\\/07\\\/fi_c0miksaq-200x133.jpg&quot;,&quot;400&quot;:&quot;https:\\\/\\\/lastatic.ams3.cdn.digitaloceanspaces.com\\\/2024\\\/07\\\/fi_c0miksaq-400x267.jpg&quot;,&quot;500&quot;:&quot;https:\\\/\\\/lastatic.ams3.cdn.digitaloceanspaces.com\\\/2024\\\/07\\\/fi_c0miksaq-500x333.jpg&quot;,&quot;800&quot;:&quot;https:\\\/\\\/lastatic.ams3.cdn.digitaloceanspaces.com\\\/2024\\\/07\\\/fi_c0miksaq-800x533.jpg&quot;,&quot;1000&quot;:&quot;https:\\\/\\\/lastatic.ams3.cdn.digitaloceanspaces.com\\\/2024\\\/07\\\/fi_c0miksaq-1000x667.jpg&quot;,&quot;2560&quot;:&quot;https:\\\/\\\/lastatic.ams3.cdn.digitaloceanspaces.com\\\/2024\\\/07\\\/fi_c0miksaq-scaled.jpg&quot;}\" data-focuspoint=\"&quot;&quot;\" data-p=\"2460288\" href=\"https:\/\/www.la.lv\/tik-smagi-iegrabies-putins-nebija-25-gadus-tagad-galvenais-nepalaist-so-iespeju-garam\" class=\"content-item lazy-load\" wp_automatic_readability=\"26\" rel=\"nofollow noopener\" target=\"_blank\"><\/p>\n<p>                                <img decoding=\"async\" src=\"\" alt=\"\" style=\"\" data-imageid=\"\"\/><\/p>\n<p>                                            Tik smagi \u201ciegr\u0101bies\u201d Putins nebija 25 gadus: tagad galvenais nepalaist \u0161o iesp\u0113ju gar\u0101m\n                            <\/p>\n<p><\/a><a data-imagesrc=\"{&quot;300&quot;:&quot;https:\\\/\\\/lastatic.ams3.cdn.digitaloceanspaces.com\\\/2025\\\/11\\\/pexels-cottonbro-9062781-300x200.jpg&quot;,&quot;1024&quot;:&quot;https:\\\/\\\/lastatic.ams3.cdn.digitaloceanspaces.com\\\/2025\\\/11\\\/pexels-cottonbro-9062781-1024x683.jpg&quot;,&quot;1536&quot;:&quot;https:\\\/\\\/lastatic.ams3.cdn.digitaloceanspaces.com\\\/2025\\\/11\\\/pexels-cottonbro-9062781-1536x1024.jpg&quot;,&quot;500&quot;:&quot;https:\\\/\\\/lastatic.ams3.cdn.digitaloceanspaces.com\\\/2025\\\/11\\\/pexels-cottonbro-9062781-500x333.jpg&quot;,&quot;800&quot;:&quot;https:\\\/\\\/lastatic.ams3.cdn.digitaloceanspaces.com\\\/2025\\\/11\\\/pexels-cottonbro-9062781-800x533.jpg&quot;,&quot;2560&quot;:&quot;https:\\\/\\\/lastatic.ams3.cdn.digitaloceanspaces.com\\\/2025\\\/11\\\/pexels-cottonbro-9062781-scaled.jpg&quot;}\" data-focuspoint=\"&quot;&quot;\" data-p=\"2460468\" href=\"https:\/\/www.la.lv\/darbaholiki-pret-laiskajiem-kuras-zodiaka-zimes-kartigi-stradajot-izdeg-visatrak\" class=\"content-item lazy-load\" wp_automatic_readability=\"27\" rel=\"nofollow noopener\" target=\"_blank\"><\/p>\n<p>                                <img decoding=\"async\" src=\"\" alt=\"\" style=\"\" data-imageid=\"\"\/><\/p>\n<p>                                Kokteilis<\/p>\n<p>\n                                                Darbs ir dz\u012bves j\u0113ga!? Kur\u0101m zodiaka z\u012bm\u0113m vis\u0101tr\u0101k draud izdeg\u0161ana, bet kuras ir \u201cdarbadro\u0161as\u201d?<\/p>\n<p><\/a><a data-imagesrc=\"{&quot;300&quot;:&quot;https:\\\/\\\/lastatic.ams3.cdn.digitaloceanspaces.com\\\/2025\\\/11\\\/FotoJet-37-300x200.jpg&quot;,&quot;1024&quot;:&quot;https:\\\/\\\/lastatic.ams3.cdn.digitaloceanspaces.com\\\/2025\\\/11\\\/FotoJet-37-1024x683.jpg&quot;,&quot;1536&quot;:&quot;https:\\\/\\\/lastatic.ams3.cdn.digitaloceanspaces.com\\\/2025\\\/11\\\/FotoJet-37-1536x1024.jpg&quot;,&quot;500&quot;:&quot;https:\\\/\\\/lastatic.ams3.cdn.digitaloceanspaces.com\\\/2025\\\/11\\\/FotoJet-37-500x333.jpg&quot;,&quot;800&quot;:&quot;https:\\\/\\\/lastatic.ams3.cdn.digitaloceanspaces.com\\\/2025\\\/11\\\/FotoJet-37-800x533.jpg&quot;,&quot;1800&quot;:&quot;https:\\\/\\\/lastatic.ams3.cdn.digitaloceanspaces.com\\\/2025\\\/11\\\/FotoJet-37.jpg&quot;}\" data-focuspoint=\"&quot;&quot;\" data-p=\"2460449\" href=\"https:\/\/www.la.lv\/cilveki-satraukusies-par-girta-kestera-peksnajam-parmainam-aktieris-atklaj-patiesibu-par-savu-izskatu\" class=\"content-item lazy-load\" wp_automatic_readability=\"26.5\" rel=\"nofollow noopener\" target=\"_blank\"><\/p>\n<p>                                <img decoding=\"async\" src=\"\" alt=\"\" style=\"\" data-imageid=\"\"\/><\/p>\n<p>                                Kokteilis<\/p>\n<p>                                            Cilv\u0113ki satrauku\u0161ies par \u0122irta \u0136estera p\u0113k\u0161\u0146aj\u0101m p\u0101rmai\u0146\u0101m: aktieris sniedz atkl\u0101tu koment\u0101ru\n                            <\/p>\n<p><\/a><br \/>\n        <a class=\"read-more\" href=\"https:\/\/www.la.lv\/top\" rel=\"nofollow noopener\" target=\"_blank\">Las\u012bt citas zi\u0146as<\/a><\/p>\n<p>Uz jaut\u0101jumu, vai vi\u0146\u0161 j\u016btas k\u0101 gr\u0113k\u0101zis, biju\u0161ais VK vad\u012bt\u0101js sac\u012bja: \u201cMan nepat\u012bk \u0161is v\u0101rds. Katram j\u0101atbild par saviem l\u0113mumiem. Neko dar\u012bt, vajadz\u0113s gar\u0101, nepat\u012bkam\u0101 un gr\u016bt\u0101 proces\u0101 par\u0101d\u012bt, kas ir kas.\u201d <\/p>\n<p>K\u0101 zin\u0101ms \u2013 da\u017eos gados l\u012bgumreisos not\u0113r\u0113ti aptuveni divi miljoni eiro. Intervij\u0101 Citskovskis pauda, ka atbild\u012bba j\u0101uz\u0146emas ar\u012b citiem. <\/p>\n<p>    CITI \u0160OBR\u012aD LASA<\/p>\n<p>\u201cJ\u0101atbild ir tiem, kas pie\u0146\u0113ma l\u0113mumus un kas lidoja. Nevaru atkl\u0101t krimin\u0101lprocesa materi\u0101lus, bet toreiz\u0113jais premjera biroja vad\u012bt\u0101js Patmalnieks intervij\u0101 Latvijas Telev\u012bzij\u0101 jau pirms laba laika atzina, ka visos gad\u012bjumos l\u0113mumu par specreisa izmanto\u0161anu pie\u0146\u0113ma Kari\u0146\u0161. (..) Valsts kontroles zi\u0146ojum\u0101 melns uz balta rakst\u012bts, ka lidojumus pas\u016bt\u012bja premjera birojs. Cik ticami, ka Kari\u0146\u0161 neko nezin\u0101ja?\u201d <\/p>\n<p>Citskovskim intervij\u0101 pras\u012bja, vai vi\u0146\u0161 tagad k\u0101 v\u012brs v\u012bram var\u0113tu paspiest roku Kari\u0146am. Atbilde bija \u013coti lakoniska: \u201cN\u0113.\u201d <\/p>\n<p>L\u016bdzot paskaidrot k\u0101p\u0113c, biju\u0161ais VK vad\u012bt\u0101js sac\u012bja: \u201cPat band\u012btiem ir savs goda kodekss. Tiem, kuriem t\u0101da nav, ar tiem es lab\u0101k\u2026\u201d <\/p>\n<p>Pla\u0161\u0101ku interviju ar J\u0101ni Citskovski lasiet \u017eurn\u0101la \u201cPriv\u0101t\u0101 Dz\u012bve\u201d jaun\u0101kaj\u0101 numur\u0101!<\/p>\n<p>T\u0113mas<\/p>\n<p>    SAIST\u012aTIE RAKSTI<\/p>\n","protected":false},"excerpt":{"rendered":"Foto: LETA\/LA.LV kol\u0101\u017ea Oktobra beig\u0101s prokurat\u016bra nodeva tiesai biju\u0161\u0101 Ministru prezidenta Kri\u0161j\u0101\u0146a Kari\u0146a lidojumu lietu, kur\u0101 vien\u012bgais aps\u016bdz\u0113tais&hellip;\n","protected":false},"author":2,"featured_media":39929,"comment_status":"","ping_status":"","sticky":false,"template":"","format":"standard","meta":{"footnotes":""},"categories":[12],"tags":[23,28,29,32,33,22,30,31,35,39,38,36,37,34,40,20,26,27,24,25,21],"class_list":{"0":"post-39928","1":"post","2":"type-post","3":"status-publish","4":"format-standard","5":"has-post-thumbnail","7":"category-latvija","8":"tag-aktualitates","9":"tag-breaking-news","10":"tag-breakingnews","11":"tag-featured-news","12":"tag-featurednews","13":"tag-headlines","14":"tag-latest-news","15":"tag-latestnews","16":"tag-latvia","17":"tag-latvian","18":"tag-latviesu","19":"tag-latviesu-valoda","20":"tag-latviesuvaloda","21":"tag-latvija","22":"tag-lv","23":"tag-news","24":"tag-popularakas-zinas","25":"tag-popularakaszinas","26":"tag-top-stories","27":"tag-topstories","28":"tag-zinas"},"share_on_mastodon":{"url":"https:\/\/pubeurope.com\/@lv\/115491951436978883","error":""},"_links":{"self":[{"href":"https:\/\/www.europesays.com\/lv\/wp-json\/wp\/v2\/posts\/39928","targetHints":{"allow":["GET"]}}],"collection":[{"href":"https:\/\/www.europesays.com\/lv\/wp-json\/wp\/v2\/posts"}],"about":[{"href":"https:\/\/www.europesays.com\/lv\/wp-json\/wp\/v2\/types\/post"}],"author":[{"embeddable":true,"href":"https:\/\/www.europesays.com\/lv\/wp-json\/wp\/v2\/users\/2"}],"replies":[{"embeddable":true,"href":"https:\/\/www.europesays.com\/lv\/wp-json\/wp\/v2\/comments?post=39928"}],"version-history":[{"count":0,"href":"https:\/\/www.europesays.com\/lv\/wp-json\/wp\/v2\/posts\/39928\/revisions"}],"wp:featuredmedia":[{"embeddable":true,"href":"https:\/\/www.europesays.com\/lv\/wp-json\/wp\/v2\/media\/39929"}],"wp:attachment":[{"href":"https:\/\/www.europesays.com\/lv\/wp-json\/wp\/v2\/media?parent=39928"}],"wp:term":[{"taxonomy":"category","embeddable":true,"href":"https:\/\/www.europesays.com\/lv\/wp-json\/wp\/v2\/categories?post=39928"},{"taxonomy":"post_tag","embeddable":true,"href":"https:\/\/www.europesays.com\/lv\/wp-json\/wp\/v2\/tags?post=39928"}],"curies":[{"name":"wp","href":"https:\/\/api.w.org\/{rel}","templated":true}]}}