{"id":39930,"date":"2025-11-04T14:41:07","date_gmt":"2025-11-04T14:41:07","guid":{"rendered":"https:\/\/www.europesays.com\/lv\/39930\/"},"modified":"2025-11-04T14:41:07","modified_gmt":"2025-11-04T14:41:07","slug":"deputati-rada-piemeru-ka-ar-trulu-politisku-aprekinu-izrikoties-ar-sabiedribu-un-valsti-ta-ka-viniem-ienak-prata-raksts","status":"publish","type":"post","link":"https:\/\/www.europesays.com\/lv\/39930\/","title":{"rendered":"Deput\u0101ti r\u0101da piem\u0113ru, k\u0101 ar trulu politisku apr\u0113\u0137inu izr\u012bkoties ar sabiedr\u012bbu un valsti t\u0101, k\u0101 vi\u0146iem ien\u0101k pr\u0101t\u0101 \/ Raksts"},"content":{"rendered":"<p>&#8220;\u0160obr\u012bd mums ir unik\u0101la iesp\u0113ja pieredz\u0113t to, k\u0101 cilv\u0113ki, kuriem m\u0113s esam dele\u0123\u0113ju\u0161i politisko varu, izv\u0113l\u0101s r\u0101d\u012bt piem\u0113ru, k\u0101 b\u016bt bez kult\u016bras, bez dom\u0101\u0161anas, bez idej\u0101m, tikai ar aukstu, trulu politisku apr\u0113\u0137inu izr\u012bkoties ar mums, sabiedr\u012bbu un valsti, k\u0101 vi\u0146iem ien\u0101k pr\u0101t\u0101,&#8221; atkl\u0101jot Latvijas Kult\u016bras akad\u0113mijas (LKA) starptautisko konferen\u010du s\u0113riju &#8220;Kult\u016bras krustpunkti XIX&#8221;, sac\u012bja LKA rektors\u00a0D\u0101vis S\u012bmanis.<\/p>\n<p>\u012aSUM\u0100:<\/p>\n<ul>\n<li>\n<p><a href=\"#1\">Latvijas Kult\u016bras akad\u0113mij\u0101 no 4. l\u012bdz 7.\u00a0novembrim\u00a0r\u012bko starptautisko\u00a0konferenci\u00a0&#8220;Kult\u016bras krustpunkti XIX&#8221;, kuras atkl\u0101\u0161an\u0101 rektors D\u0101vis S\u012bmanis uzsv\u0113ra, ka konferences m\u0113r\u0137is ir aktualiz\u0113t sabiedr\u012bbai noz\u012bm\u012bgas kult\u016bras t\u0113mas un veicin\u0101t diskusiju par kult\u016bras pakalpojumu pieejam\u012bbu,\u00a0akcent\u0113jot, ka ikvienam sabiedr\u012bbas loceklim j\u0101b\u016bt iesp\u0113jai piedal\u012bties kult\u016bras dz\u012bv\u0113 un sa\u0146emt kult\u016bras pakalpojumus.<\/a><\/p>\n<\/li>\n<li>\n<p><a href=\"#2\">Rektors uzsv\u0113ra kult\u016bras un izgl\u012bt\u012bbas noz\u012bmi ar\u012b soci\u0101lo un politisko procesu izpratn\u0113, ko iesp\u0113jams veicin\u0101t ne tikai ar kult\u016bras pakalpojumu pieejam\u012bbu, bet ar\u012b ar savstarp\u0113ju komunik\u0101ciju,\u00a0dialogu, sabiedrisko aktivit\u0101ti un izgl\u012bt\u012bbu.<\/a><\/p>\n<\/li>\n<li>\n<p><a href=\"#3\">LKA prorektore Anda La\u0137e sav\u0101 uzrun\u0101 uzsv\u0113ra humanit\u0101ro, m\u0101kslas un soci\u0101lo zin\u0101t\u0146u noz\u012bmi, nosaucot \u0161o jomu p\u0101rst\u0101vjus par strat\u0113\u0123iski svar\u012bgu kopienu.<\/a><\/p>\n<\/li>\n<li>\n<p><a href=\"#4\">Raid\u012bjum\u0101 &#8220;Kult\u016bras rondo&#8221; S\u012bmanis skaidroja, ka izv\u0113l\u0113jies tie\u0161u un nesaudz\u012bgu toni, jo Latvijas sabiedr\u012bba \u0161obr\u012bd atrodas kritisk\u0101 un skumj\u0101 br\u012bd\u012b, kuru tom\u0113r iesp\u0113jams pav\u0113rst pozit\u012bv\u0101 virzien\u0101.\u00a0<\/a><\/p>\n<\/li>\n<li>\n<p><a href=\"#5\">LKA rektors uzskata, ka\u00a0\u0161obr\u012bd\u00a0ir \u013coti svar\u012bgi, lai sabiedr\u012bba sp\u0113tu\u00a0pateikt, ka &#8220;m\u0113s t\u0101 negribam&#8221;, k\u0101 ar\u012b dom\u0101t par b\u0113rnu un jaunie\u0161u n\u0101kotni, \u0146emt v\u0113r\u0101 vi\u0146u viedokli.<\/a><\/p>\n<\/li>\n<li>\n<p><a href=\"#6\">S\u012bmanis kritiz\u0113ja sabiedr\u012bbas politisko pasivit\u0101ti, aicinot\u00a0neierobe\u017eot savu pilsonisko iesaisti ar piedal\u012b\u0161anos v\u0113l\u0113\u0161an\u0101s reizi \u010detros gados.<\/a><\/p>\n<\/li>\n<\/ul>\n<p><a id=\"1\" name=\"1\"\/>Kult\u016bras pakalpojumi \u2013 pieejami ikvienam<\/p>\n<p>4. novembr\u012b LKA telpas pulc\u0113ja nozares p\u0101rst\u0101vjus, p\u0113tniekus un studentus, izce\u013cot\u00a0kult\u016bras pieejam\u012bbas noz\u012bmi sabiedr\u012bbas iesaist\u0113 un izgl\u012bto\u0161an\u0101. LKA rektors runas s\u0101kum\u0101\u00a0atz\u012bm\u0113ja, ka konferen\u010du s\u0113rija &#8220;Kult\u016bras krustpunkti&#8221;\u00a0ir LKA\u00a0p\u012bl\u0101rs un da\u013ca no identit\u0101tes, jo Kult\u016bras un m\u0101kslu\u00a0instit\u016bta\u00a0akt\u012bv\u0101 darb\u012bba un unik\u0101lie\u00a0rezult\u0101ti sniedz iesp\u0113ju notur\u0113t \u0161o konferen\u010du s\u0113riju ik gadu starptautiski augst\u0101 kvalit\u0101tes l\u012bmen\u012b. S\u012bmanis atz\u012bm\u0113ja, ka galvenais konferences m\u0113r\u0137is ir aktualiz\u0113t t\u0113mas un idejas, kas \u0161obr\u012bd patie\u0161\u0101m ir svar\u012bgas kult\u016bras kontekst\u0101.<\/p>\n<blockquote>\n<p style=\"margin-left:0cm; margin-right:0cm\">&#8220;K\u0101p\u0113c kult\u016bras konteksts mums ir svar\u012bgs? T\u0101p\u0113c, ka m\u016bsu valsts konteksts ir svar\u012bgs. \u0160odien konference ir tie\u0161i par kult\u016bras pakalpojumu grozu, kas, manupr\u0101t, jo \u012bpa\u0161i iez\u012bm\u0113 tos probl\u0113mlaukus, kas past\u0101v Latvijas kult\u016br\u0101 un ar\u012b kult\u016bras pat\u0113ri\u0146\u0101.<\/p>\n<\/blockquote>\n<p style=\"margin-left:0cm; margin-right:0cm\">Pirm\u0101m k\u0101rt\u0101m, jau tas, ka m\u0113s v\u0113lamies, lai ikviens Latvijas sabiedr\u012bbas loceklis b\u016btu iesaist\u012bts kult\u016bras pakalpojumu ieg\u016b\u0161an\u0101, lai vi\u0146am \u0161\u012b iesp\u0113ja b\u016btu \u0161aj\u0101 tehnolo\u0123iski tik \u0101tras att\u012bst\u012bbas laik\u0101, kad ikdien\u0101 main\u0101s formas, k\u0101 m\u0113s varam pieredz\u0113t vai ieg\u016bt kult\u016bras saturu, lai katrs\u00a0b\u016btu iesaist\u012bts, lai katrs cilv\u0113ks b\u016btu kl\u0101teso\u0161s, lai katram b\u016btu \u0161\u012b iesp\u0113ja b\u016bt pilnv\u0113rt\u012bgam Latvijas kult\u016bras pakalpojumu sa\u0146\u0113m\u0113jam,&#8221; konferenc\u0113 apl\u016bkoto probl\u0113mjaut\u0101jumu ievirzi iez\u012bm\u0113ja S\u012bmanis.<\/p>\n<p><a id=\"2\" name=\"2\"\/>Saprast ne tikai kult\u016bras, bet ar\u012b politiskos procesus<\/p>\n<p style=\"margin-left:0cm; margin-right:0cm\">Turpin\u0101jum\u0101 LKA rektors atz\u012bm\u0113ja &#8220;Kult\u016bras krustpunktu&#8221;, citu konferen\u010du un publisku dialogu noz\u012bmi sabiedr\u012bbas izgl\u012bto\u0161an\u0101 ne tikai kult\u016bras, bet ar\u012b soci\u0101los un politiskos jaut\u0101jumos, izce\u013cot aktu\u0101los notikumus Latvijas politik\u0101: &#8220;Vienlaikus [kult\u016bras konteksts] ar\u012b ir svar\u012bgs pavisam no cita aspekta. M\u0113s redzam, kas notiek Latvijas politik\u0101, un m\u0113s redzam, cik \u013coti svar\u012bgi ir mums k\u0101 sabiedr\u012bbai b\u016bt izgl\u012btotai, kult\u016br\u0101 bag\u0101tai un saprast tos procesus, kas ne tikai notiek\u00a0kult\u016br\u0101, bet ar\u012b saprast tos procesus, kas notiek soci\u0101li, saprast tos procesus, kas notiek politiski.<\/p>\n<blockquote>\n<p style=\"margin-left:0cm; margin-right:0cm\">\u0160obr\u012bd mums ir unik\u0101la iesp\u0113ja pieredz\u0113t to, k\u0101 cilv\u0113ki, kuriem m\u0113s esam dele\u0123\u0113ju\u0161i politisko varu, izv\u0113las r\u0101d\u012bt piem\u0113ru, k\u0101 b\u016bt bez kult\u016bras, bez dom\u0101\u0161anas, bez idej\u0101m, tikai ar aukstu, trulu politisku apr\u0113\u0137inu izr\u012bkoties ar mums, sabiedr\u012bbu un valsti t\u0101, k\u0101 vi\u0146iem ien\u0101k pr\u0101t\u0101.<\/p>\n<\/blockquote>\n<p style=\"margin-left:0cm; margin-right:0cm\">\u0160\u012b situ\u0101cija ir baisa, \u0161\u012b situ\u0101cija ir skumja, bet esmu piln\u012bgi p\u0101rliecin\u0101ts, ka, pateicoties \u0161ai konferencei, cit\u0101m konferenc\u0113m, cit\u0101m sabiedriskaj\u0101m aktivit\u0101t\u0113m, cilv\u0113ku sp\u0113jai komunic\u0113t, dialogam, lab\u0101m idej\u0101m un izgl\u012btotai sabiedr\u012bbai, kult\u016br\u0101 izgl\u012btotai sabiedr\u012bbai, m\u0113s tam n\u0101kotn\u0113 ne\u013causim notikt t\u0101d\u0101 veid\u0101, k\u0101 tas noticis ir p\u0113d\u0113j\u0101s dien\u0101s. Es nov\u0113lu jums \u013coti skaistu, \u013coti idej\u0101m bag\u0101tu, interesant\u0101m dom\u0101m, interesant\u0101m diskusij\u0101m un, galvenais, ar interesantiem rezult\u0101tiem pilnu konferenci.&#8221;<\/p>\n<p><a id=\"3\" name=\"3\"\/>Kult\u016bras un m\u0101kslas jomas p\u0101rst\u0101vjiem \u2013 strat\u0113\u0123iska noz\u012bme<\/p>\n<p style=\"margin-left:0cm; margin-right:0cm\">P\u0113c S\u012bma\u0146a konferences dal\u012bbniekus un klaus\u012bt\u0101jus uzrun\u0101ja LKA\u00a0prorektore zin\u0101tniskaj\u0101 darb\u0101 un Kult\u016bras un m\u0101kslu instit\u016bta vad\u012bt\u0101ja Anda La\u0137e, kura akcent\u0113ja &#8220;Kult\u016bras krustpunktu&#8221; noz\u012bmi k\u0101 notikumu, kas stiprina humanit\u0101r\u0101s, m\u0101kslas, soci\u0101l\u0101s\u00a0zin\u0101tnes un\u00a0p\u0113t\u012bjumus taj\u0101s. Run\u0101jot par \u0161o jomu zin\u0101tniekiem un citiem ar t\u0101m saist\u012btajiem darbiniekiem, La\u0137e atsauc\u0101s uz rektora ievad\u012bto domu: &#8220;\u0160obr\u012bd \u2013 gan to notikumu kontekst\u0101, ko rektors jau min\u0113ja, gan glob\u0101l\u0101k \u2013\u00a0 m\u0113s par kult\u016bras un m\u0101kslas jomas zin\u0101tniekiem un tiem, kas ar \u0161o jomu ir saist\u012bti, run\u0101j\u0101m k\u0101 par t\u0101du kopienu, kurai ir strat\u0113\u0123iska noz\u012bme, nevis otr\u0161\u0137ir\u012bga noz\u012bme. Jo tie\u0161i tas, k\u0101 cilv\u0113ki att\u012bst\u012bs savas v\u0113rt\u012bbas, k\u0101 vi\u0146i izteiks t\u0101s, k\u0101 vi\u0146i iest\u0101sies par \u0161\u012bm v\u0113rt\u012bb\u0101m \u2013 tas dro\u0161i vien b\u016bs iz\u0161\u0137iro\u0161ais.<\/p>\n<blockquote>\n<p style=\"margin-left:0cm; margin-right:0cm\">M\u016bsu bru\u0146o\u0161an\u0101s temps nevar b\u016bt tas, kas noteiks Latvijas att\u012bst\u012bbas virzienu.<\/p>\n<\/blockquote>\n<p style=\"margin-left:0cm; margin-right:0cm\">Tas t\u0101, strat\u0113\u0123iski un nedaudz pat\u0113tiski [sakot].&#8221;<\/p>\n<p><a id=\"4\" name=\"4\"\/>&#8220;Sabiedr\u012bbas intereses\u00a0p\u0101rst\u0101v, teiksim t\u0101, vienk\u0101r\u0161u\u00a0sapr\u0101tu ignor\u0113jo\u0161a politisk\u0101 grupa&#8221;<\/p>\n<p style=\"margin-left:0cm; margin-right:0cm\">Neilgi p\u0113c konferences atkl\u0101\u0161anas D\u0101vis S\u012bmanis viesoj\u0101s raid\u012bjum\u0101 &#8220;Kult\u016bras rondo&#8221;, kur koment\u0113ja, k\u0101d\u0113\u013c &#8220;Kult\u016bras krustpunktu&#8221; atkl\u0101\u0161anas run\u0101 izv\u0113l\u0113j\u0101s b\u016bt \u013coti tie\u0161s un pat nesaudz\u012bgs, run\u0101jot par kult\u016bru un izgl\u012bt\u012bbu: &#8220;Es dom\u0101ju, ka m\u0113s dz\u012bvojam \u012bsten\u012bb\u0101 \u013coti kritisk\u0101 un ar\u012b \u013coti skumj\u0101 br\u012bd\u012b. Bet skumj\u0101 br\u012bd\u012b, kas, es ceru, ka p\u0101rtaps t\u0101d\u0101 \u2013\u00a0uz\u00a0n\u0101kotni v\u0113rsts.&#8221;<\/p>\n<p style=\"margin-left:0cm; margin-right:0cm\">S\u012bmanis izc\u0113la, ka &#8220;Kult\u016bras krustpunktu&#8221; konferences centr\u0101 eso\u0161os kult\u016bras groza pieejam\u012bbas\u00a0probl\u0113mjaut\u0101jumus nepiecie\u0161ams risin\u0101t, jo ir svar\u012bgi, lai ikvienam Latvijas iedz\u012bvot\u0101jam b\u016btu nodro\u0161in\u0101ta pieejam\u012bba kult\u016bras saturam.<\/p>\n<blockquote>\n<p style=\"margin-left:0cm; margin-right:0cm\">&#8220;Jo m\u0113s redzam to, ka \u0161obr\u012bd m\u016bs,\u00a0sabiedr\u012bbas intereses,\u00a0p\u0101rst\u0101v kaut k\u0101da, nu, teiksim t\u0101, vienk\u0101r\u0161u\u00a0sapr\u0101tu ignor\u0113jo\u0161a politisk\u0101 grupa, kura princip\u0101 uzskata, ka tai ir dots mand\u0101ts izr\u012bkoties ar m\u016bsu n\u0101kotni, k\u0101 vi\u0146iem ien\u0101k pr\u0101t\u0101.<\/p>\n<\/blockquote>\n<p style=\"margin-left:0cm; margin-right:0cm\"><a id=\"5\" name=\"5\"\/>Un \u0161aj\u0101 br\u012bd\u012b ir \u013coti svar\u012bgi, lai m\u0113s b\u016btu pietiekami gudri, pietiekami izgl\u012btoti, pietiekami bag\u0101ti sav\u0101 kult\u016bras sp\u0113k\u0101, lai pateiktu, ka &#8220;m\u0113s t\u0101 negribam&#8221;,\u00a0ka vi\u0146i nerun\u0101 m\u016bsu valodu, vi\u0146i nerun\u0101 m\u016bsu domas un, lai ar\u012b k\u0101 vi\u0146i cen\u0161as pier\u0101d\u012bt ar da\u017e\u0101da veida d\u012bvainiem faktiem un da\u017e\u0101da veida argumentiem,\u00a0tas viss ir smiekl\u012bgi,&#8221; sac\u012bja LKA rektors, pie viena atz\u012bm\u0113jot, ka sabiedr\u012bbai vair\u0101k j\u0101dom\u0101 par b\u0113rnu un jaunie\u0161u n\u0101kotni, k\u0101d\u0101 valst\u012b vi\u0146i v\u0113las dz\u012bvot.<\/p>\n<blockquote>\n<p style=\"margin-left:0cm; margin-right:0cm\">&#8220;Manupr\u0101t, jaunie\u0161i \u013coti stingri ir pateiku\u0161i, kur\u0101 virzien\u0101 vi\u0146i v\u0113las virz\u012bties. Vi\u0146i ir pateiku\u0161i &#8220;n\u0113&#8221; \u0161im\u00a0princip\u0101 gerontokr\u0101tu, veco cilv\u0113ku [virzienam].<\/p>\n<\/blockquote>\n<p style=\"margin-left:0cm; margin-right:0cm\">(..) Un \u0161\u012b attieksme, nu, t\u0101 ir baisa attieksme. Bet es dom\u0101ju, ka mums kop\u0101 tas izdosies, un es ceru, ka ceturtdien protestos sapulc\u0113sies tik daudz cilv\u0113ku, ka to nevar\u0113s vienk\u0101r\u0161i norakst\u012bt uz kaut k\u0101du nelielu neveiksmi, kaut k\u0101du d\u012bvainu cilv\u0113ku grupi\u0146u, kas p\u0113k\u0161\u0146i kaut ko m\u0113\u0123ina iebilst\u00a0Saeimas visvaren\u012bbai,&#8221; pauda S\u012bmanis.<\/p>\n<p><a id=\"6\" name=\"6\"\/>J\u0101b\u016bt politiski akt\u012bviem ne tikai reizi \u010detros gados<\/p>\n<p style=\"margin-left:0cm; margin-right:0cm\">S\u012bmani nav p\u0101rsteidzis politi\u0137u l\u0113mums vai iesp\u0113jamais izgl\u012bt\u012bbas vai kult\u016bras tr\u016bkums. Vair\u0101k rektoru skumdina sabiedr\u012bbas p\u0101rlieku ilg\u0101 pasivit\u0101te, politisk\u0101 neiesaist\u012b\u0161an\u0101s un pilsonisk\u0101s aktivit\u0101tes tr\u016bkums: &#8220;T\u0101p\u0113c jau m\u0113s ar\u012b esam ieguvu\u0161i t\u0101du Saeimu, k\u0101du m\u0113s esam ieguvu\u0161i. T\u0101 jau nav kaut k\u0101du\u00a0br\u012bnumu vai burvest\u012bbu rezult\u0101t\u0101 tapusi. Tas\u00a0ir m\u016bsu pa\u0161u izv\u0113\u013cu rezult\u0101ts.<\/p>\n<blockquote>\n<p style=\"margin-left:0cm; margin-right:0cm\">Bet m\u016bsu izv\u0113le \u0161aj\u0101 gad\u012bjum\u0101 ir vair\u0101k saist\u012bta ar to, ka m\u0113s vienk\u0101r\u0161i neesam politiski akt\u012bvi. T\u0101\u00a0pilsonisk\u0101s aktivit\u0101tes izpratne norobe\u017eojas ar to, ka m\u0113s vienreiz \u010detros gados aizejam nov\u0113l\u0113t, un t\u0101l\u0101k par to m\u0113s netiekam.<\/p>\n<\/blockquote>\n<p style=\"margin-left:0cm; margin-right:0cm\">Paties\u012bb\u0101,\u00a0ja m\u0113s gribam dom\u0101t par savu valsti, ja\u00a0m\u0113s gribam dom\u0101t par to, lai t\u0101 att\u012bst\u0101s, lai nav t\u0101, ka visu laiku\u00a0no m\u016bsu\u00a0puses tikai atskan kaut k\u0101das s\u016bdz\u012bbas par to, ka kaut kas netiek dar\u012bts politik\u0101 pareizi, kaut k\u0101da veida akt\u012bva darb\u012bba ir j\u0101veic ikdien\u0101. Piem\u0113ram, \u0161obr\u012bd Alvis Hermanis, kur\u0161\u00a0ir viens no t\u0101diem akt\u012bvajiem, teiksim t\u0101, jaunajiem politi\u0137iem, lai ar\u012b es dom\u0101ju, ka m\u016bsu priek\u0161stati\u00a0par kaut k\u0101d\u0101m liet\u0101m stipri at\u0161\u0137iras, bet viena lieta, kur es varu piekrist, \u2013\u00a0paties\u012bb\u0101 katram pilsonim ir sav\u0101 veid\u0101 atbild\u012bba un pien\u0101kums veidot savu &#8220;ide\u0101lo Latviju&#8221; ap sevi taj\u0101, ko tu dari, taj\u0101, ko\u00a0tu veic, k\u0101 tu ikdien\u0101 savu aktivit\u0101ti paud.<\/p>\n<blockquote>\n<p style=\"margin-left:0cm; margin-right:0cm\">Attiec\u012bgi tur j\u0101b\u016bt iekod\u0113tam kaut k\u0101dam &#8220;ide\u0101l\u0101s Latvijas&#8221; modelim. Ja t\u0101\u00a0tur nav, tas noz\u012bm\u0113, ka t\u0101 aktivit\u0101te neveicina kop\u0113jo sabiedrisko labumu. Un \u0161\u012b pilsonisk\u0101 saj\u016bta \u2013 t\u0101 mums ir bijusi kaut k\u0101 noplicin\u0101ta.<\/p>\n<\/blockquote>\n<p style=\"margin-left:0cm; margin-right:0cm\">M\u0113s ar\u012b LKA un\u00a0&#8220;Kult\u016bras krustpunktu&#8221; konferen\u010du kontekst\u0101 dom\u0101jam par to, k\u0101 demokr\u0101tijas un politisk\u0101s l\u012bdzdal\u012bbas, un pilsoniskuma termini attiecas uz jauniem cilv\u0113kiem un k\u0101d\u0101 veid\u0101 vi\u0146u aktivit\u0101te ir \u013coti svar\u012bga. To ir ar\u012b svar\u012bgi p\u0113t\u012bt, un par to svar\u012bgi run\u0101t. M\u0113s ar\u012b dom\u0101jam par t\u0101du demokr\u0101tiska\u00a0instit\u016bta veido\u0161anu m\u016bsu p\u0113tniec\u012bbas instit\u016bt\u0101, t\u0101du\u00a0k\u0101 apak\u0161noda\u013cu, kas kaut k\u0101d\u0101 veid\u0101\u00a0dom\u0101 tie\u0161i par \u0161iem konceptiem humanit\u0101ro,\u00a0soci\u0101lo zin\u0101t\u0146u un ar\u012b m\u0101kslas zin\u0101t\u0146u jom\u0101. Man tas vienk\u0101r\u0161i liekas svar\u012bgi.<\/p>\n<blockquote>\n<p style=\"margin-left:0cm; margin-right:0cm\">Bet es redzu, ka \u0161is ir tas br\u012bdis, kur\u0101 sabiedr\u012bba mostas. Un tas ir labi.&#8221;<\/p>\n<\/blockquote>\n<p>KONTEKSTS:<\/p>\n<p>29. oktobr\u012b ar opoz\u012bcijas un Za\u013co un Zemnieku savien\u012bbas (ZZS) bals\u012bm Saeima pie\u0146\u0113ma likumu par Latvijas izst\u0101\u0161anos no Stambulas konvencijas. Tas notika steidzam\u012bbas k\u0101rt\u0101, tom\u0113r t\u0101 netika noteikta ar 2\/3 balsu vair\u0101kumu, kas Valsts prezidentam dod iesp\u0113ju\u00a0to neizsludin\u0101t un atdot otrreiz\u0113jai caurl\u016bko\u0161anai parlament\u0101.\u00a0No l\u0113muma pretiniekiem izskan\u0113ja\u00a0ar\u012b citi iesp\u0113jamie risin\u0101jumi likuma sp\u0113k\u0101 st\u0101\u0161an\u0101s aptur\u0113\u0161anai vai aizkav\u0113\u0161anai \u2013 v\u0113r\u0161an\u0101s Satversmes ties\u0101 vai aicin\u0101jums prezidentam aptur\u0113t likuma izsludin\u0101\u0161anu, dodot laiku parakstu v\u0101k\u0161anai referenduma ierosin\u0101\u0161anai.<\/p>\n<p>3. novembra vakar\u0101, kad par aicin\u0101jumu prezidentam neparakst\u012bt izst\u0101\u0161anos no konvencijas platform\u0101 &#8220;ManaBalss.lv&#8221; bija parakst\u012bju\u0161i\u00a0aptuveni 61 000 cilv\u0113ku, Valsts prezidents Edgars Rink\u0113vi\u010ds pazi\u0146oja, ka izmantos savas ties\u012bbas pras\u012bt Stambulas konvencijas denons\u0113\u0161anas likuma otrreiz\u0113ju caurl\u016bko\u0161anu. Vienlaikus prezidents uzskata, ka \u0161is l\u0113mums b\u016btu j\u0101p\u0101rskata n\u0101kamajam Saeimas sasaukumam.<\/p>\n<p>Platform\u0101 &#8220;ManaBalss.lv&#8221; aicin\u0101jumu Valsts prezidentam neparakst\u012bt likumu, kas paredz Latvijas izst\u0101\u0161anos no Stambulas konvencijas, parakst\u012bju\u0161i vair\u0101k nek\u0101 64 750 cilv\u0113ku, un t\u0101 ir k\u013cuvusi par popul\u0101r\u0101ko iniciat\u012bvu platformas &#8220;ManaBalss.lv&#8221; v\u0113stur\u0113. Tik daudz parakstu sav\u0101kti \u010detru dienu laik\u0101, un to skaits turpina augt.<\/p>\n<p>Vairums ekspertu un nevalstisko organiz\u0101ciju, kas str\u0101d\u0101 ar vardarb\u012bbas nov\u0113r\u0161anas jaut\u0101jumiem, iebilst pret ieceri izst\u0101ties no konvencijas, pau\u017eot ba\u017eas, ka tas mazin\u0101s cietu\u0161o aizst\u0101v\u0113\u0161anu pret vardarb\u012bbu un negat\u012bvi ietekm\u0113s Latvijas starptautisko t\u0113lu Rietumu sabiedroto ac\u012bs.\u00a0<\/p>\n<p>Sievie\u0161u ties\u012bbu aizsardz\u012bbas organiz\u0101cija, centrs Marta&#8221; un vair\u0101kas citas nevalstisk\u0101s organiz\u0101cijas ir nos\u016bt\u012bju\u0161as v\u0113stuli Valsts prezidentam Edgaram Rink\u0113vi\u010dam, aicinot nodot likumu par izst\u0101\u0161anos no konvencijas otrreiz\u0113jai caurl\u016bko\u0161anai Saeim\u0101. To parakst\u012bju\u0161i vair\u0101k nek\u0101 2000 cilv\u0113ku.<\/p>\n<p>Latvij\u0101 Eiropas Padomes Konvencija par vardarb\u012bbas pret sieviet\u0113m un vardarb\u012bbas \u0123imen\u0113 nov\u0113r\u0161anu un apkaro\u0161anu jeb t\u0101 d\u0113v\u0113t\u0101 Stambulas konvencija st\u0101j\u0101s sp\u0113k\u0101 pag\u0101ju\u0161\u0101 gada 1. maij\u0101. Tas ir starptautisks l\u012bgums, kas paredz, ka t\u0101 dal\u012bbvalst\u012bm ir j\u0101izstr\u0101d\u0101 saska\u0146ota politika, lai lab\u0101k var\u0113tu aizsarg\u0101t sievietes no visu veidu vardarb\u012bbas, k\u0101 ar\u012b sievietes un v\u012brie\u0161us no vardarb\u012bbas \u0123imen\u0113. Tostarp dal\u012bbvalst\u012bm ir j\u0101nodro\u0161ina cietu\u0161ajiem vispus\u012bga pal\u012bdz\u012bba un aizsardz\u012bba, kr\u012bzes centri, kr\u012bzes t\u0101lrunis, kas darbojas diennakti, specializ\u0113tie atbalsta centri no seksu\u0101las vardarb\u012bbas cietu\u0161\u0101m person\u0101m, j\u0101aizsarg\u0101 un j\u0101atbalsta b\u0113rni, kas ir vardarb\u012bbas liecinieki.<\/p>\n","protected":false},"excerpt":{"rendered":"&#8220;\u0160obr\u012bd mums ir unik\u0101la iesp\u0113ja pieredz\u0113t to, k\u0101 cilv\u0113ki, kuriem m\u0113s esam dele\u0123\u0113ju\u0161i politisko varu, izv\u0113l\u0101s r\u0101d\u012bt piem\u0113ru,&hellip;\n","protected":false},"author":2,"featured_media":39931,"comment_status":"","ping_status":"","sticky":false,"template":"","format":"standard","meta":{"footnotes":""},"categories":[5],"tags":[23,28,29,32,33,22,30,31,35,39,38,36,37,34,40,20,26,27,24,25,21],"class_list":{"0":"post-39930","1":"post","2":"type-post","3":"status-publish","4":"format-standard","5":"has-post-thumbnail","7":"category-aktualitates","8":"tag-aktualitates","9":"tag-breaking-news","10":"tag-breakingnews","11":"tag-featured-news","12":"tag-featurednews","13":"tag-headlines","14":"tag-latest-news","15":"tag-latestnews","16":"tag-latvia","17":"tag-latvian","18":"tag-latviesu","19":"tag-latviesu-valoda","20":"tag-latviesuvaloda","21":"tag-latvija","22":"tag-lv","23":"tag-news","24":"tag-popularakas-zinas","25":"tag-popularakaszinas","26":"tag-top-stories","27":"tag-topstories","28":"tag-zinas"},"share_on_mastodon":{"url":"https:\/\/pubeurope.com\/@lv\/115491955190291825","error":""},"_links":{"self":[{"href":"https:\/\/www.europesays.com\/lv\/wp-json\/wp\/v2\/posts\/39930","targetHints":{"allow":["GET"]}}],"collection":[{"href":"https:\/\/www.europesays.com\/lv\/wp-json\/wp\/v2\/posts"}],"about":[{"href":"https:\/\/www.europesays.com\/lv\/wp-json\/wp\/v2\/types\/post"}],"author":[{"embeddable":true,"href":"https:\/\/www.europesays.com\/lv\/wp-json\/wp\/v2\/users\/2"}],"replies":[{"embeddable":true,"href":"https:\/\/www.europesays.com\/lv\/wp-json\/wp\/v2\/comments?post=39930"}],"version-history":[{"count":0,"href":"https:\/\/www.europesays.com\/lv\/wp-json\/wp\/v2\/posts\/39930\/revisions"}],"wp:featuredmedia":[{"embeddable":true,"href":"https:\/\/www.europesays.com\/lv\/wp-json\/wp\/v2\/media\/39931"}],"wp:attachment":[{"href":"https:\/\/www.europesays.com\/lv\/wp-json\/wp\/v2\/media?parent=39930"}],"wp:term":[{"taxonomy":"category","embeddable":true,"href":"https:\/\/www.europesays.com\/lv\/wp-json\/wp\/v2\/categories?post=39930"},{"taxonomy":"post_tag","embeddable":true,"href":"https:\/\/www.europesays.com\/lv\/wp-json\/wp\/v2\/tags?post=39930"}],"curies":[{"name":"wp","href":"https:\/\/api.w.org\/{rel}","templated":true}]}}