{"id":39936,"date":"2025-11-04T14:47:08","date_gmt":"2025-11-04T14:47:08","guid":{"rendered":"https:\/\/www.europesays.com\/lv\/39936\/"},"modified":"2025-11-04T14:47:08","modified_gmt":"2025-11-04T14:47:08","slug":"saeimas-komisija-neatbalsta-siksna-kandidaturu-seplp-locekla-amatam-nvo-cel-trauksmi-lr1-latvijas-radio","status":"publish","type":"post","link":"https:\/\/www.europesays.com\/lv\/39936\/","title":{"rendered":"Saeimas komisija neatbalsta Sik\u0161\u0146a kandidat\u016bru SEPLP locek\u013ca amatam; NVO ce\u013c trauksmi \/ LR1 \/ \/ Latvijas Radio"},"content":{"rendered":"<p><a href=\"https:\/\/mapp.latvijasradio.lv\/shared-broadcast?b=124&amp;url=http:\/\/latvijasradio.lsm.lv\/lv\/lr1\/raidijumi\/pecpusdiena\/\" target=\"_blank\" rel=\"nofollow noopener\"><img decoding=\"async\" alt=\"Latvijas Radio lietotnes logo\" src=\"https:\/\/www.europesays.com\/lv\/wp-content\/uploads\/2025\/11\/1762267628_734_LR_pod poga.png\" style=\"width: 150px; height: 41px;\"\/><\/a><\/p>\n<p>Bez jaut\u0101jumiem, debat\u0113m vai k\u0101diem koment\u0101riem. \u0160odien, 4. novembr\u012b, Saeimas atbild\u012bg\u0101 komisija Latvijas sabiedrisk\u0101 medija uzrauga valdes locek\u013ca amatam neatbalst\u012bja J\u0101\u0146a Sik\u0161\u0146a kandidat\u016bru. Lai gan par Siksni v\u0113l lems Saeimas s\u0113d\u0113, \u013coti iesp\u0113jams, ka vi\u0146a kandidat\u016bru vairums deput\u0101tu neatbalst\u012bs. T\u0101d\u0113j\u0101di vi\u0146\u0161 k\u013c\u016bs par jau otro kandid\u0101tu, ko Sabiedrisko elektronisko pla\u0161sazi\u0146as l\u012bdzek\u013cu padomes (SEPLP) valdes amatam virza sabiedrisk\u0101s organiz\u0101cijas. Lielu risku notieko\u0161aj\u0101 saskata mediju eksperti, nor\u0101dot uz konstitucion\u0101l\u0101s kr\u012bzes draudiem.<\/p>\n<p>Sabiedrisko elektronisko pla\u0161sazi\u0146as l\u012bdzek\u013cu padomi izv\u0113las tr\u012bs puses \u2013 vienu locekli izvirza Valsts prezidents, otru Saeimas deput\u0101ti, bet tre\u0161o \u2013 nevalstisk\u0101s organiz\u0101cijas. \u0160odien asto\u0146i no desmit Cilv\u0113kties\u012bbu un sabiedrisko lietu komisijas deput\u0101tiem iepriek\u0161\u0113jo padomes vad\u012bt\u0101ju J\u0101ni Siksni neatbalst\u012bja. Pret vi\u0146u balsoja opoz\u012bcijas frakcijas \u201eLatvija Pirmaj\u0101 viet\u0101\u201d deput\u0101te Maija Arma\u0146eva, pie frakcij\u0101m nepiedero\u0161ais Didzis \u0160mits un abi opoz\u012bcijas frakcijas \u201eNacion\u0101l\u0101 apvien\u012bba\u201d deput\u0101ti Jur\u0123is Kloti\u0146\u0161 un J\u0101nis Grasbergs, kur\u0161 neatbalsta tie\u0161i Siksni un uzskata, ka padomes locek\u013cu skaitu ir j\u0101samazina no trim l\u012bdz diviem valdes locek\u013ciem. T\u0101d\u0113j\u0101di gad\u0101 var\u0113\u0161ot ietaup\u012bt l\u012bdz pat simt t\u016bksto\u0161iem eiro.<\/p>\n<p>Ieteikt<\/p>\n<p>    Latvijas Radio aicina izteikt savu viedokli par raid\u012bjum\u0101 dzird\u0113to un atbalsta diskusijas klaus\u012bt\u0101ju starp\u0101, tom\u0113r patur ties\u012bbas dz\u0113st koment\u0101rus, kas p\u0101rk\u0101pj cie\u0146pilnas attieksmes un \u0113tiskas r\u012bc\u012bbas robe\u017eas.<a name=\"comments\"\/><\/p>\n","protected":false},"excerpt":{"rendered":"Bez jaut\u0101jumiem, debat\u0113m vai k\u0101diem koment\u0101riem. \u0160odien, 4. novembr\u012b, Saeimas atbild\u012bg\u0101 komisija Latvijas sabiedrisk\u0101 medija uzrauga valdes locek\u013ca&hellip;\n","protected":false},"author":2,"featured_media":39937,"comment_status":"","ping_status":"","sticky":false,"template":"","format":"standard","meta":{"footnotes":""},"categories":[5],"tags":[23,28,29,32,33,22,30,31,35,39,38,36,37,34,40,20,26,27,24,25,21],"class_list":{"0":"post-39936","1":"post","2":"type-post","3":"status-publish","4":"format-standard","5":"has-post-thumbnail","7":"category-aktualitates","8":"tag-aktualitates","9":"tag-breaking-news","10":"tag-breakingnews","11":"tag-featured-news","12":"tag-featurednews","13":"tag-headlines","14":"tag-latest-news","15":"tag-latestnews","16":"tag-latvia","17":"tag-latvian","18":"tag-latviesu","19":"tag-latviesu-valoda","20":"tag-latviesuvaloda","21":"tag-latvija","22":"tag-lv","23":"tag-news","24":"tag-popularakas-zinas","25":"tag-popularakaszinas","26":"tag-top-stories","27":"tag-topstories","28":"tag-zinas"},"share_on_mastodon":{"url":"https:\/\/pubeurope.com\/@lv\/115491978912676551","error":""},"_links":{"self":[{"href":"https:\/\/www.europesays.com\/lv\/wp-json\/wp\/v2\/posts\/39936","targetHints":{"allow":["GET"]}}],"collection":[{"href":"https:\/\/www.europesays.com\/lv\/wp-json\/wp\/v2\/posts"}],"about":[{"href":"https:\/\/www.europesays.com\/lv\/wp-json\/wp\/v2\/types\/post"}],"author":[{"embeddable":true,"href":"https:\/\/www.europesays.com\/lv\/wp-json\/wp\/v2\/users\/2"}],"replies":[{"embeddable":true,"href":"https:\/\/www.europesays.com\/lv\/wp-json\/wp\/v2\/comments?post=39936"}],"version-history":[{"count":0,"href":"https:\/\/www.europesays.com\/lv\/wp-json\/wp\/v2\/posts\/39936\/revisions"}],"wp:featuredmedia":[{"embeddable":true,"href":"https:\/\/www.europesays.com\/lv\/wp-json\/wp\/v2\/media\/39937"}],"wp:attachment":[{"href":"https:\/\/www.europesays.com\/lv\/wp-json\/wp\/v2\/media?parent=39936"}],"wp:term":[{"taxonomy":"category","embeddable":true,"href":"https:\/\/www.europesays.com\/lv\/wp-json\/wp\/v2\/categories?post=39936"},{"taxonomy":"post_tag","embeddable":true,"href":"https:\/\/www.europesays.com\/lv\/wp-json\/wp\/v2\/tags?post=39936"}],"curies":[{"name":"wp","href":"https:\/\/api.w.org\/{rel}","templated":true}]}}