{"id":39946,"date":"2025-11-04T14:59:10","date_gmt":"2025-11-04T14:59:10","guid":{"rendered":"https:\/\/www.europesays.com\/lv\/39946\/"},"modified":"2025-11-04T14:59:10","modified_gmt":"2025-11-04T14:59:10","slug":"roma-sabrucis-viduslaiku-tornis-miris-viens-stradnieks","status":"publish","type":"post","link":"https:\/\/www.europesays.com\/lv\/39946\/","title":{"rendered":"Rom\u0101 sabrucis viduslaiku tornis; miris viens str\u0101dnieks &#8211;"},"content":{"rendered":"<p style=\"text-align: justify;\">Romas centr\u0101, net\u0101lu no t\u016bristu iecien\u012bt\u0101 Kolizeja, sabrucis viduslaikos celts tornis, kur\u0161 tika rekonstru\u0113ts, un viena zem gruve\u0161iem iesprostot\u0101 str\u0101dnieku dz\u012bv\u012bbu p\u0113c atbr\u012bvo\u0161anas nav izdevies gl\u0101bt, raksta britu raidorganiz\u0101cija<a href=\"https:\/\/www.bbc.com\/news\/articles\/ce3kz7jxe0po\" target=\"_blank\" rel=\"noopener nofollow\"> BBC.<\/a><\/p>\n<p style=\"text-align: justify;\">66 gadus veco rum\u0101\u0146u str\u0101dnieku no gruve\u0161iem izdev\u0101s atbr\u012bvot teju 12 stundas p\u0113c negad\u012bjuma, un lai gan v\u012brietis atbr\u012bvo\u0161anas br\u012bd\u012b v\u0113l bija dz\u012bvs, pa ce\u013cam uz slimn\u012bcu vi\u0146a sirds apst\u0101j\u0101s. Rum\u0101nijas \u0101rlietu ministrija inform\u0113jusi, ka sabruku\u0161aj\u0101 torn\u012b str\u0101d\u0101ja v\u0113l viens Rum\u0101nijas pilsonis.<\/p>\n<p style=\"text-align: justify;\">Viduslaiku tor\u0146a Torre de Konti da\u013ca vispirms nogruva pirmdienas, 3.novembra, r\u012bt\u0101, raksta <a href=\"https:\/\/www.politico.eu\/article\/medieval-tower-italy-torre-dei-conti-rome-being-restored-using-eu-cash-collapses\/\" target=\"_blank\" rel=\"noopener nofollow\">\u201cPolitico.\u201d<\/a> Tornis ir da\u013ca no cietok\u0161\u0146a, kas 13.gadsimt\u0101 tika uzb\u016bv\u0113ts k\u0101 t\u0101 br\u012b\u017ea p\u0101vesta Inokentija III \u0123imenes rezidence, un atjauno\u0161ana bija da\u013ca no Eiropas Savien\u012bbas projekta \u201cCaput Mundi,\u201d kas tiek finans\u0113ts no ES ekonomisk\u0101 atvese\u013co\u0161anas programmas l\u012bdzek\u013ciem. Tikai da\u017eas dienas pirms tra\u0123isk\u0101 negad\u012bjuma It\u0101lijas vald\u012bba apstiprin\u0101ja likuma izmai\u0146as, lai uzlabotu dro\u0161\u012bbu darba viet\u0101s p\u0113c virknes n\u0101v\u0113jo\u0161u gad\u012bjumu. Uz notikuma vietu 3.novembr\u012b dev\u0101s gan Romas m\u0113rs, gan It\u0101lijas kult\u016bras ministrs.<\/p>\n<p style=\"text-align: justify;\"><a href=\"https:\/\/www.bbc.com\/news\/articles\/ce3kz7jxe0po\" target=\"_blank\" rel=\"noopener nofollow\">BBC<\/a> raksta, ka<\/p>\n<blockquote>\n<p style=\"text-align: center;\">gl\u0101b\u0161anas darbi bija \u013coti sare\u017e\u0123\u012bti, un to laik\u0101 notika v\u0113l viens tor\u0146a konstrukciju nogruvums.<\/p>\n<\/blockquote>\n<p style=\"text-align: justify;\">Boj\u0101g\u0101ju\u0161ais str\u0101dnieks negad\u012bjuma br\u012bd\u012b veica vajadz\u012bgos darbus, lai torni iekonserv\u0113tu. \u0112ka jau gadiem bija tuk\u0161a un pamesta. Romas prokurora birojs ir uzs\u0101cis izmekl\u0113\u0161anu.<\/p>\n<p style=\"text-align: justify;\">Romas prefekts Lamberto D\u017eianini (Lamberto Giannini) situ\u0101ciju raksturoja k\u0101 \u013coti sare\u017e\u0123\u012btu. P\u0113c s\u0101kotn\u0113j\u0101 nogruvuma gl\u0101b\u0113jiem bija j\u0101nostiprina konstrukcijas ap iesprostoto v\u012brieti, un, kad notika otrais nogruvums, gl\u0101b\u0113ji aizsedza cietu\u0161o. Vi\u0146\u0161 piebilda, ka gl\u0101b\u0161anas oper\u0101cija bijusi tik gara, jo n\u0101cies mazin\u0101t risku gl\u0101b\u0113jiem. P\u0113c otr\u0101 nogruvuma viens no gl\u0101b\u0113jiem tika nog\u0101d\u0101ts slimn\u012bc\u0101, bet p\u0101r\u0113jie turpin\u0101ja darbu.<\/p>\n<p style=\"text-align: justify;\">Cits str\u0101dnieks, kuram izdev\u0101s izk\u013c\u016bt no tor\u0146a bez savainojumiem, zi\u0146u a\u0123ent\u016brai AFP sac\u012bja, ka tas nebija dro\u0161i, un vi\u0146\u0161 vienk\u0101r\u0161i v\u0113las doties m\u0101j\u0101s.<\/p>\n<p style=\"text-align: justify;\"><a href=\"https:\/\/bnn.lv\/parizes-prokuratura-luvras-laupisana-nav-organizetas-noziedzibas-darbs-65546\" target=\"_blank\" rel=\"noopener nofollow\">Lasiet ar\u012b: Par\u012bzes prokurat\u016bra: Luvras laup\u012b\u0161ana nav organiz\u0113t\u0101s noziedz\u012bbas darbs<\/a><\/p>\n<p>Seko mums ar\u012b\u00a0<a href=\"https:\/\/www.facebook.com\/bnnlv\" rel=\"nofollow noopener\" target=\"_blank\">Facebook<\/a>,\u00a0<a href=\"https:\/\/www.draugiem.lv\/bnn.lv\/\" rel=\"nofollow noopener\" target=\"_blank\">Draugiem<\/a>\u00a0un\u00a0<a href=\"https:\/\/twitter.com\/home\" rel=\"nofollow noopener\" target=\"_blank\">X<\/a>!<\/p>\n<p><script async src=\"https:\/\/platform.twitter.com\/widgets.js\" charset=\"utf-8\"><\/script><\/p>\n","protected":false},"excerpt":{"rendered":"Romas centr\u0101, net\u0101lu no t\u016bristu iecien\u012bt\u0101 Kolizeja, sabrucis viduslaikos celts tornis, kur\u0161 tika rekonstru\u0113ts, un viena zem gruve\u0161iem&hellip;\n","protected":false},"author":2,"featured_media":39947,"comment_status":"","ping_status":"","sticky":false,"template":"","format":"standard","meta":{"footnotes":""},"categories":[5],"tags":[23,28,29,32,33,22,30,31,35,39,38,36,37,34,40,20,26,27,24,25,21],"class_list":{"0":"post-39946","1":"post","2":"type-post","3":"status-publish","4":"format-standard","5":"has-post-thumbnail","7":"category-aktualitates","8":"tag-aktualitates","9":"tag-breaking-news","10":"tag-breakingnews","11":"tag-featured-news","12":"tag-featurednews","13":"tag-headlines","14":"tag-latest-news","15":"tag-latestnews","16":"tag-latvia","17":"tag-latvian","18":"tag-latviesu","19":"tag-latviesu-valoda","20":"tag-latviesuvaloda","21":"tag-latvija","22":"tag-lv","23":"tag-news","24":"tag-popularakas-zinas","25":"tag-popularakaszinas","26":"tag-top-stories","27":"tag-topstories","28":"tag-zinas"},"share_on_mastodon":{"url":"https:\/\/pubeurope.com\/@lv\/115492025970008091","error":""},"_links":{"self":[{"href":"https:\/\/www.europesays.com\/lv\/wp-json\/wp\/v2\/posts\/39946","targetHints":{"allow":["GET"]}}],"collection":[{"href":"https:\/\/www.europesays.com\/lv\/wp-json\/wp\/v2\/posts"}],"about":[{"href":"https:\/\/www.europesays.com\/lv\/wp-json\/wp\/v2\/types\/post"}],"author":[{"embeddable":true,"href":"https:\/\/www.europesays.com\/lv\/wp-json\/wp\/v2\/users\/2"}],"replies":[{"embeddable":true,"href":"https:\/\/www.europesays.com\/lv\/wp-json\/wp\/v2\/comments?post=39946"}],"version-history":[{"count":0,"href":"https:\/\/www.europesays.com\/lv\/wp-json\/wp\/v2\/posts\/39946\/revisions"}],"wp:featuredmedia":[{"embeddable":true,"href":"https:\/\/www.europesays.com\/lv\/wp-json\/wp\/v2\/media\/39947"}],"wp:attachment":[{"href":"https:\/\/www.europesays.com\/lv\/wp-json\/wp\/v2\/media?parent=39946"}],"wp:term":[{"taxonomy":"category","embeddable":true,"href":"https:\/\/www.europesays.com\/lv\/wp-json\/wp\/v2\/categories?post=39946"},{"taxonomy":"post_tag","embeddable":true,"href":"https:\/\/www.europesays.com\/lv\/wp-json\/wp\/v2\/tags?post=39946"}],"curies":[{"name":"wp","href":"https:\/\/api.w.org\/{rel}","templated":true}]}}