{"id":39948,"date":"2025-11-04T15:05:09","date_gmt":"2025-11-04T15:05:09","guid":{"rendered":"https:\/\/www.europesays.com\/lv\/39948\/"},"modified":"2025-11-04T15:05:09","modified_gmt":"2025-11-04T15:05:09","slug":"pusaudzis-ar-nazi-uzbrukuma-devinus-gadus-vecam-zenam-imanta","status":"publish","type":"post","link":"https:\/\/www.europesays.com\/lv\/39948\/","title":{"rendered":"Pusaudzis ar nazi uzbrukum\u0101 devi\u0146us gadus vecam z\u0113nam Imant\u0101"},"content":{"rendered":"<p class=\"descr\">Valsts policija s\u0101kusi krimin\u0101lprocesu par devi\u0146us gadus veca skol\u0113na sadur\u0161anu R\u012bg\u0101, Imant\u0101.<\/p>\n<p>Policij\u0101 3. novembr\u012b sa\u0146emts iesniegums no k\u0101da <a href=\"https:\/\/nra.lv\/birka\/skolenu-vecaki\/\" target=\"_blank\" rel=\"noopener nofollow\">skol\u0113na vec\u0101kiem<\/a> par to, ka pie 2016. gad\u0101 dzimu\u0161\u0101 z\u0113na pieg\u0101jis sve\u0161s pusaudzis, s\u0101cis konflikt\u0113t un <a href=\"https:\/\/nra.lv\/birka\/uzbrukums-ar-nazi\/\" target=\"_blank\" rel=\"noopener nofollow\">sad\u016bris<\/a> vi\u0146u plaukst\u0101, a\u0123ent\u016brai LETA apliecin\u0101ja Valsts policij\u0101.<\/p>\n<p>Papildin\u0101ts plkst. 15:53:<\/p>\n<p>Policij\u0101 s\u0101kts krimin\u0101lprocess un policija ir noskaidrojusi iesp\u0113jamo uzbruc\u0113ju, k\u0101du pusaudzi. Turpin\u0101s izmekl\u0113\u0161ana, lai noskaidrotu uzbrukuma mot\u012bvu un notiku\u0161\u0101 apst\u0101k\u013cus.<\/p>\n<p><a href=\"https:\/\/nra.lv\/birka\/valsts-policija\/\" rel=\"nofollow noopener\" target=\"_blank\">Policij\u0101<\/a> s\u0101kts krimin\u0101lprocess un notiek izmekl\u0113\u0161ana.<\/p>\n<p>Policija aicina atsaukties notiku\u0161\u0101 aculieciniekus, zvanot pa t\u0101lru\u0146a numuru 67 085 928, 29 4926 80 vai 112.<\/p>\n<p>  <img decoding=\"async\" style=\"max-width: 600px;\" src=\"https:\/\/www.europesays.com\/lv\/wp-content\/uploads\/2025\/11\/774079_8f63b9a8cc.jpg\" alt=\"\"\/> <\/p>\n<p class=\"descr-author\">Ekr\u0101nuz\u0146\u0113mums \/ Facebook<\/p>\n<p>\t\t\t\t\t\tinfo<\/p>\n<p>Uzzini pirmais<br \/>kas interesants noticis Latvij\u0101 un pasaul\u0113,<br \/>pievienojoties mums <a href=\"https:\/\/t.me\/neatkariga\" rel=\"nofollow\">Telegram<\/a> vai <a href=\"https:\/\/whatsapp.com\/channel\/0029VaMLFUH5K3zLU5s4wm3y\" rel=\"nofollow noopener\" target=\"_blank\">Whatsapp<\/a> kan\u0101l\u0101<\/p>\n","protected":false},"excerpt":{"rendered":"Valsts policija s\u0101kusi krimin\u0101lprocesu par devi\u0146us gadus veca skol\u0113na sadur\u0161anu R\u012bg\u0101, Imant\u0101. Policij\u0101 3. novembr\u012b sa\u0146emts iesniegums no&hellip;\n","protected":false},"author":2,"featured_media":39949,"comment_status":"","ping_status":"","sticky":false,"template":"","format":"standard","meta":{"footnotes":""},"categories":[5],"tags":[23,28,29,32,33,22,30,31,35,39,38,36,37,34,40,20,26,27,24,25,21],"class_list":{"0":"post-39948","1":"post","2":"type-post","3":"status-publish","4":"format-standard","5":"has-post-thumbnail","7":"category-aktualitates","8":"tag-aktualitates","9":"tag-breaking-news","10":"tag-breakingnews","11":"tag-featured-news","12":"tag-featurednews","13":"tag-headlines","14":"tag-latest-news","15":"tag-latestnews","16":"tag-latvia","17":"tag-latvian","18":"tag-latviesu","19":"tag-latviesu-valoda","20":"tag-latviesuvaloda","21":"tag-latvija","22":"tag-lv","23":"tag-news","24":"tag-popularakas-zinas","25":"tag-popularakaszinas","26":"tag-top-stories","27":"tag-topstories","28":"tag-zinas"},"share_on_mastodon":{"url":"https:\/\/pubeurope.com\/@lv\/115492049704596785","error":""},"_links":{"self":[{"href":"https:\/\/www.europesays.com\/lv\/wp-json\/wp\/v2\/posts\/39948","targetHints":{"allow":["GET"]}}],"collection":[{"href":"https:\/\/www.europesays.com\/lv\/wp-json\/wp\/v2\/posts"}],"about":[{"href":"https:\/\/www.europesays.com\/lv\/wp-json\/wp\/v2\/types\/post"}],"author":[{"embeddable":true,"href":"https:\/\/www.europesays.com\/lv\/wp-json\/wp\/v2\/users\/2"}],"replies":[{"embeddable":true,"href":"https:\/\/www.europesays.com\/lv\/wp-json\/wp\/v2\/comments?post=39948"}],"version-history":[{"count":0,"href":"https:\/\/www.europesays.com\/lv\/wp-json\/wp\/v2\/posts\/39948\/revisions"}],"wp:featuredmedia":[{"embeddable":true,"href":"https:\/\/www.europesays.com\/lv\/wp-json\/wp\/v2\/media\/39949"}],"wp:attachment":[{"href":"https:\/\/www.europesays.com\/lv\/wp-json\/wp\/v2\/media?parent=39948"}],"wp:term":[{"taxonomy":"category","embeddable":true,"href":"https:\/\/www.europesays.com\/lv\/wp-json\/wp\/v2\/categories?post=39948"},{"taxonomy":"post_tag","embeddable":true,"href":"https:\/\/www.europesays.com\/lv\/wp-json\/wp\/v2\/tags?post=39948"}],"curies":[{"name":"wp","href":"https:\/\/api.w.org\/{rel}","templated":true}]}}