{"id":39958,"date":"2025-11-04T15:17:20","date_gmt":"2025-11-04T15:17:20","guid":{"rendered":"https:\/\/www.europesays.com\/lv\/39958\/"},"modified":"2025-11-04T15:17:20","modified_gmt":"2025-11-04T15:17:20","slug":"31-gadu-vecs-virietis-no-latvijas-austrija-meginajis-sagrabt-kilniekus-santa-2","status":"publish","type":"post","link":"https:\/\/www.europesays.com\/lv\/39958\/","title":{"rendered":"31 gadu vecs v\u012brietis no Latvijas Austrij\u0101 m\u0113\u0123in\u0101jis sagr\u0101bt \u0137\u012blniekus \u2014 Santa"},"content":{"rendered":"<p>Brauciena laik\u0101 31 gadu vecais v\u012brietis pazi\u0146oja, ka vi\u0146\u0161 sagr\u0101bs \u0137\u012blniekus, ja vilcien\u0101 iek\u0101ps policisti, pav\u0113st\u012bja Zalcburgas policijas preses sekret\u0101rs.<\/p>\n<p>Kad vilciens apst\u0101j\u0101s Zalcburg\u0101, v\u012brieti aiztur\u0113ja specvien\u012bba. Viens policists tika ievainots, kad v\u012brietis m\u0113\u0123in\u0101ja pretoties aiztur\u0113\u0161anai, sac\u012bja policijas preses sekret\u0101rs.<\/p>\n<blockquote class=\"twitter-tweet\" data-media-max-width=\"560\"><p>&#13;<\/p>\n<p dir=\"ltr\" lang=\"en\">Austria prevents terror attack: Latvian man threatened to take hostages in Innsbruck<\/p>\n<p>On Monday, police at Salzburg\u2019s main train station detained a 31-year-old Latvian citizen who had threatened to carry out a hostage-taking in Innsbruck. The man was removed from a train\u2026 <a href=\"https:\/\/t.co\/CTkWiHVcwR\" target=\"_blank\" rel=\"nofollow\">https:\/\/t.co\/CTkWiHVcwR<\/a> <a href=\"https:\/\/t.co\/EqnarHqYCr\" target=\"_blank\" rel=\"nofollow\">pic.twitter.com\/EqnarHqYCr<\/a><\/p>\n<p>&#13;<br \/>\n \u2014  NEXTA (@nexta_tv) <a href=\"https:\/\/twitter.com\/nexta_tv\/status\/1985640614155694363?ref_src=twsrc%5Etfw\" target=\"_blank\" rel=\"nofollow noopener\">November 4, 2025<\/a><\/p><\/blockquote>\n<p>Aiztur\u0113tais v\u012brietis nebija bru\u0146ots, pav\u0113st\u012bja policija.<\/p>\n<p>Incidents notika da\u017eas dienas p\u0113c tam, kad vilcien\u0101 Lielbrit\u0101nij\u0101 tika sadurti vair\u0101ki cilv\u0113ki. \u0160aj\u0101 liet\u0101 ir aiztur\u0113ts un aps\u016bdz\u0113ts 32 gadus vecs v\u012brietis.<\/p>\n<p>\u00a0<\/p>\n<p>\t\t\t\t<script async src=\"https:\/\/platform.twitter.com\/widgets.js\" charset=\"utf-8\"><\/script><\/p>\n","protected":false},"excerpt":{"rendered":"Brauciena laik\u0101 31 gadu vecais v\u012brietis pazi\u0146oja, ka vi\u0146\u0161 sagr\u0101bs \u0137\u012blniekus, ja vilcien\u0101 iek\u0101ps policisti, pav\u0113st\u012bja Zalcburgas policijas&hellip;\n","protected":false},"author":2,"featured_media":39681,"comment_status":"","ping_status":"","sticky":false,"template":"","format":"standard","meta":{"footnotes":""},"categories":[5],"tags":[23,28,29,32,33,22,30,31,35,39,38,36,37,34,40,20,26,27,24,25,21],"class_list":{"0":"post-39958","1":"post","2":"type-post","3":"status-publish","4":"format-standard","5":"has-post-thumbnail","7":"category-aktualitates","8":"tag-aktualitates","9":"tag-breaking-news","10":"tag-breakingnews","11":"tag-featured-news","12":"tag-featurednews","13":"tag-headlines","14":"tag-latest-news","15":"tag-latestnews","16":"tag-latvia","17":"tag-latvian","18":"tag-latviesu","19":"tag-latviesu-valoda","20":"tag-latviesuvaloda","21":"tag-latvija","22":"tag-lv","23":"tag-news","24":"tag-popularakas-zinas","25":"tag-popularakaszinas","26":"tag-top-stories","27":"tag-topstories","28":"tag-zinas"},"share_on_mastodon":{"url":"https:\/\/pubeurope.com\/@lv\/115492097326698260","error":""},"_links":{"self":[{"href":"https:\/\/www.europesays.com\/lv\/wp-json\/wp\/v2\/posts\/39958","targetHints":{"allow":["GET"]}}],"collection":[{"href":"https:\/\/www.europesays.com\/lv\/wp-json\/wp\/v2\/posts"}],"about":[{"href":"https:\/\/www.europesays.com\/lv\/wp-json\/wp\/v2\/types\/post"}],"author":[{"embeddable":true,"href":"https:\/\/www.europesays.com\/lv\/wp-json\/wp\/v2\/users\/2"}],"replies":[{"embeddable":true,"href":"https:\/\/www.europesays.com\/lv\/wp-json\/wp\/v2\/comments?post=39958"}],"version-history":[{"count":0,"href":"https:\/\/www.europesays.com\/lv\/wp-json\/wp\/v2\/posts\/39958\/revisions"}],"wp:featuredmedia":[{"embeddable":true,"href":"https:\/\/www.europesays.com\/lv\/wp-json\/wp\/v2\/media\/39681"}],"wp:attachment":[{"href":"https:\/\/www.europesays.com\/lv\/wp-json\/wp\/v2\/media?parent=39958"}],"wp:term":[{"taxonomy":"category","embeddable":true,"href":"https:\/\/www.europesays.com\/lv\/wp-json\/wp\/v2\/categories?post=39958"},{"taxonomy":"post_tag","embeddable":true,"href":"https:\/\/www.europesays.com\/lv\/wp-json\/wp\/v2\/tags?post=39958"}],"curies":[{"name":"wp","href":"https:\/\/api.w.org\/{rel}","templated":true}]}}