{"id":39961,"date":"2025-11-04T15:19:06","date_gmt":"2025-11-04T15:19:06","guid":{"rendered":"https:\/\/www.europesays.com\/lv\/39961\/"},"modified":"2025-11-04T15:19:06","modified_gmt":"2025-11-04T15:19:06","slug":"nevelos-lai-latvija-klutu-par-vienigo-eiropas-valsti-bez-sava-nacionala-stadiona","status":"publish","type":"post","link":"https:\/\/www.europesays.com\/lv\/39961\/","title":{"rendered":"Nev\u0113los, lai Latvija k\u013c\u016btu par vien\u012bgo Eiropas valsti bez sava nacion\u0101l\u0101 stadiona"},"content":{"rendered":"<p>Uzklausot \u0161o informat\u012bvo zi\u0146ojumu, vald\u012bba gan nav uz\u0146\u0113musies nek\u0101das finansi\u0101l\u0101s saist\u012bbas.<\/p>\n<p>Zi\u0146ojumu izstr\u0101d\u0101jusi vad\u012bbas grupa, kas izveidota ar Ministru prezidentes Evikas Sili\u0146as (JV) pag\u0101ju\u0161\u0101 gada 20. decembra r\u012bkojumu.<\/p>\n<p>Kopum\u0101 v\u0113rt\u0113tas se\u0161as alternat\u012bvas, s\u0101kot no eso\u0161\u0101 &#8220;BTA Daugavas stadiona&#8221; p\u0101rb\u016bves l\u012bdz jauna stadiona celtniec\u012bbai PPP projektos, ar\u012b uz priv\u0101tas zemes.<\/p>\n<p>Informat\u012bvaj\u0101 zi\u0146ojum\u0101 padzi\u013cin\u0101tai anal\u012bzei izvirz\u012bti tr\u012bs scen\u0101riji &#8211; jauna stadiona b\u016bvniec\u012bba ar IZM p\u0101rzi\u0146\u0101 eso\u0161\u0101 Latvijas Nacion\u0101l\u0101 sporta centra (LNSC) l\u012bdzdal\u012bbu, PPP projekts uz valsts vai pa\u0161vald\u012bbas zemes, k\u0101 ar\u012b PPP projekts uz priv\u0101tas zemes, piem\u0113ram, ieg\u0101d\u0101joties un att\u012bstot &#8220;Skonto&#8221; stadionu.<\/p>\n<p>Neviens no variantiem nav komerci\u0101li patst\u0101v\u012bgs, t\u0101d\u0113\u013c publiskajam sektoram b\u016bs j\u0101uz\u0146emas da\u013ca finans\u0113juma riska, nor\u0101d\u012bts zi\u0146ojum\u0101. K\u0101 izdev\u012bg\u0101kais risin\u0101jums tiek izcelts PPP modelis uz valsts vai pa\u0161vald\u012bbas zemes, kur ikgad\u0113j\u0101 subs\u012bdija var\u0113tu b\u016bt ap 4,9 miljoniem eiro.<\/p>\n<p>Sal\u012bdzin\u0101jumam, ja stadionu b\u016bv\u0113 LNSC, defic\u012bts var sasniegt 5,8 miljonus eiro, savuk\u0101rt PPP modelis uz priv\u0101tas zemes &#8211; ap pieciem miljoniem eiro, liecina darba grupas apl\u0113ses.<\/p>\n<p>Izv\u0113rt\u0113jot visus scen\u0101rijus, darba grupa visaugst\u0101k nov\u0113rt\u0113jusi ideju, ka LNSC vai sadarb\u012bb\u0101 ar R\u012bgas pa\u0161vald\u012bbu un Latvijas Futbola feder\u0101ciju (LFF) veic jauna stadiona b\u016bvniec\u012bbu PPP partner\u012bbas projekt\u0101 uz valsts vai pa\u0161vald\u012bbas zemes.<\/p>\n<p>Tikpat augstu nov\u0113rt\u0113ta iecere par jauna stadiona b\u016bvniec\u012bbu PPP partner\u012bb\u0101 uz priv\u0101tas zemes, piem\u0113ram, priv\u0101ta stadiona &#8220;Skonto&#8221; ieg\u0101di un t\u0101 turpm\u0101ko att\u012bst\u012bbu sadarb\u012bb\u0101 ar LNSC, R\u012bgas pa\u0161vald\u012bbu un LFF.<\/p>\n","protected":false},"excerpt":{"rendered":"Uzklausot \u0161o informat\u012bvo zi\u0146ojumu, vald\u012bba gan nav uz\u0146\u0113musies nek\u0101das finansi\u0101l\u0101s saist\u012bbas. Zi\u0146ojumu izstr\u0101d\u0101jusi vad\u012bbas grupa, kas izveidota ar&hellip;\n","protected":false},"author":2,"featured_media":39962,"comment_status":"","ping_status":"","sticky":false,"template":"","format":"standard","meta":{"footnotes":""},"categories":[17],"tags":[714,676,715,11590,35,39,38,36,37,34,11589,40,67],"class_list":{"0":"post-39961","1":"post","2":"type-post","3":"status-publish","4":"format-standard","5":"has-post-thumbnail","7":"category-sports","8":"tag-futbola-jaunumi","9":"tag-futbols","10":"tag-futbols-latvija","11":"tag-izglitibas-un-zinatnes-ministrija-izm","12":"tag-latvia","13":"tag-latvian","14":"tag-latviesu","15":"tag-latviesu-valoda","16":"tag-latviesuvaloda","17":"tag-latvija","18":"tag-latvijas-futbola-federacija-lff","19":"tag-lv","20":"tag-sports"},"share_on_mastodon":{"url":"","error":""},"_links":{"self":[{"href":"https:\/\/www.europesays.com\/lv\/wp-json\/wp\/v2\/posts\/39961","targetHints":{"allow":["GET"]}}],"collection":[{"href":"https:\/\/www.europesays.com\/lv\/wp-json\/wp\/v2\/posts"}],"about":[{"href":"https:\/\/www.europesays.com\/lv\/wp-json\/wp\/v2\/types\/post"}],"author":[{"embeddable":true,"href":"https:\/\/www.europesays.com\/lv\/wp-json\/wp\/v2\/users\/2"}],"replies":[{"embeddable":true,"href":"https:\/\/www.europesays.com\/lv\/wp-json\/wp\/v2\/comments?post=39961"}],"version-history":[{"count":0,"href":"https:\/\/www.europesays.com\/lv\/wp-json\/wp\/v2\/posts\/39961\/revisions"}],"wp:featuredmedia":[{"embeddable":true,"href":"https:\/\/www.europesays.com\/lv\/wp-json\/wp\/v2\/media\/39962"}],"wp:attachment":[{"href":"https:\/\/www.europesays.com\/lv\/wp-json\/wp\/v2\/media?parent=39961"}],"wp:term":[{"taxonomy":"category","embeddable":true,"href":"https:\/\/www.europesays.com\/lv\/wp-json\/wp\/v2\/categories?post=39961"},{"taxonomy":"post_tag","embeddable":true,"href":"https:\/\/www.europesays.com\/lv\/wp-json\/wp\/v2\/tags?post=39961"}],"curies":[{"name":"wp","href":"https:\/\/api.w.org\/{rel}","templated":true}]}}