{"id":39967,"date":"2025-11-04T15:30:21","date_gmt":"2025-11-04T15:30:21","guid":{"rendered":"https:\/\/www.europesays.com\/lv\/39967\/"},"modified":"2025-11-04T15:30:21","modified_gmt":"2025-11-04T15:30:21","slug":"astonas-desmitgades-izcilibas-un-starptautiskas-atzinibas-lente-lv","status":"publish","type":"post","link":"https:\/\/www.europesays.com\/lv\/39967\/","title":{"rendered":"Asto\u0146as desmitgades izcil\u012bbas un starptautiskas atzin\u012bbas\u00a0\u2014\u00a0Lente.lv"},"content":{"rendered":"<p>Latvijas Radio Koris svin 85. jubileju: Asto\u0146as desmitgades izcil\u012bbas un starptautiskas atzin\u012bbas<\/p>\n<p>Novembris Latvij\u0101 ir ne tikai valsts sv\u0113tku m\u0113nesis, bet ar\u012b laiks, kad tiek godin\u0101ts viens no m\u016bsu valsts kult\u016bras d\u0101rgumiem \u2013 Latvijas Radio koris, svinot savu 85. dibin\u0101\u0161anas gadadienu. \u0160is noz\u012bm\u012bgais notikums ir apliecin\u0101jums kora ilgajai un izcilajai rado\u0161ajai darb\u012bbai, kas aizs\u0101k\u0101s 1940. gada 1. novembr\u012b diri\u0123enta Teodora Kalni\u0146a vad\u012bb\u0101 pie Radiofona mikrofoniem. Toreiz koris sniedza savu pirmo pilnv\u0113rt\u012bgo programmu, kas sast\u0101v\u0113ja no latvie\u0161u tautasdziesmu apdar\u0113m.. Kop\u0161 t\u0101 laika Latvijas Radio koris ir k\u013cuvis par profesion\u0101lu, 24 talant\u012bgu m\u016bzi\u0137u kolekt\u012bvu, kas ir ne tikai Latvijas, bet ar\u012b pasaules m\u016bzikas skatuves spilgts simbols.<\/p>\n<p>Kora v\u0113stures l\u012bklo\u010di un sasniegumi<\/p>\n<p>Latvijas Radio kora v\u0113sture ir st\u0101sts par notur\u012bbu, att\u012bst\u012bbu un nep\u0101rtrauktu mekl\u0113jumu garu. Lai gan s\u0101kotn\u0113ji tas darboj\u0101s Latvijas Radio pasp\u0101rn\u0113, kop\u0161 2010. gada tas ir da\u013ca no koncertorganiz\u0101cijas VSIA \u201cLatvijas Koncerti\u201d, un t\u0101 m\u0101jvieta ir Sp\u012b\u0137eru koncertz\u0101le.. Kora ce\u013c\u0161 nav bijis vienm\u0113r gluds \u2013 ir biju\u0161i ar\u012b likvid\u0101cijas un atjauno\u0161anas periodi, ta\u010du katrs posms ir stiprin\u0101jis t\u0101 identit\u0101ti un profesion\u0101lo meistar\u012bbu..<\/p>\n<p>Asto\u0146u gadu desmitu laik\u0101 koris ir sasniedzis pasaules slavu, k\u013c\u016bstot par vair\u0101ku presti\u017eu balvu ieguv\u0113ju. Latvijas Radio koris ir vair\u0101ku Latvijas Liel\u0101s m\u016bzikas balvu laure\u0101ts, un tas ir vien\u012bgais m\u016bzikas kolekt\u012bvs Latvij\u0101, kas sa\u0146\u0113mis tik noz\u012bm\u012bgas starptautiskas godalgas k\u0101 \u201cGrammy\u201d, \u201cGramophone\u201d un \u201cICMA\u201d balvas.. \u012apa\u0161i j\u0101atz\u012bm\u0113 2014. gada \u201cGrammy\u201d nomin\u0101cija kategorij\u0101 \u201cLab\u0101kais kora sniegums\u201d par piedal\u012b\u0161anos Arvo Perta opusa \u201cAdam&#8217;s Lament\u201d ierakst\u0101, k\u0101 ar\u012b 2020. gad\u0101 ieg\u016bt\u0101 Starptautisk\u0101 klasisk\u0101s m\u016bzikas balva (ICMA) par \u010caikovska sakr\u0101l\u0101s m\u016bzikas albumu.. V\u0113l nesen, 2023. gad\u0101, koris sa\u0146\u0113ma presti\u017eo britu \u017eurn\u0101la \u201cGramophone\u201d gada balvu par D\u017eona Keid\u017ea kora m\u016bzikas albumu, apliecinot t\u0101 nep\u0101rtraukto izcil\u012bbu starptautisk\u0101 l\u012bmen\u012b.. T\u0101pat koris ir sa\u0146\u0113mis Latvijas valsts atzin\u012bbu \u2013 \u201cIzcil\u012bbas balvu kult\u016br\u0101\u201d 2022. gada nogal\u0113, kas v\u0113lreiz apliecina t\u0101 noz\u012bm\u012bgo ieguld\u012bjumu Latvijas kult\u016bras populariz\u0113\u0161an\u0101 pasaul\u0113..<\/p>\n<p>Diri\u0123entu un m\u0101kslinieku mantojums<\/p>\n<p>Par Latvijas Radio kora spo\u017eo sniegumu un nemit\u012bgo att\u012bst\u012bbu r\u016bp\u0113ju\u0161ies vair\u0101ki izcili diri\u0123enti. S\u0101kotn\u0113ji kora dibin\u0101t\u0101js un pirmais vad\u012bt\u0101js bija Teodors Kalni\u0146\u0161, kur\u0161 vad\u012bja kori vair\u0101kos posmos l\u012bdz 1962. gadam.. V\u0113l\u0101k kora m\u0101kslinieciskais vad\u012bt\u0101js bija Edgars Ra\u010devskis (1963\u20131986), kam sekoja Juris K\u013cavi\u0146\u0161 (1987\u20131992).. No 1992. l\u012bdz 2023. gadam kora m\u0101kslinieciskais vad\u012bt\u0101js un galvenais diri\u0123ents bija Sigvards K\u013cava, kura vad\u012bb\u0101 koris piedz\u012bvoja savu zelta laikmetu un sasniedza daudzus starptautiskus pan\u0101kumus.. S\u0101kot ar 2024. gadu, kora vad\u012bbu p\u0101r\u0146\u0113mis Kaspars Putni\u0146\u0161, kur\u0161 jau iepriek\u0161 str\u0101d\u0101jis k\u0101 kora diri\u0123ents un savulaik dibin\u0101jis ar\u012b Latvijas Radio kora grupu \u2013 ansambli, kur\u0101 dzied kora solisti.. \u0160\u012b rado\u0161\u0101 p\u0101rmantojuma ideja nodro\u0161ina kora nep\u0101rtrauktu att\u012bst\u012bbu un saglab\u0101 t\u0101 unik\u0101lo skan\u0113jumu.<\/p>\n<p>Pla\u0161a repertu\u0101ra un rado\u0161o mekl\u0113jumu arhitekt\u016bra<\/p>\n<p>Latvijas Radio koris izce\u013cas ar savu pla\u0161o un daudzveid\u012bgo repertu\u0101ru, kas aptver gan sen\u0101s m\u016bzikas izp\u0113ti un klasicisma galantumu, gan romanti\u0137u emociju dzi\u013cumu un m\u016bsdienu komponistu drosm\u012bg\u0101s partit\u016bras.. Koris ir k\u0101 rado\u0161o mekl\u0113jumu laboratorija, kas mudina jaunos komponistus izzin\u0101t vok\u0101l\u0101s dzied\u0101\u0161anas robe\u017eas un iepaz\u012bstina klaus\u012bt\u0101jus ar jaun\u0101m, neiepaz\u012bt\u0101m ska\u0146\u0101m.. Tas akt\u012bvi populariz\u0113 Latvijas komponistu m\u016bziku vis\u0101 pasaul\u0113, veicinot to atpaz\u012bstam\u012bbu un nov\u0113rt\u0113jumu.. Kora unik\u0101lais tembr\u0101lais salikums veidojas no katra dzied\u0101t\u0101ja individu\u0101l\u0101 talanta un meistar\u012bbas, radot neaizmirstamu klaus\u012b\u0161an\u0101s pieredzi.<\/p>\n<p>Novembra jubilejas pas\u0101kumi un n\u0101kotnes v\u012bzija<\/p>\n<p>Novembris, svinot Latvijas Radio kora 85. jubileju, pied\u0101v\u0101 da\u017e\u0101dus sv\u0113tku pas\u0101kumus. Lai gan prec\u012bza programma katrai dienai var main\u012bties, tradicion\u0101li \u0161is m\u0113nesis ir pies\u0101tin\u0101ts ar koncertiem un \u012bpa\u0161iem notikumiem, kas godina kora bag\u0101to v\u0113sturi un sasniegumus.. \u0160\u012b gada novembr\u012b paredz\u0113ti vair\u0101ki koncerti, tai skait\u0101 M\u0101rti\u0146a Brauna m\u016bzikas programmas \u201cSaule. P\u0113rkons. Latvija\u201d atska\u0146ojums Sigvarda K\u013cavas vad\u012bb\u0101, k\u0101 ar\u012b koncertuzvedums \u201cStabules sapnis\u201d, kas velt\u012bts Em\u012bla D\u0101rzi\u0146a 150. gadadienai.. Kora rado\u0161\u0101 darb\u012bba turpin\u0101s ar aizraut\u012bbu, mekl\u0113jot jaunas muzik\u0101l\u0101s teritorijas un saglab\u0101jot cie\u0146u pret trad\u012bcij\u0101m. Ar Kaspara Putni\u0146a vad\u012bbu koris nezaud\u0113 savu unik\u0101lo identit\u0101ti, bet gan stiprina savu poz\u012bciju pasaules m\u016bzikas elit\u0113, turpinot veidot st\u0101stu, kas vienl\u012bdz svar\u012bgs gan trad\u012bcij\u0101m, gan jaunatkl\u0101jumiem..<\/p>\n","protected":false},"excerpt":{"rendered":"Latvijas Radio Koris svin 85. jubileju: Asto\u0146as desmitgades izcil\u012bbas un starptautiskas atzin\u012bbas Novembris Latvij\u0101 ir ne tikai valsts&hellip;\n","protected":false},"author":2,"featured_media":39968,"comment_status":"","ping_status":"","sticky":false,"template":"","format":"standard","meta":{"footnotes":""},"categories":[19],"tags":[11591,89,11595,11596,11597,90,35,39,38,11592,36,37,34,1843,40,11598,11594,11593],"class_list":{"0":"post-39967","1":"post","2":"type-post","3":"status-publish","4":"format-standard","5":"has-post-thumbnail","7":"category-izklaide","8":"tag-85-jubileja","9":"tag-entertainment","10":"tag-grammy-balva","11":"tag-gramophone-balva","12":"tag-icma-balva","13":"tag-izklaide","14":"tag-latvia","15":"tag-latvian","16":"tag-latviesu","17":"tag-latviesu-kormuzika","18":"tag-latviesu-valoda","19":"tag-latviesuvaloda","20":"tag-latvija","21":"tag-latvijas-radio-koris","22":"tag-lv","23":"tag-profesionalais-koris","24":"tag-sigvards-klava","25":"tag-teodors-kalnins"},"share_on_mastodon":{"url":"https:\/\/pubeurope.com\/@lv\/115492147922934423","error":""},"_links":{"self":[{"href":"https:\/\/www.europesays.com\/lv\/wp-json\/wp\/v2\/posts\/39967","targetHints":{"allow":["GET"]}}],"collection":[{"href":"https:\/\/www.europesays.com\/lv\/wp-json\/wp\/v2\/posts"}],"about":[{"href":"https:\/\/www.europesays.com\/lv\/wp-json\/wp\/v2\/types\/post"}],"author":[{"embeddable":true,"href":"https:\/\/www.europesays.com\/lv\/wp-json\/wp\/v2\/users\/2"}],"replies":[{"embeddable":true,"href":"https:\/\/www.europesays.com\/lv\/wp-json\/wp\/v2\/comments?post=39967"}],"version-history":[{"count":0,"href":"https:\/\/www.europesays.com\/lv\/wp-json\/wp\/v2\/posts\/39967\/revisions"}],"wp:featuredmedia":[{"embeddable":true,"href":"https:\/\/www.europesays.com\/lv\/wp-json\/wp\/v2\/media\/39968"}],"wp:attachment":[{"href":"https:\/\/www.europesays.com\/lv\/wp-json\/wp\/v2\/media?parent=39967"}],"wp:term":[{"taxonomy":"category","embeddable":true,"href":"https:\/\/www.europesays.com\/lv\/wp-json\/wp\/v2\/categories?post=39967"},{"taxonomy":"post_tag","embeddable":true,"href":"https:\/\/www.europesays.com\/lv\/wp-json\/wp\/v2\/tags?post=39967"}],"curies":[{"name":"wp","href":"https:\/\/api.w.org\/{rel}","templated":true}]}}