{"id":39977,"date":"2025-11-04T15:41:20","date_gmt":"2025-11-04T15:41:20","guid":{"rendered":"https:\/\/www.europesays.com\/lv\/39977\/"},"modified":"2025-11-04T15:41:20","modified_gmt":"2025-11-04T15:41:20","slug":"roma-daleji-sabrukot-viduslaiku-tornim-viens-cilveks-ievainots","status":"publish","type":"post","link":"https:\/\/www.europesays.com\/lv\/39977\/","title":{"rendered":"Rom\u0101 da\u013c\u0113ji sabr\u016bkot viduslaiku tornim, viens cilv\u0113ks ievainots"},"content":{"rendered":"<ul>\n<li id=\"skaties-gallery-thumbnail-1\" style=\"background-image: url(https:\/\/tv3cdn.lv\/thumbnails\/650x415\/2025\/11\/2de5-6908d1ed011d6-scaled.jpg)\" data-attachment-id=\"3662037\" data-small-file=\"https:\/\/tv3cdn.lv\/thumbnails\/70x70\/2025\/11\/2de5-6908d1ed011d6-scaled.jpg\" data-medium-file=\"https:\/\/tv3cdn.lv\/thumbnails\/1920x1920x1\/2025\/11\/2de5-6908d1ed011d6-scaled.jpg\" data-description=\"\" data-copyright=\"\u00a9 Francesco Fotia, ZUMAPRESS.com\" data-><a href=\"https:\/\/tv3cdn.lv\/2025\/11\/2de5-6908d1ed011d6-scaled.jpg\" rel=\"nofollow noopener\" target=\"_blank\">\n<p>            <img loading=\"lazy\" decoding=\"async\" width=\"70\" height=\"70\" alt=\"\" title=\"\"  data- class=\"thumbnail lazyload blurred\"\/><\/p>\n<p>        <\/a>\u00a9 Francesco Fotia, ZUMAPRESS.com<a href=\"#foto-1\"> 4 att\u0113li Skat\u012bt galeriju<\/a><\/li>\n<li id=\"skaties-gallery-thumbnail-2\" style=\"background-image: url(https:\/\/tv3cdn.lv\/thumbnails\/650x415\/2025\/11\/5571-6908d1f671b4d-scaled.jpg)\" data-attachment-id=\"3662038\" data-small-file=\"https:\/\/tv3cdn.lv\/thumbnails\/70x70\/2025\/11\/5571-6908d1f671b4d-scaled.jpg\" data-medium-file=\"https:\/\/tv3cdn.lv\/thumbnails\/1920x1920x1\/2025\/11\/5571-6908d1f671b4d-scaled.jpg\" data-description=\"\" data-copyright=\"\u00a9 Francesco Fotia, ZUMAPRESS.com\" data-><a href=\"https:\/\/tv3cdn.lv\/2025\/11\/5571-6908d1f671b4d-scaled.jpg\" rel=\"nofollow noopener\" target=\"_blank\">\n<p>            <img loading=\"lazy\" decoding=\"async\" width=\"70\" height=\"70\" alt=\"\" title=\"\"  data- class=\"thumbnail lazyload blurred\"\/><\/p>\n<p>        <\/a>\u00a9 Francesco Fotia, ZUMAPRESS.com<\/li>\n<li id=\"skaties-gallery-thumbnail-3\" style=\"background-image: url(https:\/\/tv3cdn.lv\/thumbnails\/650x415\/2025\/11\/7031-6908d2003e547-scaled.jpg)\" data-attachment-id=\"3662039\" data-small-file=\"https:\/\/tv3cdn.lv\/thumbnails\/70x70\/2025\/11\/7031-6908d2003e547-scaled.jpg\" data-medium-file=\"https:\/\/tv3cdn.lv\/thumbnails\/1920x1920x1\/2025\/11\/7031-6908d2003e547-scaled.jpg\" data-description=\"\" data-copyright=\"\u00a9 Francesco Fotia, ZUMAPRESS.com\" data-><a href=\"https:\/\/tv3cdn.lv\/2025\/11\/7031-6908d2003e547-scaled.jpg\" rel=\"nofollow noopener\" target=\"_blank\">\n<p>            <img loading=\"lazy\" decoding=\"async\" width=\"70\" height=\"70\" alt=\"\" title=\"\"  data- class=\"thumbnail lazyload blurred\"\/><\/p>\n<p>        <\/a>\u00a9 Francesco Fotia, ZUMAPRESS.com<\/li>\n<li id=\"skaties-gallery-thumbnail-4\" style=\"background-image: url(https:\/\/tv3cdn.lv\/thumbnails\/650x415\/2025\/11\/5e7c-6908d2097ac21-scaled.jpg)\" data-attachment-id=\"3662040\" data-small-file=\"https:\/\/tv3cdn.lv\/thumbnails\/70x70\/2025\/11\/5e7c-6908d2097ac21-scaled.jpg\" data-medium-file=\"https:\/\/tv3cdn.lv\/thumbnails\/1920x1920x1\/2025\/11\/5e7c-6908d2097ac21-scaled.jpg\" data-description=\"\" data-copyright=\"\u00a9 Francesco Fotia, ZUMAPRESS.com\" data-><a href=\"https:\/\/tv3cdn.lv\/2025\/11\/5e7c-6908d2097ac21-scaled.jpg\" rel=\"nofollow noopener\" target=\"_blank\">\n<p>            <img loading=\"lazy\" decoding=\"async\" width=\"70\" height=\"70\" alt=\"\" title=\"\"  data- class=\"thumbnail lazyload blurred\"\/><\/p>\n<p>        <\/a>\u00a9 Francesco Fotia, ZUMAPRESS.com<\/li>\n<\/ul>\n<p>K\u0101 v\u0113sta mediji, cietu\u0161ais ir celtnieks. Tr\u012bs citi str\u0101dnieki s\u0101kotn\u0113ji bija iesprostoti aug\u0161\u0113j\u0101 st\u0101v\u0101, bet tika izgl\u0101bti. \u0112k\u0101 var\u0113tu b\u016bt palicis v\u0113l viens b\u016bvstr\u0101dnieks.<\/p>\n<blockquote class=\"twitter-tweet\" data-width=\"550\" data-dnt=\"true\">\n<p lang=\"en\" dir=\"ltr\">\ud83c\udfdb\ufe0f\ud83d\udea8BREAKING: A section of an ancient tower collapses in central Rome <\/p>\n<p>Part of the medieval Torre dei Conti has fallen at the Imperial Forums, right in the heart of Rome.<\/p>\n<p>Rescuers are searching the rubble for possible victims.<br \/>The 13th-century architectural monument was\u2026 <a href=\"https:\/\/t.co\/M8kCdOmXAM\" rel=\"nofollow\">pic.twitter.com\/M8kCdOmXAM<\/a><\/p>\n<p>\u2014 NEXTA (@nexta_tv) <a href=\"https:\/\/twitter.com\/nexta_tv\/status\/1985320990285410623?ref_src=twsrc%5Etfw\" rel=\"nofollow noopener\" target=\"_blank\">November 3, 2025<\/a><\/p>\n<\/blockquote>\n<p>K\u0101 st\u0101sta aculiecinieki, pie tor\u0146a bijis dzirdams sp\u0113c\u012bgs b\u016bk\u0161\u0137is, tad par\u0101d\u012bjies liels putek\u013cu m\u0101konis.<\/p>\n<p>T\u016bl\u012bt p\u0113c da\u013c\u0113j\u0101s sabruk\u0161anas ugunsdz\u0113s\u0113ji un policija norobe\u017eoja teritoriju, lai gl\u0101b\u0161anas dienesti var\u0113tu veikt savu darbu. Kam\u0113r ugunsdz\u0113s\u0113ji v\u0113l str\u0101d\u0101ja, sabruka v\u0113l viena tor\u0146a da\u013ca, izraisot putek\u013cu m\u0101koni. Ugunsdz\u0113s\u0113ji, kas atrad\u0101s uz k\u0101pn\u0113m, sp\u0113ja laikus nok\u013c\u016bt dro\u0161\u012bb\u0101.<\/p>\n<p>Tornis m\u016bsdien\u0101s ir 29 metrus augsts, bet savulaik tas bijis aptuveni 50-60 metrus augsts. Aug\u0161\u0113jie st\u0101vi cieta zemestr\u012bc\u0113s XIV un XVII gadsimt\u0101, v\u0113l\u0101k tos nojauca. \u0112ka k\u0101du laiku bija neapdz\u012bvojama un pamesta.<\/p>\n<p class=\"tv3-fw-500\">Zi\u0146o par k\u013c\u016bdu rakst\u0101<\/p>\n<p class=\"d-md-block d-none\">Iez\u012bm\u0113 k\u013c\u016bdaino tekstu un spied Ctrl+Enter.<\/p>\n<p class=\"d-md-none d-block\">Iez\u012bm\u0113 k\u013c\u016bdaino tekstu un zi\u0146o par to!<\/p>\n<p>                <script async src=\"https:\/\/platform.twitter.com\/widgets.js\" charset=\"utf-8\"><\/script><\/p>\n","protected":false},"excerpt":{"rendered":"\u00a9 Francesco Fotia, ZUMAPRESS.com 4 att\u0113li Skat\u012bt galeriju \u00a9 Francesco Fotia, ZUMAPRESS.com \u00a9 Francesco Fotia, ZUMAPRESS.com \u00a9 Francesco&hellip;\n","protected":false},"author":2,"featured_media":39978,"comment_status":"","ping_status":"","sticky":false,"template":"","format":"standard","meta":{"footnotes":""},"categories":[5],"tags":[23,28,29,32,33,22,30,31,35,39,38,36,37,34,40,20,26,27,11465,24,25,21],"class_list":{"0":"post-39977","1":"post","2":"type-post","3":"status-publish","4":"format-standard","5":"has-post-thumbnail","7":"category-aktualitates","8":"tag-aktualitates","9":"tag-breaking-news","10":"tag-breakingnews","11":"tag-featured-news","12":"tag-featurednews","13":"tag-headlines","14":"tag-latest-news","15":"tag-latestnews","16":"tag-latvia","17":"tag-latvian","18":"tag-latviesu","19":"tag-latviesu-valoda","20":"tag-latviesuvaloda","21":"tag-latvija","22":"tag-lv","23":"tag-news","24":"tag-popularakas-zinas","25":"tag-popularakaszinas","26":"tag-roma","27":"tag-top-stories","28":"tag-topstories","29":"tag-zinas"},"share_on_mastodon":{"url":"https:\/\/pubeurope.com\/@lv\/115492191181865027","error":""},"_links":{"self":[{"href":"https:\/\/www.europesays.com\/lv\/wp-json\/wp\/v2\/posts\/39977","targetHints":{"allow":["GET"]}}],"collection":[{"href":"https:\/\/www.europesays.com\/lv\/wp-json\/wp\/v2\/posts"}],"about":[{"href":"https:\/\/www.europesays.com\/lv\/wp-json\/wp\/v2\/types\/post"}],"author":[{"embeddable":true,"href":"https:\/\/www.europesays.com\/lv\/wp-json\/wp\/v2\/users\/2"}],"replies":[{"embeddable":true,"href":"https:\/\/www.europesays.com\/lv\/wp-json\/wp\/v2\/comments?post=39977"}],"version-history":[{"count":0,"href":"https:\/\/www.europesays.com\/lv\/wp-json\/wp\/v2\/posts\/39977\/revisions"}],"wp:featuredmedia":[{"embeddable":true,"href":"https:\/\/www.europesays.com\/lv\/wp-json\/wp\/v2\/media\/39978"}],"wp:attachment":[{"href":"https:\/\/www.europesays.com\/lv\/wp-json\/wp\/v2\/media?parent=39977"}],"wp:term":[{"taxonomy":"category","embeddable":true,"href":"https:\/\/www.europesays.com\/lv\/wp-json\/wp\/v2\/categories?post=39977"},{"taxonomy":"post_tag","embeddable":true,"href":"https:\/\/www.europesays.com\/lv\/wp-json\/wp\/v2\/tags?post=39977"}],"curies":[{"name":"wp","href":"https:\/\/api.w.org\/{rel}","templated":true}]}}