{"id":39981,"date":"2025-11-04T15:47:10","date_gmt":"2025-11-04T15:47:10","guid":{"rendered":"https:\/\/www.europesays.com\/lv\/39981\/"},"modified":"2025-11-04T15:47:10","modified_gmt":"2025-11-04T15:47:10","slug":"izstade-valsts-svetku-noskanas-reta-iespeja-apskatit-lacplesa-kara-ordenu-komplektu-santa","status":"publish","type":"post","link":"https:\/\/www.europesays.com\/lv\/39981\/","title":{"rendered":"Izst\u0101de valsts sv\u0113tku noska\u0146\u0101s. Ret\u0101 iesp\u0113ja apskat\u012bt L\u0101\u010dpl\u0113\u0161a Kara orde\u0146u komplektu \u2014 Santa"},"content":{"rendered":"<p>Zem\u0101ko \u0161\u0137iru orde\u0146i ikdien\u0101 skat\u0101mi gan \u0161aj\u0101, gan citos muzejos, ta\u010du pilno komplektu ar I \u0161\u0137iras ordeni var redz\u0113t tikai L\u0101\u010dpl\u0113\u0161a dien\u0101. Pilns L\u0101\u010dpl\u0113\u0161a Kara orde\u0146u komplekts kopum\u0101 pie\u0161\u0137irts tikai pieciem cilv\u0113kiem, un muzej\u0101 apskat\u0101mais ir Latvij\u0101 vien\u012bgais. Tas pieder\u0113jis \u0123ener\u0101lim J\u0101nim Balodim. Muzejam vi\u0146a orde\u0146us devi\u0146desmitajos gados p\u0101rdeva \u0123ener\u0101\u013ca atraitne Elv\u012bra.<\/p>\n<p>Muzejs R\u012bgas pil\u012b apmekl\u0113t\u0101jiem ir atv\u0113rts 11. un 18. novembr\u012b (p\u0101r\u0113j\u0101s dien\u0101s tur pie\u0146em tikai skol\u0113nu grupas). L\u0101\u010dpl\u0113\u0161a Kara orde\u0146u <a data-id=\"125534\" href=\"https:\/\/www.santa.lv\/tema\/125534\/izstade?utm_source=internal&amp;utm_medium=article&amp;utm_campaign=theme_link\" target=\"_blank\" rel=\"nofollow noopener\">izst\u0101de<\/a> 11. novembr\u012b apskat\u0101ma no pulksten 10 l\u012bdz 20, turkl\u0101t pulksten 11, 15, 16, 17 un 19 notiks ekskursijas un sarunas ar muzeja numism\u0101tiem. Tie\u0161i \u0161\u0101d\u0101 sarun\u0101 savulaik uzzin\u0101ju daudz interesanta. Piem\u0113ram, to, ka katr\u0101 orden\u012b ir z\u012bm\u0113jums \u2013 L\u0101\u010dpl\u0113sis c\u012bn\u0101s ar l\u0101ci \u2013, bet katrs att\u0113ls ir cit\u0101ds. Ja vien ir iesp\u0113ja, noteikti aizej, apskaties un par\u0101di b\u0113rniem!<\/p>\n<p>\u00a0<\/p>\n","protected":false},"excerpt":{"rendered":"Zem\u0101ko \u0161\u0137iru orde\u0146i ikdien\u0101 skat\u0101mi gan \u0161aj\u0101, gan citos muzejos, ta\u010du pilno komplektu ar I \u0161\u0137iras ordeni var&hellip;\n","protected":false},"author":2,"featured_media":39982,"comment_status":"","ping_status":"","sticky":false,"template":"","format":"standard","meta":{"footnotes":""},"categories":[5],"tags":[23,28,29,32,33,22,30,31,35,39,38,36,37,34,40,20,26,27,24,25,21],"class_list":{"0":"post-39981","1":"post","2":"type-post","3":"status-publish","4":"format-standard","5":"has-post-thumbnail","7":"category-aktualitates","8":"tag-aktualitates","9":"tag-breaking-news","10":"tag-breakingnews","11":"tag-featured-news","12":"tag-featurednews","13":"tag-headlines","14":"tag-latest-news","15":"tag-latestnews","16":"tag-latvia","17":"tag-latvian","18":"tag-latviesu","19":"tag-latviesu-valoda","20":"tag-latviesuvaloda","21":"tag-latvija","22":"tag-lv","23":"tag-news","24":"tag-popularakas-zinas","25":"tag-popularakaszinas","26":"tag-top-stories","27":"tag-topstories","28":"tag-zinas"},"share_on_mastodon":{"url":"https:\/\/pubeurope.com\/@lv\/115492214870385083","error":""},"_links":{"self":[{"href":"https:\/\/www.europesays.com\/lv\/wp-json\/wp\/v2\/posts\/39981","targetHints":{"allow":["GET"]}}],"collection":[{"href":"https:\/\/www.europesays.com\/lv\/wp-json\/wp\/v2\/posts"}],"about":[{"href":"https:\/\/www.europesays.com\/lv\/wp-json\/wp\/v2\/types\/post"}],"author":[{"embeddable":true,"href":"https:\/\/www.europesays.com\/lv\/wp-json\/wp\/v2\/users\/2"}],"replies":[{"embeddable":true,"href":"https:\/\/www.europesays.com\/lv\/wp-json\/wp\/v2\/comments?post=39981"}],"version-history":[{"count":0,"href":"https:\/\/www.europesays.com\/lv\/wp-json\/wp\/v2\/posts\/39981\/revisions"}],"wp:featuredmedia":[{"embeddable":true,"href":"https:\/\/www.europesays.com\/lv\/wp-json\/wp\/v2\/media\/39982"}],"wp:attachment":[{"href":"https:\/\/www.europesays.com\/lv\/wp-json\/wp\/v2\/media?parent=39981"}],"wp:term":[{"taxonomy":"category","embeddable":true,"href":"https:\/\/www.europesays.com\/lv\/wp-json\/wp\/v2\/categories?post=39981"},{"taxonomy":"post_tag","embeddable":true,"href":"https:\/\/www.europesays.com\/lv\/wp-json\/wp\/v2\/tags?post=39981"}],"curies":[{"name":"wp","href":"https:\/\/api.w.org\/{rel}","templated":true}]}}