{"id":39993,"date":"2025-11-04T15:57:10","date_gmt":"2025-11-04T15:57:10","guid":{"rendered":"https:\/\/www.europesays.com\/lv\/39993\/"},"modified":"2025-11-04T15:57:10","modified_gmt":"2025-11-04T15:57:10","slug":"polijas-armija-krievija-censas-vairot-naidu-pret-ukrainu","status":"publish","type":"post","link":"https:\/\/www.europesays.com\/lv\/39993\/","title":{"rendered":"Polijas armija: Krievija cen\u0161as vairot naidu pret Ukrainu"},"content":{"rendered":"<p class=\"descr\">Krievija p\u0113d\u0113j\u0101 laik\u0101 Polijas teritorij\u0101 aktiviz\u0113jusi psiholo\u0123isk\u0101s oper\u0101cijas, lai sabiedr\u012bb\u0101 vairotu Ukrainai naid\u012bgus noska\u0146ojumus, br\u012bdina Polijas armijas \u0123ener\u0101l\u0161t\u0101bs.<\/p>\n<p>\u0160\u0101du oper\u0101ciju m\u0113r\u0137is ir v\u0113rst <a href=\"https:\/\/nra.lv\/pasaule\/503572-polija-70-iedzivotaju-atbalsta-krievijas-kara-lidmasinu-notrieksanu.htm\" data-item-link=\"true\" data-item-id=\"503572\" rel=\"nofollow noopener\" target=\"_blank\">Polijas iedz\u012bvot\u0101ju<\/a> emocijas pret Ukrainu, pan\u0101kt, ka vi\u0146i izdara spiedienu uz varasiest\u0101d\u0113m, pieprasot pie\u0146emt valsts interes\u0113m neizdev\u012bgus l\u0113mumus, platform\u0101 &#8220;X&#8221; nor\u0101da \u0123ener\u0101l\u0161t\u0101bs.<\/p>\n<p>&#8220;Nevajadz\u0113tu \u013cauties emocij\u0101m, jo t\u0101s tiek apzin\u0101ti un negod\u012bgi provoc\u0113tas. Sabot\u0101\u017eas akti ir da\u013ca no <a href=\"https:\/\/nra.lv\/birka\/krievijas-specdienesti\/\" target=\"_blank\" rel=\"noopener nofollow\">Krievijas specdienestu<\/a> koordin\u0113t\u0101m darb\u012bb\u0101m &#8211; tiem nav nek\u0101da sakara ar Ukrainas iedz\u012bvot\u0101ju nodomiem vai pl\u0101niem,&#8221; uzsver \u0123ener\u0101l\u0161t\u0101bs.<\/p>\n<p>Pret <a href=\"https:\/\/nra.lv\/birka\/kars-ukraina\/\" target=\"_blank\" rel=\"noopener nofollow\">Ukrainu<\/a> v\u0113rstu izpausmju pieaugums fiks\u0113ts viet\u0101s, kur atrodas pal\u012bdz\u012bbas centri vai Ukrainai paredz\u0113to iero\u010du un pal\u012bdz\u012bbas kravu transport\u0113\u0161anas punkti, piem\u0113ram, Gdi\u0146\u0101 un Gda\u0146sk\u0101.<\/p>\n<p>\u0160o izpausmju vid\u016b ir gan ukrai\u0146u automa\u0161\u012bnu dedzin\u0101\u0161ana un pretkara sienas gleznojumu boj\u0101\u0161ana, gan ar\u012b <a href=\"https:\/\/nra.lv\/birka\/naida-kurinasana\/\" target=\"_blank\" rel=\"noopener nofollow\">intens\u012bva<\/a> informat\u012bv\u0101 kampa\u0146a t\u012bmekl\u012b, nor\u0101da \u0123ener\u0101l\u0161t\u0101bs.<\/p>\n<p>\t\t\t\t\t\tinfo<\/p>\n<p>Uzzini pirmais<br \/>kas interesants noticis Latvij\u0101 un pasaul\u0113,<br \/>pievienojoties mums <a href=\"https:\/\/t.me\/neatkariga\" rel=\"nofollow\">Telegram<\/a> vai <a href=\"https:\/\/whatsapp.com\/channel\/0029VaMLFUH5K3zLU5s4wm3y\" rel=\"nofollow noopener\" target=\"_blank\">Whatsapp<\/a> kan\u0101l\u0101<\/p>\n","protected":false},"excerpt":{"rendered":"Krievija p\u0113d\u0113j\u0101 laik\u0101 Polijas teritorij\u0101 aktiviz\u0113jusi psiholo\u0123isk\u0101s oper\u0101cijas, lai sabiedr\u012bb\u0101 vairotu Ukrainai naid\u012bgus noska\u0146ojumus, br\u012bdina Polijas armijas \u0123ener\u0101l\u0161t\u0101bs.&hellip;\n","protected":false},"author":2,"featured_media":39994,"comment_status":"","ping_status":"","sticky":false,"template":"","format":"standard","meta":{"footnotes":""},"categories":[14],"tags":[23,57,28,29,32,33,22,30,31,35,39,38,36,37,34,40,20,26,27,24,25,54,55,56,21,58],"class_list":{"0":"post-39993","1":"post","2":"type-post","3":"status-publish","4":"format-standard","5":"has-post-thumbnail","7":"category-zinas-no-arvalstim","8":"tag-aktualitates","9":"tag-arvalstim","10":"tag-breaking-news","11":"tag-breakingnews","12":"tag-featured-news","13":"tag-featurednews","14":"tag-headlines","15":"tag-latest-news","16":"tag-latestnews","17":"tag-latvia","18":"tag-latvian","19":"tag-latviesu","20":"tag-latviesu-valoda","21":"tag-latviesuvaloda","22":"tag-latvija","23":"tag-lv","24":"tag-news","25":"tag-popularakas-zinas","26":"tag-popularakaszinas","27":"tag-top-stories","28":"tag-topstories","29":"tag-world","30":"tag-world-news","31":"tag-worldnews","32":"tag-zinas","33":"tag-zinas-no-arvalstim"},"share_on_mastodon":{"url":"https:\/\/pubeurope.com\/@lv\/115492254060550709","error":""},"_links":{"self":[{"href":"https:\/\/www.europesays.com\/lv\/wp-json\/wp\/v2\/posts\/39993","targetHints":{"allow":["GET"]}}],"collection":[{"href":"https:\/\/www.europesays.com\/lv\/wp-json\/wp\/v2\/posts"}],"about":[{"href":"https:\/\/www.europesays.com\/lv\/wp-json\/wp\/v2\/types\/post"}],"author":[{"embeddable":true,"href":"https:\/\/www.europesays.com\/lv\/wp-json\/wp\/v2\/users\/2"}],"replies":[{"embeddable":true,"href":"https:\/\/www.europesays.com\/lv\/wp-json\/wp\/v2\/comments?post=39993"}],"version-history":[{"count":0,"href":"https:\/\/www.europesays.com\/lv\/wp-json\/wp\/v2\/posts\/39993\/revisions"}],"wp:featuredmedia":[{"embeddable":true,"href":"https:\/\/www.europesays.com\/lv\/wp-json\/wp\/v2\/media\/39994"}],"wp:attachment":[{"href":"https:\/\/www.europesays.com\/lv\/wp-json\/wp\/v2\/media?parent=39993"}],"wp:term":[{"taxonomy":"category","embeddable":true,"href":"https:\/\/www.europesays.com\/lv\/wp-json\/wp\/v2\/categories?post=39993"},{"taxonomy":"post_tag","embeddable":true,"href":"https:\/\/www.europesays.com\/lv\/wp-json\/wp\/v2\/tags?post=39993"}],"curies":[{"name":"wp","href":"https:\/\/api.w.org\/{rel}","templated":true}]}}