{"id":39998,"date":"2025-11-04T16:03:09","date_gmt":"2025-11-04T16:03:09","guid":{"rendered":"https:\/\/www.europesays.com\/lv\/39998\/"},"modified":"2025-11-04T16:03:09","modified_gmt":"2025-11-04T16:03:09","slug":"igaunija-pie-krievijas-robezas-atrod-aviacijas-bumbu","status":"publish","type":"post","link":"https:\/\/www.europesays.com\/lv\/39998\/","title":{"rendered":"Igaunij\u0101 pie Krievijas robe\u017eas atrod avi\u0101cijas bumbu"},"content":{"rendered":"<p class=\"descr\">Igaunijas Gl\u0101b\u0161anas dienests zi\u0146o, ka pie Auveres ciema, net\u0101lu no robe\u017eas ar Krieviju atrasta avi\u0101cijas bumba.<\/p>\n<p>Avi\u0101cijas bumba tika atrasta 2. novembra r\u012bt\u0101, kad viet\u0113jais iedz\u012bvot\u0101js, pastaig\u0101joties me\u017e\u0101, paman\u012bja lielu met\u0101la priek\u0161metu, kas atg\u0101din\u0101ja bumbu. Ieradu\u0161ies speci\u0101listi apstiprin\u0101ja, ka t\u0101 ir avi\u0101cijas bumba, v\u0113sta \u201ctv3.lt\u201d.<br \/>&#8220;Eksperti jau atrodas notikuma viet\u0101 un gatavojas neitraliz\u0113t <a href=\"https:\/\/nra.lv\/birka\/igaunija\/\" rel=\"nofollow noopener\" target=\"_blank\">spr\u0101dzienb\u012bstamo priek\u0161metu<\/a>. Tuv\u0113j\u0101s apk\u0101rtnes iedz\u012bvot\u0101ji var dzird\u0113t ska\u013cas ska\u0146as vai spr\u0101dzienus,&#8221; ofici\u0101laj\u0101 pazi\u0146ojum\u0101 nor\u0101d\u012bja gl\u0101b\u0161anas dienests.<br \/>\u0160is atradums notiek laik\u0101, kad re\u0123ion\u0101 pieaug spriedze Krievijas provok\u0101ciju un gaisa telpas incidentu d\u0113\u013c.<br \/>Sv\u0113tdien Igaunijas \u0100rlietu ministrija pazi\u0146oja, ka Narvas up\u0113 paman\u012bts Krievijas robe\u017eapsardz\u012bbas ku\u0123is, kas ku\u0123o ar Krievijas priv\u0101t\u0101s milit\u0101r\u0101s komp\u0101nijas &#8220;Vagner&#8221; karogu.<br \/>Ministrija soci\u0101laj\u0101 t\u012bkl\u0101 \u201cX\u201d ievietoja fotoatt\u0113lu un video, kur\u0101 redzams Krievijas robe\u017esardzes ku\u0123is ar \u201cVagner\u201d karogu, kas ku\u0123o pa Narvas upi, kas atdala Igauniju no Krievijas \u013be\u0146ingradas apgabala.<br \/>Oktobr\u012b laikraksts &#8220;Postimees&#8221; zi\u0146oja, ka Igaunijas sp\u0113ki notrieca neidentific\u0113tu dronu net\u0101lu no R\u012bdas milit\u0101r\u0101s b\u0101zes, kur izvietota NATO re\u0123ion\u0101lajiem sp\u0113kiem piedero\u0161\u0101 ASV milit\u0101r\u0101 eskadra.<\/p>\n<p>\t\t\t\t\t\tinfo<\/p>\n<p>Uzzini pirmais<br \/>kas interesants noticis Latvij\u0101 un pasaul\u0113,<br \/>pievienojoties mums <a href=\"https:\/\/t.me\/neatkariga\" rel=\"nofollow\">Telegram<\/a> vai <a href=\"https:\/\/whatsapp.com\/channel\/0029VaMLFUH5K3zLU5s4wm3y\" rel=\"nofollow noopener\" target=\"_blank\">Whatsapp<\/a> kan\u0101l\u0101<\/p>\n","protected":false},"excerpt":{"rendered":"Igaunijas Gl\u0101b\u0161anas dienests zi\u0146o, ka pie Auveres ciema, net\u0101lu no robe\u017eas ar Krieviju atrasta avi\u0101cijas bumba. Avi\u0101cijas bumba&hellip;\n","protected":false},"author":2,"featured_media":39999,"comment_status":"","ping_status":"","sticky":false,"template":"","format":"standard","meta":{"footnotes":""},"categories":[14],"tags":[23,57,28,29,32,33,22,30,31,35,39,38,36,37,34,40,20,26,27,24,25,54,55,56,21,58],"class_list":{"0":"post-39998","1":"post","2":"type-post","3":"status-publish","4":"format-standard","5":"has-post-thumbnail","7":"category-zinas-no-arvalstim","8":"tag-aktualitates","9":"tag-arvalstim","10":"tag-breaking-news","11":"tag-breakingnews","12":"tag-featured-news","13":"tag-featurednews","14":"tag-headlines","15":"tag-latest-news","16":"tag-latestnews","17":"tag-latvia","18":"tag-latvian","19":"tag-latviesu","20":"tag-latviesu-valoda","21":"tag-latviesuvaloda","22":"tag-latvija","23":"tag-lv","24":"tag-news","25":"tag-popularakas-zinas","26":"tag-popularakaszinas","27":"tag-top-stories","28":"tag-topstories","29":"tag-world","30":"tag-world-news","31":"tag-worldnews","32":"tag-zinas","33":"tag-zinas-no-arvalstim"},"share_on_mastodon":{"url":"https:\/\/pubeurope.com\/@lv\/115492277651206697","error":""},"_links":{"self":[{"href":"https:\/\/www.europesays.com\/lv\/wp-json\/wp\/v2\/posts\/39998","targetHints":{"allow":["GET"]}}],"collection":[{"href":"https:\/\/www.europesays.com\/lv\/wp-json\/wp\/v2\/posts"}],"about":[{"href":"https:\/\/www.europesays.com\/lv\/wp-json\/wp\/v2\/types\/post"}],"author":[{"embeddable":true,"href":"https:\/\/www.europesays.com\/lv\/wp-json\/wp\/v2\/users\/2"}],"replies":[{"embeddable":true,"href":"https:\/\/www.europesays.com\/lv\/wp-json\/wp\/v2\/comments?post=39998"}],"version-history":[{"count":0,"href":"https:\/\/www.europesays.com\/lv\/wp-json\/wp\/v2\/posts\/39998\/revisions"}],"wp:featuredmedia":[{"embeddable":true,"href":"https:\/\/www.europesays.com\/lv\/wp-json\/wp\/v2\/media\/39999"}],"wp:attachment":[{"href":"https:\/\/www.europesays.com\/lv\/wp-json\/wp\/v2\/media?parent=39998"}],"wp:term":[{"taxonomy":"category","embeddable":true,"href":"https:\/\/www.europesays.com\/lv\/wp-json\/wp\/v2\/categories?post=39998"},{"taxonomy":"post_tag","embeddable":true,"href":"https:\/\/www.europesays.com\/lv\/wp-json\/wp\/v2\/tags?post=39998"}],"curies":[{"name":"wp","href":"https:\/\/api.w.org\/{rel}","templated":true}]}}