{"id":40000,"date":"2025-11-04T16:05:08","date_gmt":"2025-11-04T16:05:08","guid":{"rendered":"https:\/\/www.europesays.com\/lv\/40000\/"},"modified":"2025-11-04T16:05:08","modified_gmt":"2025-11-04T16:05:08","slug":"pusaudzis-imanta-plauksta-sadur-devingadigu-puiku-diena","status":"publish","type":"post","link":"https:\/\/www.europesays.com\/lv\/40000\/","title":{"rendered":"Pusaudzis Imant\u0101 plaukst\u0101 sadur devi\u0146gad\u012bgu puiku \/ Diena"},"content":{"rendered":"<p>Policij\u0101 3. novembr\u012b sa\u0146emts iesniegums no k\u0101da skol\u0113na vec\u0101kiem par to, ka pie 2016. gad\u0101 dzimu\u0161\u0101 z\u0113na pieg\u0101jis sve\u0161s pusaudzis, s\u0101cis konflikt\u0113t un sad\u016bris vi\u0146u plaukst\u0101, a\u0123ent\u016brai LETA apliecin\u0101ja Valsts policij\u0101.<\/p>\n<p>&#13;<br \/>\n&#13;<\/p>\n<p>Policij\u0101 s\u0101kts krimin\u0101lprocess un policija ir noskaidrojusi iesp\u0113jamo uzbruc\u0113ju, k\u0101du pusaudzi. Turpin\u0101s izmekl\u0113\u0161ana, lai noskaidrotu uzbrukuma mot\u012bvu un notiku\u0161\u0101 apst\u0101k\u013cus.<\/p>\n<p>&#13;<br \/>\n&#13;<\/p>\n<p>Policija aicina atsaukties notiku\u0161\u0101 aculieciniekus, zvanot pa t\u0101lru\u0146a numuru 67 085 928, 29 4926 80 vai 112.<\/p>\n<p>&#13;<\/p>\n","protected":false},"excerpt":{"rendered":"Policij\u0101 3. novembr\u012b sa\u0146emts iesniegums no k\u0101da skol\u0113na vec\u0101kiem par to, ka pie 2016. gad\u0101 dzimu\u0161\u0101 z\u0113na pieg\u0101jis&hellip;\n","protected":false},"author":2,"featured_media":40001,"comment_status":"","ping_status":"","sticky":false,"template":"","format":"standard","meta":{"footnotes":""},"categories":[5],"tags":[23,28,29,32,33,22,30,31,35,39,38,36,37,34,40,20,26,27,24,25,21],"class_list":{"0":"post-40000","1":"post","2":"type-post","3":"status-publish","4":"format-standard","5":"has-post-thumbnail","7":"category-aktualitates","8":"tag-aktualitates","9":"tag-breaking-news","10":"tag-breakingnews","11":"tag-featured-news","12":"tag-featurednews","13":"tag-headlines","14":"tag-latest-news","15":"tag-latestnews","16":"tag-latvia","17":"tag-latvian","18":"tag-latviesu","19":"tag-latviesu-valoda","20":"tag-latviesuvaloda","21":"tag-latvija","22":"tag-lv","23":"tag-news","24":"tag-popularakas-zinas","25":"tag-popularakaszinas","26":"tag-top-stories","27":"tag-topstories","28":"tag-zinas"},"share_on_mastodon":{"url":"https:\/\/pubeurope.com\/@lv\/115492285528515970","error":""},"_links":{"self":[{"href":"https:\/\/www.europesays.com\/lv\/wp-json\/wp\/v2\/posts\/40000","targetHints":{"allow":["GET"]}}],"collection":[{"href":"https:\/\/www.europesays.com\/lv\/wp-json\/wp\/v2\/posts"}],"about":[{"href":"https:\/\/www.europesays.com\/lv\/wp-json\/wp\/v2\/types\/post"}],"author":[{"embeddable":true,"href":"https:\/\/www.europesays.com\/lv\/wp-json\/wp\/v2\/users\/2"}],"replies":[{"embeddable":true,"href":"https:\/\/www.europesays.com\/lv\/wp-json\/wp\/v2\/comments?post=40000"}],"version-history":[{"count":0,"href":"https:\/\/www.europesays.com\/lv\/wp-json\/wp\/v2\/posts\/40000\/revisions"}],"wp:featuredmedia":[{"embeddable":true,"href":"https:\/\/www.europesays.com\/lv\/wp-json\/wp\/v2\/media\/40001"}],"wp:attachment":[{"href":"https:\/\/www.europesays.com\/lv\/wp-json\/wp\/v2\/media?parent=40000"}],"wp:term":[{"taxonomy":"category","embeddable":true,"href":"https:\/\/www.europesays.com\/lv\/wp-json\/wp\/v2\/categories?post=40000"},{"taxonomy":"post_tag","embeddable":true,"href":"https:\/\/www.europesays.com\/lv\/wp-json\/wp\/v2\/tags?post=40000"}],"curies":[{"name":"wp","href":"https:\/\/api.w.org\/{rel}","templated":true}]}}