{"id":40004,"date":"2025-11-04T16:09:07","date_gmt":"2025-11-04T16:09:07","guid":{"rendered":"https:\/\/www.europesays.com\/lv\/40004\/"},"modified":"2025-11-04T16:09:07","modified_gmt":"2025-11-04T16:09:07","slug":"vacija-nodevusi-ukrainai-divas-patriot-sistemas-diena","status":"publish","type":"post","link":"https:\/\/www.europesays.com\/lv\/40004\/","title":{"rendered":"V\u0101cija nodevusi Ukrainai divas Patriot sist\u0113mas \/ Diena"},"content":{"rendered":"<p>&#8220;Es v\u0113los izteikt pateic\u012bbu V\u0101cijai. Nesen vi\u0146i mums sag\u0101d\u0101ja divas &#8220;Patriot&#8221; sist\u0113mas, un m\u0113s t\u0101s apg\u016bstam,&#8221; pazi\u0146oja Zelenskis, piedaloties ES samit\u0101, kas velt\u012bts bloka papla\u0161in\u0101\u0161an\u0101s procesam.<\/p>\n<p>&#13;<br \/>\n&#13;<\/p>\n<p>Ukrainas prezidents regul\u0101ri uzsver, ka sist\u0113mas &#8220;Patriot&#8221; ir \u013coti nepiecie\u0161amas Ukrainai, lai t\u0101 var\u0113tu aizsarg\u0101ties pret Krievijas gaisa uzbrukumiem. Ar\u012b sarun\u0101s ar ASV prezidentu Donaldu Trampu vi\u0146\u0161 regul\u0101ri izvirza jaut\u0101jumu par papildu &#8220;Patriot&#8221; sist\u0113mu nodo\u0161anu Kijievai.<\/p>\n<p>&#13;<br \/>\n&#13;<\/p>\n<p>Taj\u0101 pa\u0161\u0101 laik\u0101 laikraksts &#8220;Handelsblatt&#8221; \u0161odien zi\u0146oja, ka V\u0101cija joproj\u0101m neuzskata par iesp\u0113jamu t\u0101la darb\u012bbas r\u0101diusa ra\u0137e\u0161u &#8220;Taurus&#8221; nodo\u0161anu Kijivai.<\/p>\n<p>&#13;<\/p>\n","protected":false},"excerpt":{"rendered":"&#8220;Es v\u0113los izteikt pateic\u012bbu V\u0101cijai. Nesen vi\u0146i mums sag\u0101d\u0101ja divas &#8220;Patriot&#8221; sist\u0113mas, un m\u0113s t\u0101s apg\u016bstam,&#8221; pazi\u0146oja Zelenskis,&hellip;\n","protected":false},"author":2,"featured_media":40005,"comment_status":"","ping_status":"","sticky":false,"template":"","format":"standard","meta":{"footnotes":""},"categories":[14],"tags":[23,57,28,29,32,33,22,30,31,35,39,38,36,37,34,40,20,26,27,24,25,54,55,56,21,58],"class_list":{"0":"post-40004","1":"post","2":"type-post","3":"status-publish","4":"format-standard","5":"has-post-thumbnail","7":"category-zinas-no-arvalstim","8":"tag-aktualitates","9":"tag-arvalstim","10":"tag-breaking-news","11":"tag-breakingnews","12":"tag-featured-news","13":"tag-featurednews","14":"tag-headlines","15":"tag-latest-news","16":"tag-latestnews","17":"tag-latvia","18":"tag-latvian","19":"tag-latviesu","20":"tag-latviesu-valoda","21":"tag-latviesuvaloda","22":"tag-latvija","23":"tag-lv","24":"tag-news","25":"tag-popularakas-zinas","26":"tag-popularakaszinas","27":"tag-top-stories","28":"tag-topstories","29":"tag-world","30":"tag-world-news","31":"tag-worldnews","32":"tag-zinas","33":"tag-zinas-no-arvalstim"},"share_on_mastodon":{"url":"https:\/\/pubeurope.com\/@lv\/115492301217444053","error":""},"_links":{"self":[{"href":"https:\/\/www.europesays.com\/lv\/wp-json\/wp\/v2\/posts\/40004","targetHints":{"allow":["GET"]}}],"collection":[{"href":"https:\/\/www.europesays.com\/lv\/wp-json\/wp\/v2\/posts"}],"about":[{"href":"https:\/\/www.europesays.com\/lv\/wp-json\/wp\/v2\/types\/post"}],"author":[{"embeddable":true,"href":"https:\/\/www.europesays.com\/lv\/wp-json\/wp\/v2\/users\/2"}],"replies":[{"embeddable":true,"href":"https:\/\/www.europesays.com\/lv\/wp-json\/wp\/v2\/comments?post=40004"}],"version-history":[{"count":0,"href":"https:\/\/www.europesays.com\/lv\/wp-json\/wp\/v2\/posts\/40004\/revisions"}],"wp:featuredmedia":[{"embeddable":true,"href":"https:\/\/www.europesays.com\/lv\/wp-json\/wp\/v2\/media\/40005"}],"wp:attachment":[{"href":"https:\/\/www.europesays.com\/lv\/wp-json\/wp\/v2\/media?parent=40004"}],"wp:term":[{"taxonomy":"category","embeddable":true,"href":"https:\/\/www.europesays.com\/lv\/wp-json\/wp\/v2\/categories?post=40004"},{"taxonomy":"post_tag","embeddable":true,"href":"https:\/\/www.europesays.com\/lv\/wp-json\/wp\/v2\/tags?post=40004"}],"curies":[{"name":"wp","href":"https:\/\/api.w.org\/{rel}","templated":true}]}}