{"id":40006,"date":"2025-11-04T16:11:08","date_gmt":"2025-11-04T16:11:08","guid":{"rendered":"https:\/\/www.europesays.com\/lv\/40006\/"},"modified":"2025-11-04T16:11:08","modified_gmt":"2025-11-04T16:11:08","slug":"privatipasuma-konfisce-krokodilu-nra-lv","status":"publish","type":"post","link":"https:\/\/www.europesays.com\/lv\/40006\/","title":{"rendered":"Priv\u0101t\u012bpa\u0161um\u0101 konfisc\u0113 krokodilu &#8211; nra.lv"},"content":{"rendered":"<p class=\"descr\">Lietuv\u0101 Dabas aizsardz\u012bbas p\u0101rvalde konfisc\u0113jusi priv\u0101t\u012bpa\u0161um\u0101 aizliegtu eksotisku dz\u012bvnieku \u2013 krokodilu, zi\u0146o LTV.<\/p>\n<p>Lai ar\u012b tas ir kaimans, sal\u012bdzino\u0161i maz\u0101ks par lielajiem aligatoriem, tas joproj\u0101m pamat\u012bgi p\u0101rsteidzis dabas aizsardz\u012bbas organiz\u0101ciju p\u0101rst\u0101vjus, kas ierad\u0101s dz\u012bvnieku p\u0101rvest uz patversmi. <a href=\"https:\/\/nra.lv\/birka\/krokodils\/\" target=\"_blank\" rel=\"noopener nofollow\">Krokodils<\/a> tika tur\u0113ts neatbilsto\u0161os apst\u0101k\u013cos, bet patversm\u0113 beidzot sa\u0146em atbilsto\u0161u apr\u016bpi.<\/p>\n<p>\u0160obr\u012bd vi\u0146\u0161 atrodas savva\u013cas dz\u012bvnieku patversm\u0113 Kau\u0146\u0101. Vi\u0146\u0161 1,5 metrus gars 16 kilogramus smags. Vi\u0146\u0161 tika tur\u0113ts vien kvadr\u0101tmetru liel\u0101 ter\u0101rij\u0101. Nebija ar\u012b baseins, kur tam mazg\u0101ties. Sods, kad saimniekam draud, gana niec\u012bgs &#8211; 250 eiro.<\/p>\n<p>\t\t\t\t\t\tinfo<\/p>\n<p>Uzzini pirmais<br \/>kas interesants noticis Latvij\u0101 un pasaul\u0113,<br \/>pievienojoties mums <a href=\"https:\/\/t.me\/neatkariga\" rel=\"nofollow\">Telegram<\/a> vai <a href=\"https:\/\/whatsapp.com\/channel\/0029VaMLFUH5K3zLU5s4wm3y\" rel=\"nofollow noopener\" target=\"_blank\">Whatsapp<\/a> kan\u0101l\u0101<\/p>\n","protected":false},"excerpt":{"rendered":"Lietuv\u0101 Dabas aizsardz\u012bbas p\u0101rvalde konfisc\u0113jusi priv\u0101t\u012bpa\u0161um\u0101 aizliegtu eksotisku dz\u012bvnieku \u2013 krokodilu, zi\u0146o LTV. Lai ar\u012b tas ir kaimans,&hellip;\n","protected":false},"author":2,"featured_media":40007,"comment_status":"","ping_status":"","sticky":false,"template":"","format":"standard","meta":{"footnotes":""},"categories":[5],"tags":[23,28,29,32,33,22,30,31,35,39,38,36,37,34,40,20,26,27,24,25,21],"class_list":{"0":"post-40006","1":"post","2":"type-post","3":"status-publish","4":"format-standard","5":"has-post-thumbnail","7":"category-aktualitates","8":"tag-aktualitates","9":"tag-breaking-news","10":"tag-breakingnews","11":"tag-featured-news","12":"tag-featurednews","13":"tag-headlines","14":"tag-latest-news","15":"tag-latestnews","16":"tag-latvia","17":"tag-latvian","18":"tag-latviesu","19":"tag-latviesu-valoda","20":"tag-latviesuvaloda","21":"tag-latvija","22":"tag-lv","23":"tag-news","24":"tag-popularakas-zinas","25":"tag-popularakaszinas","26":"tag-top-stories","27":"tag-topstories","28":"tag-zinas"},"share_on_mastodon":{"url":"https:\/\/pubeurope.com\/@lv\/115492309073746753","error":""},"_links":{"self":[{"href":"https:\/\/www.europesays.com\/lv\/wp-json\/wp\/v2\/posts\/40006","targetHints":{"allow":["GET"]}}],"collection":[{"href":"https:\/\/www.europesays.com\/lv\/wp-json\/wp\/v2\/posts"}],"about":[{"href":"https:\/\/www.europesays.com\/lv\/wp-json\/wp\/v2\/types\/post"}],"author":[{"embeddable":true,"href":"https:\/\/www.europesays.com\/lv\/wp-json\/wp\/v2\/users\/2"}],"replies":[{"embeddable":true,"href":"https:\/\/www.europesays.com\/lv\/wp-json\/wp\/v2\/comments?post=40006"}],"version-history":[{"count":0,"href":"https:\/\/www.europesays.com\/lv\/wp-json\/wp\/v2\/posts\/40006\/revisions"}],"wp:featuredmedia":[{"embeddable":true,"href":"https:\/\/www.europesays.com\/lv\/wp-json\/wp\/v2\/media\/40007"}],"wp:attachment":[{"href":"https:\/\/www.europesays.com\/lv\/wp-json\/wp\/v2\/media?parent=40006"}],"wp:term":[{"taxonomy":"category","embeddable":true,"href":"https:\/\/www.europesays.com\/lv\/wp-json\/wp\/v2\/categories?post=40006"},{"taxonomy":"post_tag","embeddable":true,"href":"https:\/\/www.europesays.com\/lv\/wp-json\/wp\/v2\/tags?post=40006"}],"curies":[{"name":"wp","href":"https:\/\/api.w.org\/{rel}","templated":true}]}}