{"id":40010,"date":"2025-11-04T16:17:10","date_gmt":"2025-11-04T16:17:10","guid":{"rendered":"https:\/\/www.europesays.com\/lv\/40010\/"},"modified":"2025-11-04T16:17:10","modified_gmt":"2025-11-04T16:17:10","slug":"graudkopibas-nozare-patlaban-atrodas-ipasi-kritiska-situacija-bridina-zm","status":"publish","type":"post","link":"https:\/\/www.europesays.com\/lv\/40010\/","title":{"rendered":"Graudkop\u012bbas nozare patlaban atrodas \u012bpa\u0161i kritisk\u0101 situ\u0101cij\u0101, br\u012bdina ZM"},"content":{"rendered":"<p>Vienlaikus ministrij\u0101 nor\u0101da, ka ra\u017eo\u0161anas izmaksas lauksaimniec\u012bbas sektor\u0101 joproj\u0101m saglab\u0101jas b\u016btiski augst\u0101kas nek\u0101 pirmskr\u012bzes period\u0101 &#8211; 2020.-2021. gad\u0101, \u012bpa\u0161i saist\u012bb\u0101 ar miner\u0101lm\u0113slu un augu aizsardz\u012bbas l\u012bdzek\u013cu cenu pieaugumu. Atbilsto\u0161i jaun\u0101kajiem datiem, 2025. gada pirmaj\u0101 un otraj\u0101 ceturksn\u012b ra\u017eo\u0161anas resursu cenu l\u012bmenis bija vid\u0113ji par 44% augst\u0101ks nek\u0101 tas bija pirmskr\u012bzes gados.<\/p>\n<p>ZM ar\u012b nor\u0101da, ka kvie\u0161u cenas \u0161aj\u0101 pa\u0161\u0101 period\u0101 ir b\u016btiski samazin\u0101ju\u0161\u0101s, praktiski atgrie\u017eoties pirmskr\u012bzes l\u012bmen\u012b. \u0160\u0101da disproporcija starp augst\u0101m ra\u017eo\u0161anas izmaks\u0101m un zem\u0101m produktu cen\u0101m ir nov\u0113rojama kop\u0161 2022. gada, un t\u0101 rada ilgsto\u0161u un sistem\u0101tisku spiedienu uz lauksaimnieku saimniecisko dz\u012bvotsp\u0113ju.<\/p>\n<p>P\u0113c ministrij\u0101 min\u0113t\u0101, situ\u0101ciju v\u0113l vair\u0101k pasliktina tas, ka nelabv\u0113l\u012bgo laika apst\u0101k\u013cu d\u0113\u013c liela da\u013ca kvie\u0161u ra\u017eas 2025. gad\u0101 ir ar pazemin\u0101tu kvalit\u0101ti, kas atbilst lopbar\u012bbas standartiem. Tas noz\u012bm\u0113, ka \u0161iem graudiem tiek piem\u0113rotas v\u0113l zem\u0101kas tirgus cenas, sal\u012bdzinot ar p\u0101rtikas kvalit\u0101tes kvie\u0161iem, t\u0101d\u0113j\u0101di v\u0113l vair\u0101k samazinot ie\u0146\u0113mumus un palielinot finansi\u0101lo spiedienu uz ra\u017eot\u0101jiem.<\/p>\n<p>Ministrij\u0101 uzsver, ka, iev\u0113rojot klimata p\u0101rmai\u0146as un dabas apst\u0101k\u013cu nelabv\u0113l\u012bgo ietekmi uz s\u0113jumiem un st\u0101d\u012bjumiem, p\u0113d\u0113jos gados zemnieki arvien bie\u017e\u0101k izmanto apdro\u0161in\u0101\u0161anas pakalpojumu, lai mazin\u0101tu klimatisko apst\u0101k\u013cu un infekcijas slim\u012bbu rad\u012btos zaud\u0113jumus.<\/p>\n<p>Sal\u012bdzin\u0101jum\u0101 ar 2015. gadu, kad bija apdro\u0161in\u0101ti 4411 hekt\u0101ri s\u0113jumu un st\u0101d\u012bjumu plat\u012bbu, 2025. gad\u0101 ir apdro\u0161in\u0101ti 396 417 hekt\u0101ri. Tom\u0113r ilgsto\u0161u lietavu risks nav tipisks apdro\u0161in\u0101\u0161anas risks, teikts zi\u0146ojum\u0101.<\/p>\n<p>Ministrij\u0101 rezum\u0113ja, ka apdro\u0161in\u0101\u0161anas sist\u0113ma nep\u0101rtraukti att\u012bst\u0101s, lai aizvien vair\u0101k lauksaimniekiem b\u016btu iesp\u0113ja apdro\u0161in\u0101t kult\u016braugu plat\u012bbas. T\u0101d\u0113j\u0101di ZM str\u0101d\u0101 kop\u0101 ar nozaru organiz\u0101cij\u0101m un apdro\u0161in\u0101\u0161anas sabiedr\u012bb\u0101m, lai pakalpojumu var\u0113tu sa\u0146emt p\u0113c iesp\u0113jas pla\u0161\u0101ks lauksaimnieku loks.<\/p>\n<p>TVNET jau zi\u0146oja, ka Ministru kabinets 5. august\u0101 \u0101rk\u0101rtas s\u0113d\u0113 aptaujas k\u0101rt\u012bb\u0101 nol\u0113ma izsludin\u0101t \u0101rk\u0101rt\u0113jo situ\u0101ciju lauksaimniec\u012bb\u0101 vis\u0101 Latvijas teritorij\u0101 l\u012bdz otrdienai.<\/p>\n","protected":false},"excerpt":{"rendered":"Vienlaikus ministrij\u0101 nor\u0101da, ka ra\u017eo\u0161anas izmaksas lauksaimniec\u012bbas sektor\u0101 joproj\u0101m saglab\u0101jas b\u016btiski augst\u0101kas nek\u0101 pirmskr\u012bzes period\u0101 &#8211; 2020.-2021. gad\u0101,&hellip;\n","protected":false},"author":2,"featured_media":40011,"comment_status":"","ping_status":"","sticky":false,"template":"","format":"standard","meta":{"footnotes":""},"categories":[5],"tags":[23,28,29,32,33,11601,22,30,31,35,39,38,36,37,34,40,20,26,27,24,25,3607,21],"class_list":{"0":"post-40010","1":"post","2":"type-post","3":"status-publish","4":"format-standard","5":"has-post-thumbnail","7":"category-aktualitates","8":"tag-aktualitates","9":"tag-breaking-news","10":"tag-breakingnews","11":"tag-featured-news","12":"tag-featurednews","13":"tag-graudkopiba","14":"tag-headlines","15":"tag-latest-news","16":"tag-latestnews","17":"tag-latvia","18":"tag-latvian","19":"tag-latviesu","20":"tag-latviesu-valoda","21":"tag-latviesuvaloda","22":"tag-latvija","23":"tag-lv","24":"tag-news","25":"tag-popularakas-zinas","26":"tag-popularakaszinas","27":"tag-top-stories","28":"tag-topstories","29":"tag-zemkopibas-ministrija","30":"tag-zinas"},"share_on_mastodon":{"url":"https:\/\/pubeurope.com\/@lv\/115492332828804616","error":""},"_links":{"self":[{"href":"https:\/\/www.europesays.com\/lv\/wp-json\/wp\/v2\/posts\/40010","targetHints":{"allow":["GET"]}}],"collection":[{"href":"https:\/\/www.europesays.com\/lv\/wp-json\/wp\/v2\/posts"}],"about":[{"href":"https:\/\/www.europesays.com\/lv\/wp-json\/wp\/v2\/types\/post"}],"author":[{"embeddable":true,"href":"https:\/\/www.europesays.com\/lv\/wp-json\/wp\/v2\/users\/2"}],"replies":[{"embeddable":true,"href":"https:\/\/www.europesays.com\/lv\/wp-json\/wp\/v2\/comments?post=40010"}],"version-history":[{"count":0,"href":"https:\/\/www.europesays.com\/lv\/wp-json\/wp\/v2\/posts\/40010\/revisions"}],"wp:featuredmedia":[{"embeddable":true,"href":"https:\/\/www.europesays.com\/lv\/wp-json\/wp\/v2\/media\/40011"}],"wp:attachment":[{"href":"https:\/\/www.europesays.com\/lv\/wp-json\/wp\/v2\/media?parent=40010"}],"wp:term":[{"taxonomy":"category","embeddable":true,"href":"https:\/\/www.europesays.com\/lv\/wp-json\/wp\/v2\/categories?post=40010"},{"taxonomy":"post_tag","embeddable":true,"href":"https:\/\/www.europesays.com\/lv\/wp-json\/wp\/v2\/tags?post=40010"}],"curies":[{"name":"wp","href":"https:\/\/api.w.org\/{rel}","templated":true}]}}