{"id":40012,"date":"2025-11-04T16:18:09","date_gmt":"2025-11-04T16:18:09","guid":{"rendered":"https:\/\/www.europesays.com\/lv\/40012\/"},"modified":"2025-11-04T16:18:09","modified_gmt":"2025-11-04T16:18:09","slug":"alternativas-muzikas-parstavji-gatavo-koncertu-latvijas-republikas-proklamesanas-gadadienai","status":"publish","type":"post","link":"https:\/\/www.europesays.com\/lv\/40012\/","title":{"rendered":"Alternat\u012bv\u0101s m\u016bzikas p\u0101rst\u0101vji gatavo koncertu Latvijas Republikas proklam\u0113\u0161anas gadadienai"},"content":{"rendered":"<p>Ori\u0123in\u0101l\u0101 &#8221;Pasaules gaisma&#8221; sevi pieteica 21. gs. s\u0101kum\u0101, un t\u0101s sast\u0101v\u0101 bija draugi <a href=\"https:\/\/sejas.tvnet.lv\/term\/656190\/imants-daksis\" class=\"topicLink\" target=\"_blank\" rel=\"nofollow noopener\">Imants Daksis<\/a>, Juris Tipa un M\u0101rti\u0146\u0161 Links. Grupa izc\u0113l\u0101s ar eksistenci\u0101liem dziesmu v\u0101rdiem, neierastu, pa pusei akustisku skan\u0113jumu un kr\u0101\u0161\u0146u skatuvisko t\u0113lu, dal\u012bbniekiem uzst\u0101joties k\u0101 apokaliptiskiem m\u012bmiem ar grim\u0113t\u0101m sej\u0101m. Grupa pasp\u0113ja piedal\u012bties daudzos viet\u0113j\u0101s sc\u0113nas pas\u0101kumos un festiv\u0101los, l\u012bdz 2003. gada s\u0101kum\u0101 Imants t\u016bl\u012bt p\u0113c pirm\u0101 albuma ierakst\u012b\u0161anas dev\u0101s uz \u0160rilanku, lai dz\u012bvotu budistu kloster\u012b un m\u0101c\u012btos ajurv\u0113das medic\u012bnu.<\/p>\n<p>V\u0113l\u0101k, jau p\u0113c Imanta atgrie\u0161an\u0101s, grupa turpin\u0101ja neregul\u0101ru darb\u012bbu l\u012bdz 2005. gadam. &#8221;Pasaules gaisma&#8221; Latvijas m\u016bzikas v\u0113stur\u0113 palikusi k\u0101 savdab\u012bga laikmeta liec\u012bba un iesp\u0113jamais katalizators, k\u0101p\u0113c Imants Daksis tom\u0113r nek\u013cuva par budistu m\u016bku. Savuk\u0101rt jaun\u0101 apvien\u012bba ir rado\u0161s m\u0113\u0123in\u0101jums ienest t\u0101 laika noska\u0146as un jaunekl\u012bga bezkompromisa atmosf\u0113ru m\u016bsdienu Latvijas m\u016bzikas un m\u0101kslas dz\u012bv\u0113.<\/p>\n<p>Iepaz\u012bties ar grupas dai\u013cradi iesp\u0113jams <a target=\"_blank\" rel=\"noopener noreferrer nofollow\" href=\"https:\/\/tornis.lv\/gaisma\/\">pievienotaj\u0101 sait\u0113<\/a>.<\/p>\n<p>18. novembra sv\u0113tku koncertu ar savu m\u016bziku kuplin\u0101s \u010delliste, dzied\u0101t\u0101ja, komponiste un aran\u017e\u0113t\u0101ja <a target=\"_blank\" rel=\"noopener noreferrer nofollow\" href=\"https:\/\/linktr.ee\/ernadaugaviete\">Erna Daugaviete<\/a>.<\/p>\n<p><img decoding=\"async\" class=\"figure__image\" onclick=\"triggerEvent('articleImageClick', { id: 17173698, focus: 'single-image', focusIndex: '17173698' })\" onkeydown=\"if (event.key === 'Enter') {&#10;        triggerEvent('articleImageClick', { id: 17173698, focus: 'single-image', focusIndex: '17173698' })&#10;        }\" role=\"button\" tabindex=\"0\" data-focus-from=\"single-image\" data-focus-index=\"17173698\" src=\"https:\/\/www.europesays.com\/lv\/wp-content\/uploads\/2025\/11\/17173698t1h5989.jpg\" onload=\"this.parentElement.classList.remove('figure__image-loading')\" alt=\"Erna Daugaviete.\"\/>Erna Daugaviete. Foto: Lauris Galsons, Gatis Rim\u0161s<\/p>\n<p>Ar savu solo programmu \u201cThe Impact\u201d vi\u0146a koncert\u0113 gan Latvij\u0101, gan \u0101rpus t\u0101s (Kan\u0101d\u0101, Indij\u0101 un citur). Vi\u0146a iedvesmojas no cilv\u0113kiem, dabas, da\u017e\u0101du valstu kult\u016br\u0101m un sav\u0101 koncertprogramm\u0101 iek\u013cauj ska\u0146darbus no visas pasaules, k\u0101 ar\u012b dzied vair\u0101k\u0101s valod\u0101s. Performanc\u0113 izmanto cilpma\u0161\u012bnu (loopstation), ar kuru veido or\u0137estr\u0101lu skan\u0113jumu no viena instrumenta, l\u012bdz ar to skan\u0113jums ir jaud\u012bgs un ar piln\u012bguma iespaidu. Ernas koncertprogramm\u0101 ir da\u017e\u0101du kult\u016bru (baltu, vikingu, indie\u0161u, Balk\u0101nu u.c.) ska\u0146darbi, k\u0101 ar\u012b popul\u0101r\u0101s m\u016bzikas ska\u0146darbi (Hanss Cimmers, Billija Eili\u0161a, &#8220;Eurythmics&#8221; u.c.).<\/p>\n","protected":false},"excerpt":{"rendered":"Ori\u0123in\u0101l\u0101 &#8221;Pasaules gaisma&#8221; sevi pieteica 21. gs. s\u0101kum\u0101, un t\u0101s sast\u0101v\u0101 bija draugi Imants Daksis, Juris Tipa un&hellip;\n","protected":false},"author":2,"featured_media":40013,"comment_status":"","ping_status":"","sticky":false,"template":"","format":"standard","meta":{"footnotes":""},"categories":[19],"tags":[89,11604,11603,90,35,39,38,36,37,34,11605,40,11266,11602],"class_list":{"0":"post-40012","1":"post","2":"type-post","3":"status-publish","4":"format-standard","5":"has-post-thumbnail","7":"category-izklaide","8":"tag-entertainment","9":"tag-erna-daugaviete","10":"tag-imants-daksis","11":"tag-izklaide","12":"tag-latvia","13":"tag-latvian","14":"tag-latviesu","15":"tag-latviesu-valoda","16":"tag-latviesuvaloda","17":"tag-latvija","18":"tag-latvijas-neredzigo-biedriba","19":"tag-lv","20":"tag-patriotu-nedela","21":"tag-vagonu-zale"},"share_on_mastodon":{"url":"https:\/\/pubeurope.com\/@lv\/115492336790837794","error":""},"_links":{"self":[{"href":"https:\/\/www.europesays.com\/lv\/wp-json\/wp\/v2\/posts\/40012","targetHints":{"allow":["GET"]}}],"collection":[{"href":"https:\/\/www.europesays.com\/lv\/wp-json\/wp\/v2\/posts"}],"about":[{"href":"https:\/\/www.europesays.com\/lv\/wp-json\/wp\/v2\/types\/post"}],"author":[{"embeddable":true,"href":"https:\/\/www.europesays.com\/lv\/wp-json\/wp\/v2\/users\/2"}],"replies":[{"embeddable":true,"href":"https:\/\/www.europesays.com\/lv\/wp-json\/wp\/v2\/comments?post=40012"}],"version-history":[{"count":0,"href":"https:\/\/www.europesays.com\/lv\/wp-json\/wp\/v2\/posts\/40012\/revisions"}],"wp:featuredmedia":[{"embeddable":true,"href":"https:\/\/www.europesays.com\/lv\/wp-json\/wp\/v2\/media\/40013"}],"wp:attachment":[{"href":"https:\/\/www.europesays.com\/lv\/wp-json\/wp\/v2\/media?parent=40012"}],"wp:term":[{"taxonomy":"category","embeddable":true,"href":"https:\/\/www.europesays.com\/lv\/wp-json\/wp\/v2\/categories?post=40012"},{"taxonomy":"post_tag","embeddable":true,"href":"https:\/\/www.europesays.com\/lv\/wp-json\/wp\/v2\/tags?post=40012"}],"curies":[{"name":"wp","href":"https:\/\/api.w.org\/{rel}","templated":true}]}}