{"id":40018,"date":"2025-11-04T16:24:12","date_gmt":"2025-11-04T16:24:12","guid":{"rendered":"https:\/\/www.europesays.com\/lv\/40018\/"},"modified":"2025-11-04T16:24:12","modified_gmt":"2025-11-04T16:24:12","slug":"dailes-teatri-sakas-eiropa-lielakie-skatuves-makslai-veltitie-notikumi-etc-konference-un-ilgtspejas-forums-stages","status":"publish","type":"post","link":"https:\/\/www.europesays.com\/lv\/40018\/","title":{"rendered":"Dailes te\u0101tr\u012b s\u0101kas Eirop\u0101 liel\u0101kie skatuves m\u0101kslai velt\u012btie notikumi \u2013 ETC konference un ilgtsp\u0113jas forums &#8220;STAGES&#8221;"},"content":{"rendered":"<p>R\u012bgai k\u013c\u016bstot par Eiropas skatuves m\u0101kslas epicentru, <a href=\"https:\/\/sejas.tvnet.lv\/term\/555708\/dailes-teatris\" class=\"topicLink\" target=\"_blank\" rel=\"nofollow noopener\">Dailes te\u0101tris<\/a> par ETC konferences vadmot\u012bvu izv\u0113l\u0113jies saukli \u201cSkatuve paties\u012bbai. Kurai paties\u012bbai?\u201d (Stage For Truth. Which Truth?), akcent\u0113jot hibr\u012bdkara un p\u0113cpaties\u012bbas realit\u0101ti, ar kuru saskaras kult\u016bras nozare k\u0101 Latvij\u0101, t\u0101 ar\u012b Eirop\u0101 un citviet.<\/p>\n<p>ETC pas\u0101kumos piedal\u012bsies kult\u016bras ministre Agnese L\u0101ce, Dailes te\u0101tra m\u0101kslinieciskais vad\u012bt\u0101js Viesturs Kairi\u0161s, \u0101rlietu ministres padomnieks dro\u0161\u012bbas un sabiedr\u012bbas notur\u0113tsp\u0113jas jaut\u0101jumos Tomass Pildegovi\u010ds, re\u017eisors un V\u012bnes te\u0101tra festiv\u0101la (Wiener Festwochen) m\u0101kslinieciskais vad\u012bt\u0101js Milo Rau, \u201cRado\u0161\u0101s Eiropas\u201d direktora vietnieks Hos\u0113 Manuels Fernandess Arojo (Jos\u00e9 Manuel Fern\u00e1ndez-Arroyo), sociologs Pask\u0101ls G\u012blens (Pascal Gielen), Starptautisk\u0101 jaun\u0101 te\u0101tra festiv\u0101la \u201cHomo Novus\u201d m\u0101ksliniecisk\u0101 vad\u012bt\u0101ja Santa Remere, jurists un iniciat\u012bvas \u201cM\u0101ksliniecisk\u0101 br\u012bv\u012bba\u201d (Artistic Freedom) valdes loceklis Sand\u017eejs Seti (Sanjay Sethi), G\u0113teborgas te\u0101tra direktore un m\u0101ksliniecisk\u0101 vad\u012bt\u0101ja Lota Lekvalla (Lotta Lekvall), re\u017eisors un aktieris Data Tavadze, re\u017eisors Luka\u0161s Tvarkovskis un daudzi citi.<\/p>\n<p>Diskusiju s\u0113riju 7. novembr\u012b moder\u0113s Baltijas P\u0113tniecisk\u0101s \u017eurn\u0101listikas centra \u201cRe:Baltica\u201d \u017eurn\u0101liste Olga Dragi\u013ceva.<\/p>\n<p>Savuk\u0101rt \u201cSTAGES\u201d (Sustainable Theatre Alliance for a Green Environmental Shift) ir te\u0101tra prakses laboratorija, kas orient\u0113ta uz kult\u016bras sektora mijiedarb\u012bbu ar ilgtsp\u0113jas koncepciju.<\/p>\n<p>14 ietekm\u012bgas te\u0101tra organiz\u0101cijas, tostarp ETC, partneri no \u0100zijas un p\u0113tnieki, ir apvienoju\u0161ies ar re\u017eisori Keitiju Mi\u010delu (Katie Mitchell) un horeogr\u0101fu \u017deromu Belu (J\u00e9r\u00f4me Bel) \u2013 diviem nov\u0113rt\u0113tiem Eiropas m\u0101ksliniekiem, kas ir paz\u012bstami ar ilgtsp\u0113jas prakses att\u012bst\u012b\u0161anu savos darbos \u2013, lai p\u0101rbaud\u012btu radik\u0101lus risin\u0101jumus liel\u0101kaj\u0101m klimata kr\u012bzes rad\u012btaj\u0101m probl\u0113m\u0101m.<\/p>\n","protected":false},"excerpt":{"rendered":"R\u012bgai k\u013c\u016bstot par Eiropas skatuves m\u0101kslas epicentru, Dailes te\u0101tris par ETC konferences vadmot\u012bvu izv\u0113l\u0113jies saukli \u201cSkatuve paties\u012bbai. Kurai&hellip;\n","protected":false},"author":2,"featured_media":40019,"comment_status":"","ping_status":"","sticky":false,"template":"","format":"standard","meta":{"footnotes":""},"categories":[19],"tags":[11606,454,89,90,881,35,39,38,36,37,34,40],"class_list":{"0":"post-40018","1":"post","2":"type-post","3":"status-publish","4":"format-standard","5":"has-post-thumbnail","7":"category-izklaide","8":"tag-radosa-eiropa","9":"tag-dailes-teatris","10":"tag-entertainment","11":"tag-izklaide","12":"tag-juris-zagars","13":"tag-latvia","14":"tag-latvian","15":"tag-latviesu","16":"tag-latviesu-valoda","17":"tag-latviesuvaloda","18":"tag-latvija","19":"tag-lv"},"share_on_mastodon":{"url":"https:\/\/pubeurope.com\/@lv\/115492360273953612","error":""},"_links":{"self":[{"href":"https:\/\/www.europesays.com\/lv\/wp-json\/wp\/v2\/posts\/40018","targetHints":{"allow":["GET"]}}],"collection":[{"href":"https:\/\/www.europesays.com\/lv\/wp-json\/wp\/v2\/posts"}],"about":[{"href":"https:\/\/www.europesays.com\/lv\/wp-json\/wp\/v2\/types\/post"}],"author":[{"embeddable":true,"href":"https:\/\/www.europesays.com\/lv\/wp-json\/wp\/v2\/users\/2"}],"replies":[{"embeddable":true,"href":"https:\/\/www.europesays.com\/lv\/wp-json\/wp\/v2\/comments?post=40018"}],"version-history":[{"count":0,"href":"https:\/\/www.europesays.com\/lv\/wp-json\/wp\/v2\/posts\/40018\/revisions"}],"wp:featuredmedia":[{"embeddable":true,"href":"https:\/\/www.europesays.com\/lv\/wp-json\/wp\/v2\/media\/40019"}],"wp:attachment":[{"href":"https:\/\/www.europesays.com\/lv\/wp-json\/wp\/v2\/media?parent=40018"}],"wp:term":[{"taxonomy":"category","embeddable":true,"href":"https:\/\/www.europesays.com\/lv\/wp-json\/wp\/v2\/categories?post=40018"},{"taxonomy":"post_tag","embeddable":true,"href":"https:\/\/www.europesays.com\/lv\/wp-json\/wp\/v2\/tags?post=40018"}],"curies":[{"name":"wp","href":"https:\/\/api.w.org\/{rel}","templated":true}]}}