{"id":40020,"date":"2025-11-04T16:28:06","date_gmt":"2025-11-04T16:28:06","guid":{"rendered":"https:\/\/www.europesays.com\/lv\/40020\/"},"modified":"2025-11-04T16:28:06","modified_gmt":"2025-11-04T16:28:06","slug":"protests-pret-izstasanos-no-stambulas-konvencijas-ceturtdien-notiks-raksts","status":"publish","type":"post","link":"https:\/\/www.europesays.com\/lv\/40020\/","title":{"rendered":"Protests pret izst\u0101\u0161anos no Stambulas konvencijas ceturtdien notiks \/ Raksts"},"content":{"rendered":"<p>Opoz\u012bcijas partiju &#8211; Nacion\u0101l\u0101s apvien\u012bbas un &#8220;Apvienot\u0101 saraksta&#8221; &#8211;\u00a0l\u0113mums <a href=\"https:\/\/www.lsm.lv\/raksts\/zinas\/latvija\/04.11.2025-nacionala-apvieniba-un-apvienotais-saraksts-atbalsta-aicinajumu-par-stambulas-konvenciju-lemt-nakamajai-saeimai.a621061\/\" rel=\"nofollow noopener\" target=\"_blank\">atbalst\u012bt prezidenta aicin\u0101jumu <\/a>par Stambulas konvenciju lemt n\u0101kamajai Saeimai neko nemaina \u2013 ceturtdien, 6. novembr\u012b, paredz\u0113tais protests pret izst\u0101\u0161anos no konvencijas tik un t\u0101 notiks, Latvijas Radio apstiprin\u0101ja\u00a0&#8220;Centrs Marta&#8221;\u00a0intere\u0161u aizst\u0101v\u012bbas noda\u013cas vad\u012bt\u0101ja Beata Jonite.<\/p>\n<p>&#8220;Centrs Marta&#8221;\u00a0intere\u0161u aizst\u0101v\u012bbas noda\u013cas vad\u012bt\u0101ja Beata Jonite par protestu<\/p>\n<p>Aizvad\u012btaj\u0101 tre\u0161dien\u0101 protests pret izst\u0101\u0161anos no konvencijas pie Saeimas <a href=\"https:\/\/www.lsm.lv\/raksts\/zinas\/latvija\/29.10.2025-pie-saeimas-tukstosi-proteste-pret-latvijas-izstasanos-no-stambulas-konvencijas.a620125\/?utm_source=lsm&amp;utm_medium=theme&amp;utm_campaign=theme\" class=\"lsm-link\" data-type=\"article\" data-id=\"620125\" rel=\"nofollow noopener\" target=\"_blank\">pulc\u0113ja ap 5000 cilv\u0113ku<\/a>, k\u013c\u016bstot par vienu no daudzskaitl\u012bg\u0101kajiem p\u0113d\u0113jos gados.<\/p>\n<p>\u0160oned\u0113\u013c, 6. novembr\u012b, Doma laukum\u0101 notiks atk\u0101rtots protests pret \u0161o l\u0113mumu. Turkl\u0101t protesti pl\u0101noti ar\u012b Liep\u0101j\u0101, C\u0113s\u012bs un Daugavpil\u012b, k\u0101 ar\u012b cit\u0101s valst\u012bs \u2013 Tallin\u0101 un Tartu Igaunij\u0101, Be\u013c\u0123ijas galvaspils\u0113t\u0101 Brisel\u0113, Somijas galvaspils\u0113t\u0101 Helsinkos, V\u0101cijas galvaspils\u0113t\u0101 Berl\u012bn\u0113, N\u012bderlandes pils\u0113t\u0101 H\u0101g\u0101 un Austrijas galvaspils\u0113t\u0101 V\u012bn\u0113, past\u0101st\u012bja Jonite.<\/p>\n<p>&#8220;Tas absol\u016bti nemaina to, ka joproj\u0101m m\u0113s redzam, ka ne tikai ar \u0161o likumprojektu, bet ar\u012b ar virkni citu, par ko jau ir bijusi runa, notiek uzbrukums Latvijai, Eiropas Savien\u012bbas v\u0113rt\u012bbu kodol\u0101.<\/p>\n<blockquote>\n<p>Un tas nemaina to, ka mums t\u0101pat ir j\u0101par\u0101da sava jauda un j\u0101uzliek spiediens k\u0101 sabiedr\u012bbai uz m\u016bsu politi\u0137iem par to, ka \u0161\u0101di r\u012bkoties nedr\u012bkst.<\/p>\n<\/blockquote>\n<p>Un vai t\u0101 b\u016btu \u0161\u012b Saeima, kas pie\u0146em l\u0113mumu par izst\u0101\u0161anos vai palik\u0161anu Stambulas konvencij\u0101, vai n\u0101kam\u0101 \u2013 manupr\u0101t, m\u0113s nedr\u012bkstam pazaud\u0113t \u0161o\u00a0inerci un\u00a0gaitu, kas \u0161obr\u012bd ir uz\u0146emta ar to, cik m\u0113s esam beidzot akt\u012bvi k\u0101 pilsonisk\u0101 sabiedr\u012bba, jo, manupr\u0101t, Latvij\u0101 kaut kas t\u0101ds v\u0113l nav redz\u0113ts. M\u0113s beidzot par\u0101d\u0101m to, ka m\u0113s ne\u013causim k\u0101 sabiedr\u012bba un k\u0101 pilsonisk\u0101 sabiedr\u012bba sev k\u0101pt uz galvas. T\u0101p\u0113c es aicinu visus ceturtdien, plkst. 19, Doma laukum\u0101 uz protestu gan par Latvijas palik\u0161anu pie Eiropas v\u0113rt\u012bb\u0101m, gan ar\u012b palik\u0161anu Stambulas konvencij\u0101,&#8221; sac\u012bja Jonite.<\/p>\n<p>Ar\u012b vairums ekspertu un nevalstisko organiz\u0101ciju, kas str\u0101d\u0101 ar vardarb\u012bbas nov\u0113r\u0161anas jaut\u0101jumiem, iebilst pret ieceri izst\u0101ties no konvencijas, pau\u017eot ba\u017eas, ka tas mazin\u0101s cietu\u0161o aizst\u0101v\u0113\u0161anu pret vardarb\u012bbu un negat\u012bvi ietekm\u0113s Latvijas starptautisko t\u0113lu Rietumu sabiedroto ac\u012bs.<\/p>\n<p>KONTEKSTS:<\/p>\n<p>Pirmdienas, 3. novembra, vakar\u0101, kad par aicin\u0101jumu neparakst\u012bt izst\u0101\u0161anos no konvencijas bija parakst\u012bju\u0161ies aptuveni 61\u00a0000 cilv\u0113ku, Valsts prezidents Edgars Rink\u0113vi\u010ds pazi\u0146oja, ka<a data-id=\"620943\" data-type=\"article\" href=\"https:\/\/www.lsm.lv\/raksts\/zinas\/latvija\/03.11.2025-valsts-prezidents-liek-saeimai-parskatit-lemumu-par-izstasanos-no-stambulas-konvencijas.a620943\/\" class=\"lsm-link\" rel=\"nofollow noopener\" target=\"_blank\">\u00a0izmantos savas ties\u012bbas pras\u012bt\u00a0<\/a>Stambulas konvencijas denons\u0113\u0161anas likuma otrreiz\u0113ju caurl\u016bko\u0161anu. Vienlaikus prezidents uzskata, ka \u0161is l\u0113mums b\u016btu j\u0101p\u0101rskata n\u0101kamajam Saeimas sasaukumam.<\/p>\n<p>Otrdien prezidenta aicin\u0101jumam atst\u0101t jaut\u0101jumu par konvencijas denons\u0113\u0161anu n\u0101kamajai Saeimai\u00a0pievienoj\u0101s ne tikai &#8220;Jaun\u0101 Vienot\u012bba&#8221; un &#8220;Progres\u012bvie&#8221;, kuri iest\u0101j\u0101s par Latvijas palik\u0161anu konvencij\u0101, bet <a href=\"https:\/\/www.lsm.lv\/raksts\/zinas\/latvija\/04.11.2025-nacionala-apvieniba-un-apvienotais-saraksts-atbalsta-aicinajumu-par-stambulas-konvenciju-lemt-nakamajai-saeimai.a621061\/\" class=\"lsm-link\" data-type=\"article\" data-id=\"621061\" rel=\"nofollow noopener\" target=\"_blank\">ar\u012b divas opoz\u012bcij\u0101 eso\u0161\u0101s partijas<\/a> \u2013\u00a0Nacion\u0101l\u0101 apvien\u012bba un &#8220;Apvienotais saraksts&#8221;.<\/p>\n<p>Platform\u0101 &#8220;ManaBalss.lv&#8221; aicin\u0101jumu Valsts prezidentam neparakst\u012bt likumu, kas paredz Latvijas izst\u0101\u0161anos no Stambulas konvencijas, parakst\u012bju\u0161i vair\u0101k nek\u0101 64 750 cilv\u0113ku, un t\u0101 ir\u00a0<a data-id=\"620964\" data-type=\"article\" href=\"https:\/\/www.lsm.lv\/raksts\/zinas\/latvija\/03.11.2025-lugums-prezidentam-neparakstit-stambulas-konvencijas-denonsesanu-atbalstitaka-iniciativa-manabalsslv-vesture.a620964\/\" class=\"lsm-link\" rel=\"nofollow noopener\" target=\"_blank\">k\u013cuvusi par popul\u0101r\u0101ko<\/a>\u00a0iniciat\u012bvu platformas &#8220;ManaBalss.lv&#8221; v\u0113stur\u0113. Tik daudz parakstu sav\u0101kti \u010detru dienu laik\u0101, un to skaits turpina augt.<\/p>\n<p>                    Valodas k\u013c\u016bda rakst\u0101?<\/p>\n<p class=\"d-none d-md-block\">Iez\u012bm\u0113jiet tekstu un spiediet Ctrl+Enter, lai nos\u016bt\u012btu labojamo teksta fragmentu redaktoram! Par faktu k\u013c\u016bd\u0101m l\u016bdzam zi\u0146ot e-past\u0101 <a href=\"https:\/\/www.lsm.lv\/cdn-cgi\/l\/email-protection\" class=\"__cf_email__\" data-cfemail=\"5c2e39383d373f35363d1c302f3172302a\" rel=\"nofollow noopener\" target=\"_blank\">[email\u00a0protected]<\/a>.<\/p>\n<p class=\"d-md-none\">Iez\u012bm\u0113jiet tekstu un spiediet uz Zi\u0146ot par k\u013c\u016bdu pogas, lai nos\u016bt\u012btu labojamo teksta fragmentu redaktoram!<\/p>\n<p>\n                    Zi\u0146ot par k\u013c\u016bdu\n                <\/p>\n","protected":false},"excerpt":{"rendered":"Opoz\u012bcijas partiju &#8211; Nacion\u0101l\u0101s apvien\u012bbas un &#8220;Apvienot\u0101 saraksta&#8221; &#8211;\u00a0l\u0113mums atbalst\u012bt prezidenta aicin\u0101jumu par Stambulas konvenciju lemt n\u0101kamajai Saeimai&hellip;\n","protected":false},"author":2,"featured_media":40021,"comment_status":"","ping_status":"","sticky":false,"template":"","format":"standard","meta":{"footnotes":""},"categories":[12],"tags":[23,28,29,32,33,22,30,31,35,39,38,36,37,34,40,20,26,27,24,25,21],"class_list":{"0":"post-40020","1":"post","2":"type-post","3":"status-publish","4":"format-standard","5":"has-post-thumbnail","7":"category-latvija","8":"tag-aktualitates","9":"tag-breaking-news","10":"tag-breakingnews","11":"tag-featured-news","12":"tag-featurednews","13":"tag-headlines","14":"tag-latest-news","15":"tag-latestnews","16":"tag-latvia","17":"tag-latvian","18":"tag-latviesu","19":"tag-latviesu-valoda","20":"tag-latviesuvaloda","21":"tag-latvija","22":"tag-lv","23":"tag-news","24":"tag-popularakas-zinas","25":"tag-popularakaszinas","26":"tag-top-stories","27":"tag-topstories","28":"tag-zinas"},"share_on_mastodon":{"url":"https:\/\/pubeurope.com\/@lv\/115492375939887784","error":""},"_links":{"self":[{"href":"https:\/\/www.europesays.com\/lv\/wp-json\/wp\/v2\/posts\/40020","targetHints":{"allow":["GET"]}}],"collection":[{"href":"https:\/\/www.europesays.com\/lv\/wp-json\/wp\/v2\/posts"}],"about":[{"href":"https:\/\/www.europesays.com\/lv\/wp-json\/wp\/v2\/types\/post"}],"author":[{"embeddable":true,"href":"https:\/\/www.europesays.com\/lv\/wp-json\/wp\/v2\/users\/2"}],"replies":[{"embeddable":true,"href":"https:\/\/www.europesays.com\/lv\/wp-json\/wp\/v2\/comments?post=40020"}],"version-history":[{"count":0,"href":"https:\/\/www.europesays.com\/lv\/wp-json\/wp\/v2\/posts\/40020\/revisions"}],"wp:featuredmedia":[{"embeddable":true,"href":"https:\/\/www.europesays.com\/lv\/wp-json\/wp\/v2\/media\/40021"}],"wp:attachment":[{"href":"https:\/\/www.europesays.com\/lv\/wp-json\/wp\/v2\/media?parent=40020"}],"wp:term":[{"taxonomy":"category","embeddable":true,"href":"https:\/\/www.europesays.com\/lv\/wp-json\/wp\/v2\/categories?post=40020"},{"taxonomy":"post_tag","embeddable":true,"href":"https:\/\/www.europesays.com\/lv\/wp-json\/wp\/v2\/tags?post=40020"}],"curies":[{"name":"wp","href":"https:\/\/api.w.org\/{rel}","templated":true}]}}