{"id":40024,"date":"2025-11-04T16:34:07","date_gmt":"2025-11-04T16:34:07","guid":{"rendered":"https:\/\/www.europesays.com\/lv\/40024\/"},"modified":"2025-11-04T16:34:07","modified_gmt":"2025-11-04T16:34:07","slug":"uzmanibu-pacientiem-nakamgad-nosutijumi-tikai-elektroniski","status":"publish","type":"post","link":"https:\/\/www.europesays.com\/lv\/40024\/","title":{"rendered":"Uzman\u012bbu pacientiem: n\u0101kamgad nos\u016bt\u012bjumi tikai elektroniski"},"content":{"rendered":"<p class=\"descr\">Vald\u012bba otrdien apstiprin\u0101ja groz\u012bjumus noteikumos par vienoto vesel\u012bbas nozares elektronisko inform\u0101cijas sist\u0113mu, nosakot 4. maiju k\u0101 termi\u0146u piln\u012bgai p\u0101rejai uz e-nos\u016bt\u012bjumiem, k\u0101 ar\u012b pak\u0101peniski s\u0101kot principa &#8220;viens nos\u016bt\u012bjums &#8211; viens pieraksts&#8221; ievie\u0161anu.<\/p>\n<p>K\u0101 a\u0123ent\u016bru LETA inform\u0113ja <a href=\"https:\/\/nra.lv\/birka\/veselibas-ministrija\/\" target=\"_blank\" rel=\"noopener nofollow\">Vesel\u012bbas ministrija<\/a> (VM), Latvijas Digit\u0101l\u0101s vesel\u012bbas centrs (LDVC) 20. novembr\u012b papla\u0161in\u0101s un uzlabos e-nos\u016bt\u012bjuma funkcionalit\u0101ti e-vesel\u012bbas port\u0101l\u0101, lai nodro\u0161in\u0101tu \u0101tr\u0101ku un \u0113rt\u0101ku nos\u016bt\u012bjumu izrakst\u012b\u0161anu.<\/p>\n<p>Piln\u012bgai p\u0101rejai uz uzlaboto sist\u0113mu noteikts p\u0101rejas periods l\u012bdz n\u0101kam\u0101 gada 4. maijam, kad vis\u0101m \u0101rstniec\u012bbas iest\u0101d\u0113m, kas apstr\u0101d\u0101 <a href=\"https:\/\/nra.lv\/birka\/pacienti\/\" target=\"_blank\" rel=\"noopener nofollow\">pacientu<\/a> datus lok\u0101laj\u0101s inform\u0101cijas sist\u0113m\u0101s, j\u0101nodro\u0161ina to integr\u0101cija ar e-vesel\u012bbu.<\/p>\n<p>Ja <a href=\"https:\/\/nra.lv\/birka\/arstniecibas-iestades\/\" target=\"_blank\" rel=\"noopener nofollow\">\u0101rstniec\u012bbas iest\u0101de<\/a> nevar\u0113s uzreiz pied\u0101v\u0101t viz\u012btes laiku, t\u0101 re\u0123istr\u0113s rezerv\u0101ciju un, par\u0101doties br\u012bvam laikam, sazin\u0101sies ar pacientu. Katram nos\u016bt\u012bjumam b\u016bs der\u012bguma termi\u0146\u0161 &#8211; parasti 90 dienas, kuru var\u0113s pagarin\u0101t, ja pieraksts vai rezerv\u0101cija tiks atcelta. N\u0101kam\u0101 gada ruden\u012b pl\u0101nots s\u0101kt vienot\u0101 e-pieraksta sist\u0113mas ievie\u0161anu, kas centraliz\u0113ti sasaist\u012bs \u0101rstniec\u012bbas iest\u0101\u017eu rindas un sniegs pacientiem iesp\u0113ju redz\u0113t faktisko gaid\u012b\u0161anas laiku. Iz\u0146\u0113muma k\u0101rt\u0101 pagaid\u0101m saglab\u0101sies l\u012bdz\u0161in\u0113j\u0101 pieteik\u0161an\u0101s k\u0101rt\u012bba onkolo\u0123ijas &#8220;za\u013c\u0101&#8221; un &#8220;dzelten\u0101&#8221; koridora pacientiem.<\/p>\n<p>\u0100rstniec\u012bbas iest\u0101d\u0113m sadarb\u012bb\u0101 ar LDVC b\u016bs j\u0101organiz\u0113 \u0101rstu un re\u0123istratoru apm\u0101c\u012bbas par jauno <a href=\"https:\/\/nra.lv\/veseliba\/482013-e-nosutijumiem-pie-specialistiem-plano-ieviest-deriguma-terminu.htm\" data-item-link=\"true\" data-item-id=\"482013\" rel=\"nofollow noopener\" target=\"_blank\">nos\u016bt\u012bjumu <\/a>apstr\u0101des k\u0101rt\u012bbu, lai p\u0101reja notiktu vienm\u0113r\u012bgi.<\/p>\n<p>Patlaban vid\u0113ji dien\u0101 elektroniski tiek izrakst\u012bti ap 10 000 nos\u016bt\u012bjumu, bet m\u0113nes\u012b to skaits sasniedz ap 300 000. Jauno nos\u016bt\u012bjuma moduli no 20. novembra var\u0113s apl\u016bkot ar\u012b iedz\u012bvot\u0101ji, piesl\u0113dzoties <a href=\"https:\/\/nra.lv\/birka\/eveseliba\/\" rel=\"nofollow noopener\" target=\"_blank\">e-vesel\u012bbai<\/a>.<\/p>\n<p>Iepriek\u0161 izrakst\u012btie nos\u016bt\u012bjumi, ar\u012b pap\u012bra form\u0101, saglab\u0101s der\u012bgumu.<\/p>\n<p>Savuk\u0101rt p\u0113c p\u0101rejas perioda beig\u0101m pap\u012bra nos\u016bt\u012bjumi b\u016bs j\u0101digitaliz\u0113, t\u0101d\u0113\u013c <a href=\"https:\/\/nra.lv\/birka\/ldvc\/\" target=\"_blank\" rel=\"noopener nofollow\">LDVC<\/a> aicina jau tagad izv\u0113l\u0113ties elektronisku formu, lai n\u0101kotn\u0113 nenoslogotu person\u0101lu un IT sist\u0113mu ar digitaliz\u0101cijas darbiem.<\/p>\n<p>Elektroniski izrakst\u012btie nos\u016bt\u012bjumi autom\u0101tiski tiks p\u0101rnesti uz jauno form\u0101tu. No 2026. gada 5. maija pap\u012bra nos\u016bt\u012bjumi b\u016bs pie\u013caujami tikai inform\u0101cijas un komunik\u0101cijas tehnolo\u0123iju trauc\u0113jumu gad\u012bjum\u0101.<\/p>\n<p>Ta\u010du Vesel\u012bbas apr\u016bpes darba dev\u0113ju asoci\u0101cija (VADDA) iebildusi projekta t\u0101l\u0101kai virz\u012bbai, jo tai joproj\u0101m nav skaidrs, k\u0101 \u0101rstniec\u012bbas iest\u0101d\u0113m, kuras ir l\u012bgumattiec\u012bb\u0101s ar valsti, tiks kompens\u0113tas digitaliz\u0101cijas izmaksas. VADDA nor\u0101da, ka valsts apmaks\u0101jamo vesel\u012bbas apr\u016bpes pakalpojumu manipul\u0101ciju tarifs, kur\u0101 iek\u013cauts ar\u012b digitaliz\u0101cijas izmaksu elements, neatspogu\u013co re\u0101los izdevumus un gadiem nav ticis p\u0101rskat\u012bts.<\/p>\n<p>Iebildumus izteikusi ar\u012b Latvijas \u0122imenes \u0101rstu asoci\u0101cija (<a href=\"https:\/\/nra.lv\/birka\/lgaa\/\" target=\"_blank\" rel=\"noopener nofollow\">L\u0122\u0100A<\/a>). Lai gan VM uzsver, ka pap\u012bra nos\u016bt\u012bjumi b\u016bs pie\u013caujami inform\u0101cijas un komunik\u0101cijas tehnolo\u0123iju trauc\u0113jumu gad\u012bjum\u0101, L\u0122\u0100A pau\u017e viedokli, ka nevar piekrist pap\u012bra nos\u016bt\u012bjumu m\u0101ksl\u012bgai ierobe\u017eo\u0161anai &#8220;par katru cenu&#8221;, ja elektronisk\u0101 nos\u016bt\u012bjuma izrakst\u012b\u0161ana konkr\u0113t\u0101 br\u012bd\u012b neb\u016btu iesp\u0113jama pietiekami \u0113rti un \u0101tri.<\/p>\n<p>L\u0122\u0100A uzsv\u0113ra, ka tikai tad, kad e-nos\u016bt\u012bjuma sist\u0113ma b\u016bs pilnveidota un labi funkcion\u0113jo\u0161a, neb\u016bs pamata ba\u017e\u0101m par p\u0101rm\u0113r\u012bgi pla\u0161u pap\u012bra form\u0101ta izmanto\u0161anu. T\u0101p\u0113c asoci\u0101cija atk\u0101rtoti aicin\u0101ja preciz\u0113t gad\u012bjumus, kad pie\u013caujama nos\u016bt\u012bjumu izsnieg\u0161ana pap\u012bra form\u0101 &#8211; sist\u0113mas tehnisku ierobe\u017eojumu vai nepiln\u012bbu gad\u012bjum\u0101, vesel\u012bbas inform\u0101cijas sist\u0113mas trauc\u0113jumu laik\u0101, m\u0101jas viz\u012b\u0161u laik\u0101, k\u0101 ar\u012b citu neatkar\u012bgu tehnisku apst\u0101k\u013cu d\u0113\u013c, neatkar\u012bgi no pakalpojuma steidzam\u012bbas pak\u0101pes.<\/p>\n<p>T\u0101pat L\u0122\u0100A aicin\u0101ja anot\u0101ciju un izzi\u0146u papildin\u0101t ar skaidru apliecin\u0101jumu no LDVC, ka no 5. novembra jebkura integratoru sist\u0113ma turpin\u0101s darboties k\u0101 l\u012bdz \u0161im un e-nos\u016bt\u012bjumi tiks autom\u0101tiski konvert\u0113ti uz jauno form\u0101tu, nodro\u0161inot to pieejam\u012bbu e-vesel\u012bb\u0101 gan \u0123imenes \u0101rstiem, gan \u0101rstniec\u012bbas iest\u0101d\u0113m.<\/p>\n<p>Asoci\u0101cija neiebilda noteiktajam e-nos\u016bt\u012bjuma sp\u0113k\u0101 st\u0101\u0161an\u0101s laikam un p\u0101rejas periodam, ta\u010du aicin\u0101ja VM nodro\u0161in\u0101t uzraudz\u012bbu, lai \u0123imenes \u0101rstu sniegtie iebildumi un priek\u0161likumi tiktu re\u0101li \u0146emti v\u0113r\u0101.<\/p>\n<p>L\u0122\u0100A uzsver, ka vair\u0101ku m\u0113ne\u0161u laik\u0101 nav sa\u0146\u0113musi atbildes no LDVC par e-nos\u016bt\u012bjuma funkcionalit\u0101tes uzlabojumiem, un aicin\u0101ja <a href=\"https:\/\/nra.lv\/birka\/ministru-kabinets\/\" target=\"_blank\" rel=\"noopener nofollow\">Ministru kabinetu<\/a> protokoll\u0113mum\u0101 paredz\u0113t, ka pirms p\u0101rejas perioda beig\u0101m j\u0101sa\u0146em L\u0122\u0100A saska\u0146ojums par e-nos\u016bt\u012bjuma atbilst\u012bbu \u0123imenes \u0101rstu ikdienas darba vajadz\u012bb\u0101m.<\/p>\n<p>L\u0122\u0100A ar\u012b nor\u0101d\u012bja uz nevienl\u012bdz\u012bgu attieksmi attiec\u012bb\u0101 uz digitaliz\u0101cijas izmaksu seg\u0161anu, uzsverot, ka \u0123imenes \u0101rsti \u0161obr\u012bd sedz pieaugo\u0161\u0101s pacientu datu apstr\u0101des sist\u0113mu izmaksas pa\u0161i, kam\u0113r citiem pakalpojumu sniedz\u0113jiem VM \u0161\u012bs izmaksas iek\u013c\u0101vusi tarifos. Asoci\u0101cija atk\u0101rtoti aicin\u0101ja rast risin\u0101jumu digitaliz\u0101cijas izmaksu kompens\u0113\u0161anai \u0123imenes \u0101rstu praks\u0113m.<\/p>\n<p>K\u0101 v\u0113st\u012bts, saska\u0146\u0101 ar vald\u012bb\u0101 apstiprin\u0101to Digit\u0101l\u0101s vesel\u012bbas strat\u0113\u0123iju l\u012bdz 2029. gadam paredz\u0113ta pla\u0161a pacientu datu digitaliz\u0101cija un vienot\u0101 pieraksta ievie\u0161ana.<\/p>\n<p>Pieeja &#8220;viens nos\u016bt\u012bjums &#8211; viens pieraksts&#8221; noz\u012bm\u0113s, ka pacients uz konkr\u0113tu pakalpojumu var\u0113s pieteikties tikai vien\u0101 \u0101rstniec\u012bbas iest\u0101d\u0113, t\u0101 nov\u0113r\u0161ot dubultus pierakstus.<\/p>\n<p>Pa\u0161laik neapmekl\u0113to viz\u012b\u0161u \u012bpatsvars sasniedz 15-20%, b\u016btiski ietekm\u0113jot pakalpojumu pieejam\u012bbu un \u0101rstniec\u012bbas iest\u0101\u017eu noslodzi. Vienot\u0101 pieraksta ievie\u0161anu pl\u0101nots s\u0101kt n\u0101kam\u0101 gada ruden\u012b, nor\u0101da VM.<\/p>\n<p>E-vesel\u012bbas sist\u0113m\u0101 patlaban bez maksas pieejami laboratorisko izmekl\u0113jumu rezult\u0101ti no 26 laboratorij\u0101m, k\u0101 ar\u012b citi digit\u0101lie vesel\u012bbas pakalpojumi &#8211; e-receptes, e-darbnesp\u0113jas lapas, vizu\u0101l\u0101s diagnostikas dati, slimn\u012bcu izraksti, Eiropas vesel\u012bbas apdro\u0161in\u0101\u0161anas kartes pieteik\u0161ana un iesp\u0113ja nor\u0101d\u012bt kontaktpersonu vesel\u012bbas probl\u0113mu gad\u012bjum\u0101.<\/p>\n<p>\t\t\t\t\t\tinfo<\/p>\n<p>Uzzini pirmais<br \/>kas interesants noticis Latvij\u0101 un pasaul\u0113,<br \/>pievienojoties mums <a href=\"https:\/\/t.me\/neatkariga\" rel=\"nofollow\">Telegram<\/a> vai <a href=\"https:\/\/whatsapp.com\/channel\/0029VaMLFUH5K3zLU5s4wm3y\" rel=\"nofollow noopener\" target=\"_blank\">Whatsapp<\/a> kan\u0101l\u0101<\/p>\n","protected":false},"excerpt":{"rendered":"Vald\u012bba otrdien apstiprin\u0101ja groz\u012bjumus noteikumos par vienoto vesel\u012bbas nozares elektronisko inform\u0101cijas sist\u0113mu, nosakot 4. maiju k\u0101 termi\u0146u piln\u012bgai&hellip;\n","protected":false},"author":2,"featured_media":40025,"comment_status":"","ping_status":"","sticky":false,"template":"","format":"standard","meta":{"footnotes":""},"categories":[12],"tags":[23,28,29,32,33,22,30,31,35,39,38,36,37,34,40,20,26,27,24,25,21],"class_list":{"0":"post-40024","1":"post","2":"type-post","3":"status-publish","4":"format-standard","5":"has-post-thumbnail","7":"category-latvija","8":"tag-aktualitates","9":"tag-breaking-news","10":"tag-breakingnews","11":"tag-featured-news","12":"tag-featurednews","13":"tag-headlines","14":"tag-latest-news","15":"tag-latestnews","16":"tag-latvia","17":"tag-latvian","18":"tag-latviesu","19":"tag-latviesu-valoda","20":"tag-latviesuvaloda","21":"tag-latvija","22":"tag-lv","23":"tag-news","24":"tag-popularakas-zinas","25":"tag-popularakaszinas","26":"tag-top-stories","27":"tag-topstories","28":"tag-zinas"},"share_on_mastodon":{"url":"https:\/\/pubeurope.com\/@lv\/115492399861977437","error":""},"_links":{"self":[{"href":"https:\/\/www.europesays.com\/lv\/wp-json\/wp\/v2\/posts\/40024","targetHints":{"allow":["GET"]}}],"collection":[{"href":"https:\/\/www.europesays.com\/lv\/wp-json\/wp\/v2\/posts"}],"about":[{"href":"https:\/\/www.europesays.com\/lv\/wp-json\/wp\/v2\/types\/post"}],"author":[{"embeddable":true,"href":"https:\/\/www.europesays.com\/lv\/wp-json\/wp\/v2\/users\/2"}],"replies":[{"embeddable":true,"href":"https:\/\/www.europesays.com\/lv\/wp-json\/wp\/v2\/comments?post=40024"}],"version-history":[{"count":0,"href":"https:\/\/www.europesays.com\/lv\/wp-json\/wp\/v2\/posts\/40024\/revisions"}],"wp:featuredmedia":[{"embeddable":true,"href":"https:\/\/www.europesays.com\/lv\/wp-json\/wp\/v2\/media\/40025"}],"wp:attachment":[{"href":"https:\/\/www.europesays.com\/lv\/wp-json\/wp\/v2\/media?parent=40024"}],"wp:term":[{"taxonomy":"category","embeddable":true,"href":"https:\/\/www.europesays.com\/lv\/wp-json\/wp\/v2\/categories?post=40024"},{"taxonomy":"post_tag","embeddable":true,"href":"https:\/\/www.europesays.com\/lv\/wp-json\/wp\/v2\/tags?post=40024"}],"curies":[{"name":"wp","href":"https:\/\/api.w.org\/{rel}","templated":true}]}}