{"id":40060,"date":"2025-11-04T17:25:07","date_gmt":"2025-11-04T17:25:07","guid":{"rendered":"https:\/\/www.europesays.com\/lv\/40060\/"},"modified":"2025-11-04T17:25:07","modified_gmt":"2025-11-04T17:25:07","slug":"latvijas-futbolistes-pk-kvalifikacijas-b-liga-cinisies-ar-portugali-somiju-un-slovakiju","status":"publish","type":"post","link":"https:\/\/www.europesays.com\/lv\/40060\/","title":{"rendered":"Latvijas futbolistes PK kvalifik\u0101cijas B l\u012bg\u0101 c\u012bn\u012bsies ar Portug\u0101li, Somiju un Slov\u0101kiju"},"content":{"rendered":"<p>Latvija, Portug\u0101le, Somija un Slov\u0101kija sp\u0113kosies B l\u012bgas tre\u0161aj\u0101 grup\u0101.<\/p>\n<p>Pirms izlozes Latvijas izlase kop\u0101 ar Luksemburgu, Maltu un Melnkalni bija iek\u013cauta ceturtaj\u0101 groz\u0101. No B l\u012bgas izlozes pirm\u0101 groz\u0101 Latvija pretiniekos ieguva Portug\u0101li, no otr\u0101 groza &#8211; Somiju, bet Slov\u0101kija tika ieloz\u0113ta no tre\u0161\u0101 groza.<\/p>\n<p>Kvalifik\u0101cijas pirm\u0101s k\u0101rtas sp\u0113les norisin\u0101sies no n\u0101kam\u0101 gada marta l\u012bdz j\u016bnija s\u0101kumam, bet &#8220;play-off&#8221; k\u0101rtas c\u012b\u0146as paredz\u0113tas oktobr\u012b un decembr\u012b.<\/p>\n<p>Latvijas izlase \u0161ogad ir c\u012bn\u012bjusies bez zaud\u0113jumiem, se\u0161\u0101s UEFA N\u0101ciju l\u012bgas sp\u0113l\u0113s febru\u0101r\u012b, apr\u012bl\u012b, maij\u0101 un j\u016bnij\u0101 uzvarot C l\u012bg\u0101 un nodro\u0161inot iesp\u0113ju 2027. gada Pasaules kausu izc\u012b\u0146as kvalifik\u0101cijas turn\u012bru aizvad\u012bt B l\u012bg\u0101.<\/p>\n<p>Ce\u013caz\u012bmi uz Pasaules kausu uzreiz nodro\u0161in\u0101s \u010detru A l\u012bgas kvalifik\u0101cijas grupu uzvar\u0113t\u0101jas, bet par v\u0113l septi\u0146\u0101m ce\u013caz\u012bm\u0113m komandas c\u012bn\u012bsies &#8220;play-off&#8221; posm\u0101.<\/p>\n<p>No B l\u012bgas kvalifik\u0101cijas &#8220;play-off&#8221; posm\u0101 iek\u013c\u016bs apak\u0161grupu pirmo tr\u012bs vietu ieguv\u0113jas. T\u0101pat B l\u012bgas grupu uzvar\u0113t\u0101jas nodro\u0161in\u0101s vietu A l\u012bg\u0101 n\u0101kamajam kvalifik\u0101cijas ciklam, bet ceturt\u0101s vietas ieguv\u0113ja n\u0101kamo ciklu pavad\u012bs C l\u012bg\u0101.<\/p>\n<p>2027. gada Pasaules kauss norisin\u0101sies Braz\u012blij\u0101.<\/p>\n","protected":false},"excerpt":{"rendered":"Latvija, Portug\u0101le, Somija un Slov\u0101kija sp\u0113kosies B l\u012bgas tre\u0161aj\u0101 grup\u0101. Pirms izlozes Latvijas izlase kop\u0101 ar Luksemburgu, Maltu&hellip;\n","protected":false},"author":2,"featured_media":40061,"comment_status":"","ping_status":"","sticky":false,"template":"","format":"standard","meta":{"footnotes":""},"categories":[17],"tags":[715,1375,35,39,38,36,37,34,40,67,9835],"class_list":{"0":"post-40060","1":"post","2":"type-post","3":"status-publish","4":"format-standard","5":"has-post-thumbnail","7":"category-sports","8":"tag-futbols-latvija","9":"tag-futbols-pasaule","10":"tag-latvia","11":"tag-latvian","12":"tag-latviesu","13":"tag-latviesu-valoda","14":"tag-latviesuvaloda","15":"tag-latvija","16":"tag-lv","17":"tag-sports","18":"tag-uefa-naciju-liga"},"share_on_mastodon":{"url":"https:\/\/pubeurope.com\/@lv\/115492600078453842","error":""},"_links":{"self":[{"href":"https:\/\/www.europesays.com\/lv\/wp-json\/wp\/v2\/posts\/40060","targetHints":{"allow":["GET"]}}],"collection":[{"href":"https:\/\/www.europesays.com\/lv\/wp-json\/wp\/v2\/posts"}],"about":[{"href":"https:\/\/www.europesays.com\/lv\/wp-json\/wp\/v2\/types\/post"}],"author":[{"embeddable":true,"href":"https:\/\/www.europesays.com\/lv\/wp-json\/wp\/v2\/users\/2"}],"replies":[{"embeddable":true,"href":"https:\/\/www.europesays.com\/lv\/wp-json\/wp\/v2\/comments?post=40060"}],"version-history":[{"count":0,"href":"https:\/\/www.europesays.com\/lv\/wp-json\/wp\/v2\/posts\/40060\/revisions"}],"wp:featuredmedia":[{"embeddable":true,"href":"https:\/\/www.europesays.com\/lv\/wp-json\/wp\/v2\/media\/40061"}],"wp:attachment":[{"href":"https:\/\/www.europesays.com\/lv\/wp-json\/wp\/v2\/media?parent=40060"}],"wp:term":[{"taxonomy":"category","embeddable":true,"href":"https:\/\/www.europesays.com\/lv\/wp-json\/wp\/v2\/categories?post=40060"},{"taxonomy":"post_tag","embeddable":true,"href":"https:\/\/www.europesays.com\/lv\/wp-json\/wp\/v2\/tags?post=40060"}],"curies":[{"name":"wp","href":"https:\/\/api.w.org\/{rel}","templated":true}]}}