{"id":40078,"date":"2025-11-04T17:58:07","date_gmt":"2025-11-04T17:58:07","guid":{"rendered":"https:\/\/www.europesays.com\/lv\/40078\/"},"modified":"2025-11-04T17:58:07","modified_gmt":"2025-11-04T17:58:07","slug":"foto-eiropa-ir-gatava-rikoties-lietuva-sak-buvet-vacu-giganta-rheinmetall-municijas-rupnicu-jauns-lv","status":"publish","type":"post","link":"https:\/\/www.europesays.com\/lv\/40078\/","title":{"rendered":"FOTO: Eiropa ir gatava r\u012bkoties &#8211; Lietuv\u0101 s\u0101k b\u016bv\u0113t v\u0101cu giganta &quot;Rheinmetall&quot; mun\u012bcijas r\u016bpn\u012bcu &#8211; Jauns.lv"},"content":{"rendered":"<ol>\n<li><a href=\"https:\/\/news.google.com\/rss\/articles\/CBMiygFBVV95cUxNU0ozUGNOZkVyTU9BeVVJaE9fa1ByTHNhNjVoWmRuVWNhNF93R3Ayd01pd3hqOGpnb3R1MzZaVzBjYjA3VXYtLWZ6YUVrUXBSb3RZbkFOaHlWNkRMX1Z4MlZPYmg2UnpOQUlEMjk0MlY2MmFFNk1KRmtQVkxKTm1ZYzNQZDg0emc1TW5JU2ZYVHRDLVBHakhMZEJIejlKWVJDOTUtM05UckZtbnpNVXF0bGpqc3Q3QVhnVlhZNTlDQXFMSl9oMkNoWVd3?oc=5\" target=\"_blank\" rel=\"nofollow noopener\">FOTO: Eiropa ir gatava r\u012bkoties &#8211; Lietuv\u0101 s\u0101k b\u016bv\u0113t v\u0101cu giganta &#8220;Rheinmetall&#8221; mun\u012bcijas r\u016bpn\u012bcu<\/a>&nbsp;&nbsp;Jauns.lv<\/li>\n<li><a href=\"https:\/\/news.google.com\/rss\/articles\/CBMiiAJBVV95cUxObUd4OUEyS3VDRk5DaHh1RUlkWFRQeXFDZ29FY2EyMHUtOV84XzJHOFBLMFJJSGtYM09HQXY4eENrWW9nVXNmQmVNY3BEOUpUSWgyLXppTnpUVjNFcWdTdkpJSThCanhZeWpXV3p5SnhiUU5tMVJPR1ZsLTU0Z1lVbURHbFpJSmw1VExMaERhZ21kZTl1WE9MR2ZlWnk0NHpIUVN3ZnBFcENkampaOG5VRk1CZFdtTkxDZUs1VWZQTUFsSnBUVkJZTF9zZmI4dk0yMFJ0X1dpaHZnWFU3V01fVlJ6bFlieS1pdk5kZXZLTldrNTVBQnpmblhJa09nS1plcHl6Y0p3TUc?oc=5\" target=\"_blank\" rel=\"nofollow noopener\">Latvija po\u0161as uz vietu ECB vad\u012bb\u0101, p\u0101rmetumi veikalniekiem, &#8220;Rheinmetall&#8221; b\u016bv\u0113jas Lietuv\u0101: aktu\u0101lais ekonomik\u0101 4. novembr\u012b<\/a>&nbsp;&nbsp;Delfi<\/li>\n<li><a href=\"https:\/\/news.google.com\/rss\/articles\/CBMiggFBVV95cUxNbTR2N0Jabm5NOHB2NDlqV2ZSQnlxSW1jcnVEWk1VYzNnZDJSRkVvd0gtblNpNnhHY0ZZRm91V1VIOE1BLVhBeUV0WG1OSkFxcXRVLU5wRE84b0t1cUFaTjJUQXhTSk9YUjZfVkFBaGdFSXpqNjZySlY1c2g2V2NWd2RB?oc=5\" target=\"_blank\" rel=\"nofollow noopener\">Lietuv\u0101 s\u0101k b\u016bv\u0113t &#8220;Rheinmetall&#8221; mun\u012bcijas r\u016bpn\u012bcu<\/a>&nbsp;&nbsp;TVNET<\/li>\n<li><a href=\"https:\/\/news.google.com\/rss\/articles\/CBMiZkFVX3lxTFBMcTdvelczQlZrX25fMnNuQ3ZTR08xcE9RbzdLRWdhdWNubEhCQWRaQTVKUGhzeHdkU052MGE0YnpSUnZ2Q251NzNGZzJzNFlvX25OZjVEZ29ycjJ0d0txQk9iTHY3UQ?oc=5\" target=\"_blank\" rel=\"nofollow noopener\">Otrdiena, 04 Novembris 2025<\/a>&nbsp;&nbsp;Apri\u0146\u0137is<\/li>\n<li><a href=\"https:\/\/news.google.com\/rss\/articles\/CBMi1wFBVV95cUxOckRpMlRjNHlORzNTT1p0dGh1VVN1b2M5REJBdmc2M0RWZldmZzVjLUdIbHBkR3pqSG9PR3B2NU40OFBpcmpmRHgtN2xtemZnaUxaT1B5UjY4dDFIYzMwWVRtREZ6bGxfUzQyNTNNWWNRYWszV1ZRcF9vQjUwMzNYU2c5d25vOE1veFNhZlo0a1FhRk8zd21JVFpNT080M2ZMM1ZDTlVHdS1Rald5bU5qYXNLcjNTYXhtLUdkdERMZURXNkpDTXhVYXFXZjgxTjA4cXRIajZtWQ?oc=5\" target=\"_blank\" rel=\"nofollow noopener\">Lietuva r\u0101da piem\u0113ru. V\u0101cijas \u201cRheinmetall\u201d mun\u012bcijas r\u016bpn\u012bca n\u0101kotn\u0113 dos gan ekonomisko, gan dro\u0161\u012bbas pienesumu<\/a>&nbsp;&nbsp;tv3.lv<\/li>\n<\/ol>\n","protected":false},"excerpt":{"rendered":"FOTO: Eiropa ir gatava r\u012bkoties &#8211; Lietuv\u0101 s\u0101k b\u016bv\u0113t v\u0101cu giganta &#8220;Rheinmetall&#8221; mun\u012bcijas r\u016bpn\u012bcu&nbsp;&nbsp;Jauns.lv Latvija po\u0161as uz vietu&hellip;\n","protected":false},"author":2,"featured_media":40079,"comment_status":"","ping_status":"","sticky":false,"template":"","format":"standard","meta":{"footnotes":""},"categories":[12],"tags":[23,28,29,32,33,22,30,31,35,39,38,36,37,34,40,20,26,27,24,25,21],"class_list":{"0":"post-40078","1":"post","2":"type-post","3":"status-publish","4":"format-standard","5":"has-post-thumbnail","7":"category-latvija","8":"tag-aktualitates","9":"tag-breaking-news","10":"tag-breakingnews","11":"tag-featured-news","12":"tag-featurednews","13":"tag-headlines","14":"tag-latest-news","15":"tag-latestnews","16":"tag-latvia","17":"tag-latvian","18":"tag-latviesu","19":"tag-latviesu-valoda","20":"tag-latviesuvaloda","21":"tag-latvija","22":"tag-lv","23":"tag-news","24":"tag-popularakas-zinas","25":"tag-popularakaszinas","26":"tag-top-stories","27":"tag-topstories","28":"tag-zinas"},"share_on_mastodon":{"url":"https:\/\/pubeurope.com\/@lv\/115492729847650984","error":""},"_links":{"self":[{"href":"https:\/\/www.europesays.com\/lv\/wp-json\/wp\/v2\/posts\/40078","targetHints":{"allow":["GET"]}}],"collection":[{"href":"https:\/\/www.europesays.com\/lv\/wp-json\/wp\/v2\/posts"}],"about":[{"href":"https:\/\/www.europesays.com\/lv\/wp-json\/wp\/v2\/types\/post"}],"author":[{"embeddable":true,"href":"https:\/\/www.europesays.com\/lv\/wp-json\/wp\/v2\/users\/2"}],"replies":[{"embeddable":true,"href":"https:\/\/www.europesays.com\/lv\/wp-json\/wp\/v2\/comments?post=40078"}],"version-history":[{"count":0,"href":"https:\/\/www.europesays.com\/lv\/wp-json\/wp\/v2\/posts\/40078\/revisions"}],"wp:featuredmedia":[{"embeddable":true,"href":"https:\/\/www.europesays.com\/lv\/wp-json\/wp\/v2\/media\/40079"}],"wp:attachment":[{"href":"https:\/\/www.europesays.com\/lv\/wp-json\/wp\/v2\/media?parent=40078"}],"wp:term":[{"taxonomy":"category","embeddable":true,"href":"https:\/\/www.europesays.com\/lv\/wp-json\/wp\/v2\/categories?post=40078"},{"taxonomy":"post_tag","embeddable":true,"href":"https:\/\/www.europesays.com\/lv\/wp-json\/wp\/v2\/tags?post=40078"}],"curies":[{"name":"wp","href":"https:\/\/api.w.org\/{rel}","templated":true}]}}