{"id":40088,"date":"2025-11-04T18:21:07","date_gmt":"2025-11-04T18:21:07","guid":{"rendered":"https:\/\/www.europesays.com\/lv\/40088\/"},"modified":"2025-11-04T18:21:07","modified_gmt":"2025-11-04T18:21:07","slug":"vilnas-lidosta-del-baltkrievijas-kontrabandas-baloniem-atkal-partraukta-satiksme-lente-lv","status":"publish","type":"post","link":"https:\/\/www.europesays.com\/lv\/40088\/","title":{"rendered":"Vi\u013c\u0146as lidost\u0101 d\u0113\u013c Baltkrievijas kontrabandas baloniem atkal p\u0101rtraukta satiksme\u00a0\u2014\u00a0Lente.lv"},"content":{"rendered":"<p>Vi\u013c\u0146as lidostas darb\u012bba trauc\u0113ta meteorolo\u0123isko balonu d\u0113\u013c<\/p>\n<p>Vi\u013c\u0146as lidost\u0101 atkal uz laiku tika p\u0101rtraukta lidma\u0161\u012bnu pacel\u0161an\u0101s un nolai\u0161an\u0101s ceturtdienas vakar\u0101, jo debes\u012bs tika man\u012bti meteorolo\u0123iskie baloni. \u0160is atk\u0101rtotais incidents rada nopietnas ba\u017eas par avi\u0101cijas dro\u0161\u012bbu un ir saist\u012bts ar cigare\u0161u kontrabandu no Baltkrievijas.<\/p>\n<p>Kontrabandas metodes un dro\u0161\u012bbas riski<\/p>\n<p>Izmekl\u0113t\u0101jiem ir aizdomas, ka \u0161ie pa\u0161i baloni, kas tiek palaisti no Baltkrievijas, tiek izmantoti cigare\u0161u kontrabandas nol\u016bkos. \u0160\u0101da metode rada milz\u012bgus riskus gan gaisa ku\u0123iem, gan cilv\u0113ku dz\u012bv\u012bb\u0101m, k\u0101 ar\u012b rada iev\u0113rojamus finansi\u0101lus zaud\u0113jumus aviokomp\u0101nij\u0101m un lidostai. Tas nav pirmais \u0161\u0101ds gad\u012bjums; iepriek\u0161, 2023. gada apr\u012bl\u012b, l\u012bdz\u012bgi incidenti Vi\u013c\u0146as lidost\u0101 izrais\u012bja \u012bslaic\u012bgu satiksmes p\u0101rtrauk\u0161anu. Lietuvas varas iest\u0101des akt\u012bvi sadarbojas ar kaimi\u0146valst\u012bm, lai nov\u0113rstu turpm\u0101kus incidentus, ta\u010du situ\u0101cija joproj\u0101m ir saspringta \u0123eopolitisk\u0101s spriedzes d\u0113\u013c re\u0123ion\u0101.<\/p>\n<p>Starptautisk\u0101 dimensija un politisk\u0101 reakcija<\/p>\n<p>\u0160ie notikumi uzsver nepiecie\u0161am\u012bbu p\u0113c cie\u0161\u0101kas starptautisk\u0101s sadarb\u012bbas dro\u0161\u012bbas jom\u0101, \u012bpa\u0161i attiec\u012bb\u0101 uz Baltkrieviju. Lietuvas prezidents Gitans Naus\u0113da \u0161o situ\u0101ciju raksturojis k\u0101 hibr\u012bdu karu pret Lietuvu, kura m\u0113r\u0137is ir destabiliz\u0113t valsts iek\u0161\u0113jo situ\u0101ciju. Rea\u0123\u0113jot uz \u0161iem atk\u0101rtotajiem incidentiem, Lietuvas premjerministre Inga Ru\u0123iniene ir sasaukusi Nacion\u0101l\u0101s dro\u0161\u012bbas komisijas s\u0113di, lai spriestu par iesp\u0113jamiem ilgtermi\u0146a pas\u0101kumiem kr\u012bzes risin\u0101\u0161anai. Vald\u012bba apsver ar\u012b iesp\u0113ju ieviest stingr\u0101kus sodus par kontrabandu, tostarp cietumsodus, k\u0101 ar\u012b sl\u0113gt robe\u017e\u0161\u0137\u0113rso\u0161anas punktus ar Baltkrieviju.<\/p>\n<p>Ietekme uz pasa\u017eieriem un ekonomiku<\/p>\n<p>Katrs \u0161\u0101ds satiksmes p\u0101rtraukums rada ne\u0113rt\u012bbas pasa\u017eieriem, izraisa lidojumu kav\u0113\u0161anos un atcel\u0161anu, k\u0101 ar\u012b rada papildu izmaksas aviokomp\u0101nij\u0101m. Ilgtermi\u0146\u0101 \u0161\u0101di incidenti var negat\u012bvi ietekm\u0113t Vi\u013c\u0146as lidostas reput\u0101ciju un t\u0101s sp\u0113ju piesaist\u012bt jaunus p\u0101rvad\u0101t\u0101jus un mar\u0161rutus. Lidoostas operatori un aviokomp\u0101nijas nep\u0101rtraukti str\u0101d\u0101 pie risin\u0101jumiem, lai nodro\u0161in\u0101tu dro\u0161\u012bbu un samazin\u0101tu \u0161\u0101du incidentu ietekmi. Lietuvas Nacion\u0101l\u0101 kr\u012b\u017eu vad\u012bbas centra vad\u012bt\u0101js Vilmants Vitkausks pie\u013c\u0101vis, ka meteorolo\u0123iskie baloni Lietuvas teritorij\u0101 nolidoju\u0161i no Druskininkiem l\u012bdz Vi\u013c\u0146as rajonam, un tos palaidu\u0161i koordin\u0113t\u0101 oper\u0101cij\u0101 no vair\u0101k\u0101m viet\u0101m Baltkrievij\u0101.<\/p>\n","protected":false},"excerpt":{"rendered":"Vi\u013c\u0146as lidostas darb\u012bba trauc\u0113ta meteorolo\u0123isko balonu d\u0113\u013c Vi\u013c\u0146as lidost\u0101 atkal uz laiku tika p\u0101rtraukta lidma\u0161\u012bnu pacel\u0161an\u0101s un nolai\u0161an\u0101s&hellip;\n","protected":false},"author":2,"featured_media":40089,"comment_status":"","ping_status":"","sticky":false,"template":"","format":"standard","meta":{"footnotes":""},"categories":[14],"tags":[23,57,2416,28,29,334,32,33,11096,22,995,30,31,35,39,38,36,37,34,40,20,26,27,24,25,11615,54,55,56,21,58],"class_list":{"0":"post-40088","1":"post","2":"type-post","3":"status-publish","4":"format-standard","5":"has-post-thumbnail","7":"category-zinas-no-arvalstim","8":"tag-aktualitates","9":"tag-arvalstim","10":"tag-baltkrievija","11":"tag-breaking-news","12":"tag-breakingnews","13":"tag-drosiba","14":"tag-featured-news","15":"tag-featurednews","16":"tag-gaisa-baloni","17":"tag-headlines","18":"tag-kontrabanda","19":"tag-latest-news","20":"tag-latestnews","21":"tag-latvia","22":"tag-latvian","23":"tag-latviesu","24":"tag-latviesu-valoda","25":"tag-latviesuvaloda","26":"tag-latvija","27":"tag-lv","28":"tag-news","29":"tag-popularakas-zinas","30":"tag-popularakaszinas","31":"tag-top-stories","32":"tag-topstories","33":"tag-vilnas-lidosta","34":"tag-world","35":"tag-world-news","36":"tag-worldnews","37":"tag-zinas","38":"tag-zinas-no-arvalstim"},"share_on_mastodon":{"url":"https:\/\/pubeurope.com\/@lv\/115492820245484391","error":""},"_links":{"self":[{"href":"https:\/\/www.europesays.com\/lv\/wp-json\/wp\/v2\/posts\/40088","targetHints":{"allow":["GET"]}}],"collection":[{"href":"https:\/\/www.europesays.com\/lv\/wp-json\/wp\/v2\/posts"}],"about":[{"href":"https:\/\/www.europesays.com\/lv\/wp-json\/wp\/v2\/types\/post"}],"author":[{"embeddable":true,"href":"https:\/\/www.europesays.com\/lv\/wp-json\/wp\/v2\/users\/2"}],"replies":[{"embeddable":true,"href":"https:\/\/www.europesays.com\/lv\/wp-json\/wp\/v2\/comments?post=40088"}],"version-history":[{"count":0,"href":"https:\/\/www.europesays.com\/lv\/wp-json\/wp\/v2\/posts\/40088\/revisions"}],"wp:featuredmedia":[{"embeddable":true,"href":"https:\/\/www.europesays.com\/lv\/wp-json\/wp\/v2\/media\/40089"}],"wp:attachment":[{"href":"https:\/\/www.europesays.com\/lv\/wp-json\/wp\/v2\/media?parent=40088"}],"wp:term":[{"taxonomy":"category","embeddable":true,"href":"https:\/\/www.europesays.com\/lv\/wp-json\/wp\/v2\/categories?post=40088"},{"taxonomy":"post_tag","embeddable":true,"href":"https:\/\/www.europesays.com\/lv\/wp-json\/wp\/v2\/tags?post=40088"}],"curies":[{"name":"wp","href":"https:\/\/api.w.org\/{rel}","templated":true}]}}