{"id":40094,"date":"2025-11-04T18:27:18","date_gmt":"2025-11-04T18:27:18","guid":{"rendered":"https:\/\/www.europesays.com\/lv\/40094\/"},"modified":"2025-11-04T18:27:18","modified_gmt":"2025-11-04T18:27:18","slug":"babiss-cehija-paraksta-koalicijas-ligumu-ar-galeji-labejiem-spekiem","status":"publish","type":"post","link":"https:\/\/www.europesays.com\/lv\/40094\/","title":{"rendered":"Babi\u0161s \u010cehij\u0101 paraksta koal\u012bcijas l\u012bgumu ar gal\u0113ji lab\u0113jiem sp\u0113kiem &#8211;"},"content":{"rendered":"<p style=\"text-align: justify;\">\u010cehijas parlamenta v\u0113l\u0113\u0161an\u0101s uzvar\u0113ju\u0161ais populists Andrejs Babi\u0161s (Andrej Babi\u0161) parakst\u012bjis koal\u012bcijas l\u012bgumu ar margin\u0101l\u0101m lab\u0113j\u0101 sp\u0101rna partij\u0101m, t\u0101 non\u0101kot tuv\u0101k varas atg\u016b\u0161anai, raksta zi\u0146u a\u0123ent\u016bra <a href=\"https:\/\/www.reuters.com\/world\/czech-election-winner-babis-signs-coalition-deal-with-partners-2025-11-03\/\" target=\"_blank\" rel=\"noopener nofollow\">\u201cReuters.\u201d<\/a><\/p>\n<p style=\"text-align: justify;\">Babi\u0161s v\u0113l\u0113\u0161an\u0101s uzvar\u0113ja, solot iest\u0101ties pret Eiropas Savien\u012bbas migr\u0101cijas un klimata politikas pras\u012bb\u0101m, un vi\u0146a atgrie\u0161an\u0101s pie varas kop\u0101 ar margin\u0101l\u0101m partij\u0101m stiprin\u0101s populistisko un pret imigr\u0101ciju v\u0113rsto nometni ES. Tas var ar\u012b v\u0101jin\u0101t atbalstu Ukrainai. 71 gadu vecais Babi\u0161s bija premjerministrs no 2017. l\u012bdz 2021.gadam. Tagad vi\u0146\u0161 apvienojis sp\u0113kus ar t\u0101 d\u0113v\u0113to Motociklistu partiju, kas ir klimata p\u0101rmai\u0146u skepti\u0137i, un SPD, kura iebilst pret NATO un ES. Babi\u0161s pazi\u0146ojis, ka l\u012bdz decembra vidum pl\u0101no izveidot vald\u012bbu.<\/p>\n<p style=\"text-align: justify;\">Ja vi\u0146a partijas vad\u012btais ministru kabinets tiks apstiprin\u0101ts, tas aizvietos l\u012bdz\u0161in\u0113jo centriski lab\u0113jo vald\u012bbu, kas koncentr\u0113j\u0101s uz bud\u017eeta defic\u012bta mazin\u0101\u0161anu un Ukrainas atbalstu. Babi\u0161s sol\u012bjis izbeigt finansi\u0101lo pal\u012bdz\u012bbu Ukrainai, un sac\u012bjis, ka izbeigs \u010dehi vad\u012bto mun\u012bcijas pieg\u0101des programmu. Tiesa, vi\u0146\u0161 k\u013cuvis pielaid\u012bg\u0101ks p\u0113c tam, kad \u010cehijas prezidents Petrs Pavels (Petr Pavel) aicin\u0101jis programmu turpin\u0101t.<\/p>\n<blockquote>\n<p style=\"text-align: center;\">Koal\u012bcijas politikas uzmetum\u0101 nav nor\u0101d\u012bts konkr\u0113ts t\u0113ri\u0146u m\u0113r\u0137is.<\/p>\n<\/blockquote>\n<p style=\"text-align: justify;\">Aizejo\u0161\u0101 vald\u012bba bija noteikusi virz\u012bbu uz jauno NATO m\u0113r\u0137i aizsardz\u012bbai atv\u0113l\u0113t 3,5% no IKP, v\u0113l 1,5% no IKP veltot infrastrukt\u016bras uzlabo\u0161anai.<\/p>\n<p style=\"text-align: justify;\">Babi\u0161s ie\u0146\u0113mis visai kareiv\u012bgu nost\u0101ju pret ES, solot noraid\u012bt bloka pl\u0101noto oglek\u013ca dioks\u012bda emisiju mazin\u0101\u0161anas pl\u0101nu, un tas var\u0113tu rad\u012bt juridisku sa\u0137er\u0161anos ar ES. Koal\u012bcijas politikas uzmetum\u0101 nor\u0101d\u012bts, ka ES pl\u0101ns nav ilgtsp\u0113j\u012bgs, un m\u0113r\u0137is l\u012bdz 2035.gadam izbeigt iek\u0161dedzes dzin\u0113ja automa\u0161\u012bnu tirdzniec\u012bbu \u2013 nepie\u0146emams. T\u0101pat politi\u0137is 3.novembr\u012b uzsv\u0113ris, ka ap\u0161aub\u012bs ar\u012b dal\u012bbu k\u0101 blok\u0101, t\u0101 NATO.<\/p>\n<p style=\"text-align: justify;\">Populistisk\u0101 politi\u0137a iepriek\u0161\u0113j\u0101 termi\u0146a laik\u0101 Eiropas Komisija l\u0113ma, ka saskat\u0101ms intere\u0161u konflikts, jo Babi\u0161am pieder lieli lauksaimniec\u012bbas un \u0137\u012bmijas uz\u0146\u0113mumi. Babi\u0161am ir labas attiec\u012bbas ar Ung\u0101rijas premjerministru Viktoru Orb\u0101nu (Viktor Orban), un vi\u0146\u0161 ir liels t\u0101 saukt\u0101s Vi\u0161egradas grupas (Polija, \u010cehija, Slov\u0101kija un Ung\u0101rija) piekrit\u0113js. Tom\u0113r grupa ir sa\u0161\u0137elta jaut\u0101jum\u0101 par Krievijas agresiju Ukrain\u0101 \u2013 Polija atbalsta Kijivu, kam\u0113r Ung\u0101rija un Slov\u0101kija tiecas saglab\u0101t labas attiec\u012bbas ar Krievijas diktatoru Vladimiru Putinu.<\/p>\n<p style=\"text-align: justify;\">Aizejo\u0161ajai vald\u012bbai pilnvaru laik\u0101 izdev\u0101s samazin\u0101t bud\u017eeta defic\u012btu l\u012bdz 2%. \u0160obr\u012bd tr\u012bs partijas, kas nosl\u0113gu\u0161as koal\u012bcijas l\u012bgumu, ap\u0146\u0113mu\u0161as notur\u0113t bud\u017eeta defic\u012btu zem 3% no IKP. Koal\u012bcija ap\u0146\u0113musies nep\u0101riet uz eiro, un sol\u012bjusi iek\u013caut viet\u0113jo val\u016btu konstit\u016bcij\u0101, lai gan \u010cehija bija ap\u0146\u0113musies ieviest eiro.<\/p>\n<p style=\"text-align: justify;\"><a href=\"https:\/\/bnn.lv\/cehijas-prezidents-izvelas-babisu-par-valdibas-veidotaju-65271\" target=\"_blank\" rel=\"noopener nofollow\">Lasiet ar\u012b: \u010cehijas prezidents izv\u0113las Babi\u0161u par vald\u012bbas veidot\u0101ju<\/a><\/p>\n<p>Seko mums ar\u012b\u00a0<a href=\"https:\/\/www.facebook.com\/bnnlv\" rel=\"nofollow noopener\" target=\"_blank\">Facebook<\/a>,\u00a0<a href=\"https:\/\/www.draugiem.lv\/bnn.lv\/\" rel=\"nofollow noopener\" target=\"_blank\">Draugiem<\/a>\u00a0un\u00a0<a href=\"https:\/\/twitter.com\/home\" rel=\"nofollow noopener\" target=\"_blank\">X<\/a>!<\/p>\n<p><script async src=\"https:\/\/platform.twitter.com\/widgets.js\" charset=\"utf-8\"><\/script><\/p>\n","protected":false},"excerpt":{"rendered":"\u010cehijas parlamenta v\u0113l\u0113\u0161an\u0101s uzvar\u0113ju\u0161ais populists Andrejs Babi\u0161s (Andrej Babi\u0161) parakst\u012bjis koal\u012bcijas l\u012bgumu ar margin\u0101l\u0101m lab\u0113j\u0101 sp\u0101rna partij\u0101m, t\u0101&hellip;\n","protected":false},"author":2,"featured_media":40095,"comment_status":"","ping_status":"","sticky":false,"template":"","format":"standard","meta":{"footnotes":""},"categories":[14],"tags":[23,57,28,29,32,33,22,30,31,35,39,38,36,37,34,40,20,26,27,24,25,54,55,56,21,58],"class_list":{"0":"post-40094","1":"post","2":"type-post","3":"status-publish","4":"format-standard","5":"has-post-thumbnail","7":"category-zinas-no-arvalstim","8":"tag-aktualitates","9":"tag-arvalstim","10":"tag-breaking-news","11":"tag-breakingnews","12":"tag-featured-news","13":"tag-featurednews","14":"tag-headlines","15":"tag-latest-news","16":"tag-latestnews","17":"tag-latvia","18":"tag-latvian","19":"tag-latviesu","20":"tag-latviesu-valoda","21":"tag-latviesuvaloda","22":"tag-latvija","23":"tag-lv","24":"tag-news","25":"tag-popularakas-zinas","26":"tag-popularakaszinas","27":"tag-top-stories","28":"tag-topstories","29":"tag-world","30":"tag-world-news","31":"tag-worldnews","32":"tag-zinas","33":"tag-zinas-no-arvalstim"},"share_on_mastodon":{"url":"https:\/\/pubeurope.com\/@lv\/115492844061554688","error":""},"_links":{"self":[{"href":"https:\/\/www.europesays.com\/lv\/wp-json\/wp\/v2\/posts\/40094","targetHints":{"allow":["GET"]}}],"collection":[{"href":"https:\/\/www.europesays.com\/lv\/wp-json\/wp\/v2\/posts"}],"about":[{"href":"https:\/\/www.europesays.com\/lv\/wp-json\/wp\/v2\/types\/post"}],"author":[{"embeddable":true,"href":"https:\/\/www.europesays.com\/lv\/wp-json\/wp\/v2\/users\/2"}],"replies":[{"embeddable":true,"href":"https:\/\/www.europesays.com\/lv\/wp-json\/wp\/v2\/comments?post=40094"}],"version-history":[{"count":0,"href":"https:\/\/www.europesays.com\/lv\/wp-json\/wp\/v2\/posts\/40094\/revisions"}],"wp:featuredmedia":[{"embeddable":true,"href":"https:\/\/www.europesays.com\/lv\/wp-json\/wp\/v2\/media\/40095"}],"wp:attachment":[{"href":"https:\/\/www.europesays.com\/lv\/wp-json\/wp\/v2\/media?parent=40094"}],"wp:term":[{"taxonomy":"category","embeddable":true,"href":"https:\/\/www.europesays.com\/lv\/wp-json\/wp\/v2\/categories?post=40094"},{"taxonomy":"post_tag","embeddable":true,"href":"https:\/\/www.europesays.com\/lv\/wp-json\/wp\/v2\/tags?post=40094"}],"curies":[{"name":"wp","href":"https:\/\/api.w.org\/{rel}","templated":true}]}}