{"id":40096,"date":"2025-11-04T18:28:06","date_gmt":"2025-11-04T18:28:06","guid":{"rendered":"https:\/\/www.europesays.com\/lv\/40096\/"},"modified":"2025-11-04T18:28:06","modified_gmt":"2025-11-04T18:28:06","slug":"eksportejosie-uznemumi-aicina-saeimu-labot-pielauto-kludu-stambulas-konvencijas-denonsesanu-raksts","status":"publish","type":"post","link":"https:\/\/www.europesays.com\/lv\/40096\/","title":{"rendered":"Eksport\u0113jo\u0161ie uz\u0146\u0113mumi aicina Saeimu labot pie\u013cauto k\u013c\u016bdu \u2013 Stambulas konvencijas denons\u0113\u0161anu \/ Raksts"},"content":{"rendered":"<p>Vair\u0101ki desmiti Latvijas eksport\u0113jo\u0161u uz\u0146\u0113mumu atkl\u0101t\u0101 v\u0113stul\u0113 Saeimas deput\u0101tiem nor\u0101da, ka vi\u0146u ieskat\u0101 Saeimas balsojums par izst\u0101\u0161anos no Eiropas Padomes Konvencijas par vardarb\u012bbas pret sieviet\u0113m un vardarb\u012bbas \u0123imen\u0113 nov\u0113r\u0161anu un apkaro\u0161anu ir k\u013c\u016bda. Uz\u0146\u0113m\u0113ji uzsver, ka \u0161\u012b k\u013c\u016bda ir rad\u012bjusi reput\u0101cijas kait\u0113jumu gan vi\u0146u z\u012bmoliem, gan valstij kopum\u0101, t\u0101p\u0113c aicina to labot.\u00a0<\/p>\n<p>Uz\u0146\u0113m\u0113ju atkl\u0101t\u0101 v\u0113stule ar aicin\u0101jumu labot deput\u0101tu pie\u013cauto k\u013c\u016bdu s\u0101ka tapt dr\u012bz p\u0113c tam, kad k\u013cuva zin\u0101ms, ka Saeimas vair\u0101kums ir v\u0113l\u0113jies denons\u0113t Eiropas Padomes Konvenciju par vardarb\u012bbas pret sieviet\u0113m un vardarb\u012bbas \u0123imen\u0113 nov\u0113r\u0161anu un apkaro\u0161anu jeb Stambulas konvenciju. Akciju sabiedr\u012bbas &#8220;Balticovo&#8221; valdes loceklis Toms Au\u0161k\u0101ps past\u0101st\u012bja, ka konvenciju las\u012bja kop\u0101 ar sievu, un secin\u0101ju\u0161i, ka nedr\u012bkst pazaud\u0113t lielo bildi, par ko konvencija iest\u0101jas.\u00a0<\/p>\n<p>&#8220;Pirmk\u0101rt, tas ir par to, lai izsl\u0113gtu absol\u016bti jebk\u0101das vardarb\u012bbas saknes vai paliekas m\u016bsu valst\u012b,&#8221; akcent\u0113ja Au\u0161k\u0101ps.\u00a0<\/p>\n<p>Ta\u010du ir v\u0113l citi iemesli, k\u0101p\u0113c daudzu eksport\u0113jo\u0161o uz\u0146\u0113mumu ieskat\u0101 \u0161\u012b ir k\u013c\u016bda, kas\u00a0j\u0101labo. Proti, &#8220;Balticovo&#8221; v\u0113l nesen pa\u0161i v\u0113rt\u0113ju\u0161i, cik \u0113tiski ir iepirkumi no\u00a0Slov\u0101kijas un Ung\u0101rijas, un pa\u0161laik ir ba\u017eas non\u0101kt \u0161\u0101d\u0101 pa\u0161\u0101 lom\u0101.<\/p>\n<p>&#8220;Man ir kauns, k\u0101 m\u0113s izskat\u0101mies k\u0101 valsts. M\u0113s eksport\u0113jam, m\u0113s esam viens no liel\u0101kajiem eksporta uz\u0146\u0113mumiem Latvij\u0101, un man \u013coti r\u016bp, un uz\u0146\u0113mumam r\u016bp, k\u0101 m\u0113s izskat\u0101mies \u0101rvalstu ac\u012bs. Manupr\u0101t, tas ir apkaunojo\u0161i,\u00a0ka m\u0113s t\u0101d\u0101 veid\u0101 atraujamies no sapr\u0101ta,&#8221; pauda Au\u0161k\u0101ps.<\/p>\n<p>&#8220;Latvijas finiera&#8221; valdes priek\u0161s\u0113d\u0113t\u0101js Uldis Bi\u0137is past\u0101st\u012bja, ka v\u0113stules rakst\u012b\u0161an\u0101 iesaist\u012bj\u0101s ned\u0113\u013cas nogal\u0113. Vi\u0146am\u00a0k\u0101 liela uz\u0146\u0113muma vad\u012bt\u0101jam ir svar\u012bgas v\u0113rt\u012bbas, taj\u0101 ieskat\u0101 dro\u0161\u012bba, kas s\u0101kas ar individu\u0101lo dro\u0161\u012bbu. Ta\u010du v\u0113l bez \u0161\u012bm v\u0113rt\u012bb\u0101m ir ar\u012b t\u0101s, k\u0101das gribam n\u0101kotn\u0113.\u00a0<\/p>\n<blockquote>\n<p>&#8220;Ir kar\u0161. Kiberkar\u0161 ir Eirop\u0101\u00a0vis\u0101 teritorij\u0101, ar\u012b pie mums, Latvij\u0101. Mums\u00a0tom\u0113r ir \u013coti svar\u012bga orient\u0101cija, virziens, un paties\u012bb\u0101 ir j\u0101m\u0101k pier\u0101d\u012bt katru dienu, ka no t\u0101 nenovirz\u012bsimies.\u00a0<\/p>\n<\/blockquote>\n<p>Ja m\u0113s s\u0101kam novirz\u012bties no Rietumu pasaules vai no l\u0113muma pie\u0146em\u0161anas sist\u0113misk\u0101s k\u0101rt\u012bbas, kas ir ar\u012b starptautiskos l\u012bgumos un noteikumos,\u00a0tad ir j\u0101m\u0101k atbild\u0113t par to,&#8221; teica Bi\u0137is.\u00a0<\/p>\n<p>\u0160aubu nav, ka, esot starptautisk\u0101 aprit\u0113, tirdzniec\u012bb\u0101 b\u016bs k\u0101d\u0101 br\u012bd\u012b j\u0101skaidro Latvijas k\u0101 valsts poz\u012bcija, nor\u0101d\u012bja\u00a0Bi\u0137is. To akcent\u0113ja ar\u012b &#8220;Brain Games&#8221; l\u012bdz\u012bpa\u0161nieks Egils Grasmanis.\u00a0<\/p>\n<p>&#8220;M\u0113s esam eksport\u0113jo\u0161s\u00a0uz\u0146\u0113mums, m\u0113s darbojamies Rietumu tirgos, un skaidrs, ka m\u016bsu partneri ik pa laikam apvaic\u0101jas, k\u0101 mums iet, cik stabili. \u0160\u012b izst\u0101\u0161an\u0101s no starptautisk\u0101s konvencijas ir t\u0101ds negat\u012bvs sign\u0101ls, un \u013coti negrib\u0113tos, lai tas ieietu nepareiz\u0101 virzien\u0101. Skaidrs, ka tas\u00a0ietekm\u0113ja\u00a0Latvijas t\u0113lu k\u0101 t\u0101du, ar\u012b diem\u017e\u0113l mazina uztic\u012bbu Latvijas eksport\u0113jo\u0161iem uz\u0146\u0113mumiem,&#8221; uzsv\u0113ra Grasmanis.\u00a0<\/p>\n<p>Vienlaikus vi\u0146\u0161 pauda\u00a0prieku par sabiedr\u012bbu, kas rea\u0123\u0113 uz notikumiem, un cer\u012bbu, ka Saeima \u0161aj\u0101 viedokl\u012b ieklaus\u012bsies.\u00a0<\/p>\n<p>Uz\u0146\u0113m\u0113ji v\u0113stul\u0113 nor\u0101d\u012bju\u0161i, ka vair\u0101kus gadu desmitus p\u0101rliecina savus \u0101rvalstu dar\u012bjumu partnerus, ka neesam bijus\u012b padomju republika no Austrumeiropas, bet gan jauna un dinamiska iesp\u0113ju zeme Zieme\u013ceirop\u0101. &#8220;\u0160\u012b k\u013c\u016bda var pras\u012bt mums visiem p\u0101r\u0101k augstu cenu, un tai var sekot n\u0101kam\u0101s,&#8221; teikts v\u0113stul\u0113.\u00a0<\/p>\n<p>Ar uz\u0146\u0113m\u0113ju v\u0113stuli ir iepazinies ar\u012b ekonomikas ministrs Viktors Valainis (Za\u013co un Zemnieku savien\u012bba (ZZS)). Uz jaut\u0101jumu, vai \u0161\u0101da v\u0113stule var\u0113tu main\u012bt ZZS poz\u012bciju,\u00a0<\/p>\n<blockquote>\n<p>Valainis atbild\u0113ja, ka ZZS \u0161o jaut\u0101jumu neesot ienesis sabiedr\u012bbas dienask\u0101rt\u012bb\u0101 un \u0161\u012b nekad nav bijusi partijas priorit\u0101te. Savuk\u0101rt tagad esot nepiecie\u0161ama diskusija.\u00a0<\/p>\n<\/blockquote>\n<p>&#8220;V\u0113stu\u013cu ir \u013coti daudz no \u013coti daudziem uz\u0146\u0113m\u0113jiem, m\u0113s ar\u012b tiekamies re\u0123ionos ar uz\u0146\u0113m\u0113jiem, kuri izsaka viedokli par \u0161iem jaut\u0101jumiem. Un viedok\u013ci tie\u0161\u0101m ir \u013coti da\u017e\u0101di. J\u016bs ar\u012b pa\u0161i redzat, ar\u012b sabiedrisko mediju veikt\u0101s aptaujas par\u0101da to, ka ir absol\u016bti pol\u0101ra attieksme \u0161aj\u0101 jaut\u0101jum\u0101. Vieni par, vieni pret. Bet, iedzi\u013cinoties s\u012bk\u0101k, esence tom\u0113r ir \u013coti \u0161aurs jaut\u0101jums, kuram ar\u012b visas puses piekr\u012bt, ka tom\u0113r tur b\u016btu j\u0101b\u016bt risin\u0101jumam,&#8221; teica Valainis.<\/p>\n<p>KONTEKSTS:<\/p>\n<p>Pirmdienas vakar\u0101, kad par aicin\u0101jumu neparakst\u012bt izst\u0101\u0161anos no konvencijas bija parakst\u012bju\u0161ies aptuveni 61\u00a0000 cilv\u0113ku, Valsts prezidents Edgars Rink\u0113vi\u010ds pazi\u0146oja, ka<a data-id=\"620943\" data-type=\"article\" href=\"https:\/\/www.lsm.lv\/raksts\/zinas\/latvija\/03.11.2025-valsts-prezidents-liek-saeimai-parskatit-lemumu-par-izstasanos-no-stambulas-konvencijas.a620943\/\" class=\"lsm-link\" rel=\"nofollow noopener\" target=\"_blank\">\u00a0izmantos savas ties\u012bbas pras\u012bt\u00a0<\/a>Stambulas konvencijas denons\u0113\u0161anas likuma otrreiz\u0113ju caurl\u016bko\u0161anu. Vienlaikus prezidents uzskata, ka \u0161is l\u0113mums b\u016btu j\u0101p\u0101rskata n\u0101kamajam Saeimas sasaukumam.<\/p>\n<p>Platform\u0101 &#8220;ManaBalss.lv&#8221; aicin\u0101jumu Valsts prezidentam neparakst\u012bt likumu, kas paredz Latvijas izst\u0101\u0161anos no Stambulas konvencijas, parakst\u012bju\u0161i vair\u0101k nek\u0101 64 750 cilv\u0113ku, un t\u0101 ir\u00a0<a data-id=\"620964\" data-type=\"article\" href=\"https:\/\/www.lsm.lv\/raksts\/zinas\/latvija\/03.11.2025-lugums-prezidentam-neparakstit-stambulas-konvencijas-denonsesanu-atbalstitaka-iniciativa-manabalsslv-vesture.a620964\/\" class=\"lsm-link\" rel=\"nofollow noopener\" target=\"_blank\">k\u013cuvusi par popul\u0101r\u0101ko<\/a>\u00a0iniciat\u012bvu platformas &#8220;ManaBalss.lv&#8221; v\u0113stur\u0113. Tik daudz parakstu sav\u0101kti \u010detru dienu laik\u0101, un to skaits turpina augt.<\/p>\n","protected":false},"excerpt":{"rendered":"Vair\u0101ki desmiti Latvijas eksport\u0113jo\u0161u uz\u0146\u0113mumu atkl\u0101t\u0101 v\u0113stul\u0113 Saeimas deput\u0101tiem nor\u0101da, ka vi\u0146u ieskat\u0101 Saeimas balsojums par izst\u0101\u0161anos no&hellip;\n","protected":false},"author":2,"featured_media":40097,"comment_status":"","ping_status":"","sticky":false,"template":"","format":"standard","meta":{"footnotes":""},"categories":[12],"tags":[23,28,29,32,33,22,30,31,35,39,38,36,37,34,40,20,26,27,24,25,21],"class_list":{"0":"post-40096","1":"post","2":"type-post","3":"status-publish","4":"format-standard","5":"has-post-thumbnail","7":"category-latvija","8":"tag-aktualitates","9":"tag-breaking-news","10":"tag-breakingnews","11":"tag-featured-news","12":"tag-featurednews","13":"tag-headlines","14":"tag-latest-news","15":"tag-latestnews","16":"tag-latvia","17":"tag-latvian","18":"tag-latviesu","19":"tag-latviesu-valoda","20":"tag-latviesuvaloda","21":"tag-latvija","22":"tag-lv","23":"tag-news","24":"tag-popularakas-zinas","25":"tag-popularakaszinas","26":"tag-top-stories","27":"tag-topstories","28":"tag-zinas"},"share_on_mastodon":{"url":"https:\/\/pubeurope.com\/@lv\/115492847796782347","error":""},"_links":{"self":[{"href":"https:\/\/www.europesays.com\/lv\/wp-json\/wp\/v2\/posts\/40096","targetHints":{"allow":["GET"]}}],"collection":[{"href":"https:\/\/www.europesays.com\/lv\/wp-json\/wp\/v2\/posts"}],"about":[{"href":"https:\/\/www.europesays.com\/lv\/wp-json\/wp\/v2\/types\/post"}],"author":[{"embeddable":true,"href":"https:\/\/www.europesays.com\/lv\/wp-json\/wp\/v2\/users\/2"}],"replies":[{"embeddable":true,"href":"https:\/\/www.europesays.com\/lv\/wp-json\/wp\/v2\/comments?post=40096"}],"version-history":[{"count":0,"href":"https:\/\/www.europesays.com\/lv\/wp-json\/wp\/v2\/posts\/40096\/revisions"}],"wp:featuredmedia":[{"embeddable":true,"href":"https:\/\/www.europesays.com\/lv\/wp-json\/wp\/v2\/media\/40097"}],"wp:attachment":[{"href":"https:\/\/www.europesays.com\/lv\/wp-json\/wp\/v2\/media?parent=40096"}],"wp:term":[{"taxonomy":"category","embeddable":true,"href":"https:\/\/www.europesays.com\/lv\/wp-json\/wp\/v2\/categories?post=40096"},{"taxonomy":"post_tag","embeddable":true,"href":"https:\/\/www.europesays.com\/lv\/wp-json\/wp\/v2\/tags?post=40096"}],"curies":[{"name":"wp","href":"https:\/\/api.w.org\/{rel}","templated":true}]}}