{"id":40104,"date":"2025-11-04T18:35:11","date_gmt":"2025-11-04T18:35:11","guid":{"rendered":"https:\/\/www.europesays.com\/lv\/40104\/"},"modified":"2025-11-04T18:35:11","modified_gmt":"2025-11-04T18:35:11","slug":"seplp-locekla-kandidaturas-jautajums-nav-koalicijas-stabilitati-ietekmejoss-uzskata-silina","status":"publish","type":"post","link":"https:\/\/www.europesays.com\/lv\/40104\/","title":{"rendered":"SEPLP locek\u013ca kandidat\u016bras jaut\u0101jums nav koal\u012bcijas stabilit\u0101ti ietekm\u0113jo\u0161s, uzskata Sili\u0146a"},"content":{"rendered":"<p>S\u0113d\u0113 piedal\u012bj\u0101s ar\u012b JV deput\u0101te Anna Ranc\u0101ne, tom\u0113r vi\u0146a bija piesl\u0113gusies att\u0101lin\u0101ti, t\u0101p\u0113c nevar\u0113ja balsot. Vienlaikus gala l\u0113mums par Sik\u0161\u0146a kandidat\u016bru b\u016bs j\u0101pie\u0146em Saeimas s\u0113d\u0113 13. novembr\u012b.<\/p>\n<p>Pag\u0101ju\u0161\u0101s ned\u0113\u013cas s\u0113d\u0113 Saeimas Cilv\u0113kties\u012bbu un sabiedrisko lietu komisijas deput\u0101ti nesprieda par Sik\u0161\u0146a kandidat\u016bru, bet s\u0101ka diskut\u0113t par padomes locek\u013cu skaita samazin\u0101\u0161anu. To ierosin\u0101ja NA p\u0101st\u0101vji.<\/p>\n<p>Patlaban likum\u0101 noteikts, ka SEPLP ir tr\u012bs locek\u013ci, bet faktiski t\u0101 darbojas divu locek\u013cu sast\u0101v\u0101, jo viens v\u0113l nav iev\u0113l\u0113ts.<\/p>\n<p>Siksnis tika atz\u012bts par lab\u0101ko kandid\u0101tu Memoranda padomes atk\u0101rtoti r\u012bkotaj\u0101 konkurs\u0101 uz \u0161o vakanci. \u0160oreiz, at\u0161\u0137ir\u012bb\u0101 no iepriek\u0161\u0113j\u0101 konkursa, Memoranda padomes locek\u013ciem bija j\u0101balso atkl\u0101ti, un balsojum\u0101 nebija iesp\u0113jams attur\u0113ties. A\u0123ent\u016brai LETA zin\u0101ms, ka Siksnis bija sa\u0146\u0113mis augst\u0101ko punktu skaitu ar\u012b iepriek\u0161\u0113j\u0101 konkurs\u0101, tom\u0113r Memoranda padome balsojum\u0101 atbalst\u012bja Ivara Beltes, nevis Sik\u0161\u0146a kandidat\u016bru.<\/p>\n<p>Siksnis bija SEPLP priek\u0161s\u0113d\u0113t\u0101js l\u012bdz 2025. gada 3. augustam.<\/p>\n<p>Saeimas deput\u0101ti 19. j\u016bnij\u0101 SEPLP locek\u013cu amatos iec\u0113la Unu Klapkalni un Sanitu Upleju-Jegermani. L\u012bdz\u0161in\u0113jo SEPLP locekli Upleju-Jegermani darbam padom\u0113 izvirz\u012bja Valsts prezidents, bet biju\u0161o Latvijas Radio valdes priek\u0161s\u0113d\u0113t\u0101ju Klapkalni &#8211; Saeimas deput\u0101ti. L\u012bdz ar \u0161\u012bm p\u0101rmai\u0146\u0101m amatus SEPLP zaud\u0113ja Siksnis, kuru pirms vair\u0101kiem gadiem darbam padom\u0113 bija virz\u012bjusi Memoranda padome, un J\u0101nis Egl\u012btis, kur\u0161 savulaik bija Saeimas virz\u012bts SEPLP loceklis.<\/p>\n<p>SEPLP sast\u0101v\u0101 ir tr\u012bs locek\u013ci, kurus apstiprina Saeima. Vienu locekli apstiprin\u0101\u0161anai izvirza Valsts prezidents, vienu &#8211; NVO un MK sadarb\u012bbas memoranda \u012bsteno\u0161anas padome, bet v\u0113l vienu &#8211; Saeima. SEPLP locekli var apstiprin\u0101t amat\u0101 ne vair\u0101k k\u0101 divas reizes p\u0113c k\u0101rtas.<\/p>\n<p>T\u0101pat zi\u0146ots, ka Nacion\u0101l\u0101s apvien\u012bbas un &#8220;Apvienot\u0101 saraksta&#8221; deput\u0101ti iesniegu\u0161i groz\u012bjumus Sabiedrisko elektronisko pla\u0161sazi\u0146as l\u012bdzek\u013cu un to p\u0101rvald\u012bbas likum\u0101, kuros pied\u0101v\u0101ts samazin\u0101t SEPLP locek\u013cu skaitu.<\/p>\n<p>Likumprojekta anot\u0101cij\u0101 skaidrots, ka ar groz\u012bjumiem pied\u0101v\u0101ts samazin\u0101t padomes locek\u013cu skaitu no trim uz diviem, izsl\u0113dzot l\u012bdz\u0161in\u0113jo k\u0101rt\u012bbu, kur viens loceklis tiek virz\u012bts no Ministru kabineta sadarb\u012bbas memoranda \u012bsteno\u0161anas padomes. \u0160ie groz\u012bjumi paredz vienk\u0101r\u0161ot p\u0101rvald\u012bbas strukt\u016bru, samazin\u0101t birokr\u0101tiju, stiprin\u0101t Saeimas politisko atbild\u012bbu un samazin\u0101t valsts bud\u017eeta izdevumus aptuveni par 100 000 eiro gad\u0101.<\/p>\n<p>SEPLP ir neatkar\u012bga, pilnties\u012bga, autonoma instit\u016bcija, kas atbilsto\u0161i savai kompetencei p\u0101rst\u0101v sabiedr\u012bbas intereses sabiedrisko mediju jom\u0101.<\/p>\n","protected":false},"excerpt":{"rendered":"S\u0113d\u0113 piedal\u012bj\u0101s ar\u012b JV deput\u0101te Anna Ranc\u0101ne, tom\u0113r vi\u0146a bija piesl\u0113gusies att\u0101lin\u0101ti, t\u0101p\u0113c nevar\u0113ja balsot. Vienlaikus gala l\u0113mums&hellip;\n","protected":false},"author":2,"featured_media":40105,"comment_status":"","ping_status":"","sticky":false,"template":"","format":"standard","meta":{"footnotes":""},"categories":[5],"tags":[23,28,29,1249,32,33,22,30,31,35,39,38,36,37,34,40,20,26,27,6891,24,25,21],"class_list":{"0":"post-40104","1":"post","2":"type-post","3":"status-publish","4":"format-standard","5":"has-post-thumbnail","7":"category-aktualitates","8":"tag-aktualitates","9":"tag-breaking-news","10":"tag-breakingnews","11":"tag-evika-silina","12":"tag-featured-news","13":"tag-featurednews","14":"tag-headlines","15":"tag-latest-news","16":"tag-latestnews","17":"tag-latvia","18":"tag-latvian","19":"tag-latviesu","20":"tag-latviesu-valoda","21":"tag-latviesuvaloda","22":"tag-latvija","23":"tag-lv","24":"tag-news","25":"tag-popularakas-zinas","26":"tag-popularakaszinas","27":"tag-seplp","28":"tag-top-stories","29":"tag-topstories","30":"tag-zinas"},"share_on_mastodon":{"url":"https:\/\/pubeurope.com\/@lv\/115492875320138417","error":""},"_links":{"self":[{"href":"https:\/\/www.europesays.com\/lv\/wp-json\/wp\/v2\/posts\/40104","targetHints":{"allow":["GET"]}}],"collection":[{"href":"https:\/\/www.europesays.com\/lv\/wp-json\/wp\/v2\/posts"}],"about":[{"href":"https:\/\/www.europesays.com\/lv\/wp-json\/wp\/v2\/types\/post"}],"author":[{"embeddable":true,"href":"https:\/\/www.europesays.com\/lv\/wp-json\/wp\/v2\/users\/2"}],"replies":[{"embeddable":true,"href":"https:\/\/www.europesays.com\/lv\/wp-json\/wp\/v2\/comments?post=40104"}],"version-history":[{"count":0,"href":"https:\/\/www.europesays.com\/lv\/wp-json\/wp\/v2\/posts\/40104\/revisions"}],"wp:featuredmedia":[{"embeddable":true,"href":"https:\/\/www.europesays.com\/lv\/wp-json\/wp\/v2\/media\/40105"}],"wp:attachment":[{"href":"https:\/\/www.europesays.com\/lv\/wp-json\/wp\/v2\/media?parent=40104"}],"wp:term":[{"taxonomy":"category","embeddable":true,"href":"https:\/\/www.europesays.com\/lv\/wp-json\/wp\/v2\/categories?post=40104"},{"taxonomy":"post_tag","embeddable":true,"href":"https:\/\/www.europesays.com\/lv\/wp-json\/wp\/v2\/tags?post=40104"}],"curies":[{"name":"wp","href":"https:\/\/api.w.org\/{rel}","templated":true}]}}