{"id":40131,"date":"2025-11-04T19:28:13","date_gmt":"2025-11-04T19:28:13","guid":{"rendered":"https:\/\/www.europesays.com\/lv\/40131\/"},"modified":"2025-11-04T19:28:13","modified_gmt":"2025-11-04T19:28:13","slug":"polija-veidos-pati-savu-pretdronu-sistemu","status":"publish","type":"post","link":"https:\/\/www.europesays.com\/lv\/40131\/","title":{"rendered":"Polija veidos pati savu pretdronu sist\u0113mu"},"content":{"rendered":"<p>Ministrija novembr\u012b pazi\u0146os par invest\u012bcij\u0101m tehnolo\u0123ij\u0101s, kas paredz\u0113tas, lai paman\u012btu un neitraliz\u0113tu ienaidnieka dronus.<\/p>\n<p>Ministra vietnieks nepreciz\u0113ja invest\u012bciju apjomu, bet nor\u0101d\u012bja, ka m\u0113r\u0137is ir pan\u0101kt, lai Polijas uz\u0146\u0113mumi sa\u0146emtu vismaz pusi no l\u012bgumiem.<\/p>\n<p>ES \u201cdronu m\u016bris\u201d n\u0101kotn\u0113 var\u0113tu papildin\u0101t Polijas sist\u0113mu, uzsver Tom\u010diks.<\/p>\n<p>Ministrija pl\u0101no izmantot ES jauno aizsardz\u012bbas aizdevumu programmu SAFE, lai finans\u0113tu valsts pretdronu vairogu.<\/p>\n<p>Vald\u012bba v\u0113las, lai pirm\u0101s jaun\u0101s nacion\u0101l\u0101s pretdronu sist\u0113mas kapacit\u0101tes s\u0101ktu darboties tr\u012bs m\u0113ne\u0161u laik\u0101 p\u0113c pazi\u0146ojuma, bet visa sist\u0113ma piln\u012bb\u0101 darbotos divu gadu laik\u0101.<\/p>\n<p>Polija akt\u012bv\u0101k s\u0101kusi rea\u0123\u0113t uz krievu dronu un ra\u0137e\u0161u tuvo\u0161anos t\u0101s robe\u017e\u0101m kop\u0161 10. septembra, kad t\u0101s teritorij\u0101 ielidoja vismaz 19 krievu lidroboti. Vair\u0101ki no tiem tika notriekti.<\/p>\n<p>Kop\u0161 t\u0101 laika ar\u012b NATO aktiviz\u0113jusi centienus austrumu flanga dal\u012bbvalstu gaisa telpas aizsardz\u012bbai.<\/p>\n<p class=\"tv3-fw-500\">Zi\u0146o par k\u013c\u016bdu rakst\u0101<\/p>\n<p class=\"d-md-block d-none\">Iez\u012bm\u0113 k\u013c\u016bdaino tekstu un spied Ctrl+Enter.<\/p>\n<p class=\"d-md-none d-block\">Iez\u012bm\u0113 k\u013c\u016bdaino tekstu un zi\u0146o par to!<\/p>\n","protected":false},"excerpt":{"rendered":"Ministrija novembr\u012b pazi\u0146os par invest\u012bcij\u0101m tehnolo\u0123ij\u0101s, kas paredz\u0113tas, lai paman\u012btu un neitraliz\u0113tu ienaidnieka dronus. Ministra vietnieks nepreciz\u0113ja invest\u012bciju&hellip;\n","protected":false},"author":2,"featured_media":40132,"comment_status":"","ping_status":"","sticky":false,"template":"","format":"standard","meta":{"footnotes":""},"categories":[14],"tags":[23,57,28,29,11621,32,33,22,30,31,35,39,38,36,37,34,40,20,26,27,24,25,54,55,56,21,58],"class_list":{"0":"post-40131","1":"post","2":"type-post","3":"status-publish","4":"format-standard","5":"has-post-thumbnail","7":"category-zinas-no-arvalstim","8":"tag-aktualitates","9":"tag-arvalstim","10":"tag-breaking-news","11":"tag-breakingnews","12":"tag-dronipolijapretgaisa-aizsardziba","13":"tag-featured-news","14":"tag-featurednews","15":"tag-headlines","16":"tag-latest-news","17":"tag-latestnews","18":"tag-latvia","19":"tag-latvian","20":"tag-latviesu","21":"tag-latviesu-valoda","22":"tag-latviesuvaloda","23":"tag-latvija","24":"tag-lv","25":"tag-news","26":"tag-popularakas-zinas","27":"tag-popularakaszinas","28":"tag-top-stories","29":"tag-topstories","30":"tag-world","31":"tag-world-news","32":"tag-worldnews","33":"tag-zinas","34":"tag-zinas-no-arvalstim"},"share_on_mastodon":{"url":"https:\/\/pubeurope.com\/@lv\/115493083778818852","error":""},"_links":{"self":[{"href":"https:\/\/www.europesays.com\/lv\/wp-json\/wp\/v2\/posts\/40131","targetHints":{"allow":["GET"]}}],"collection":[{"href":"https:\/\/www.europesays.com\/lv\/wp-json\/wp\/v2\/posts"}],"about":[{"href":"https:\/\/www.europesays.com\/lv\/wp-json\/wp\/v2\/types\/post"}],"author":[{"embeddable":true,"href":"https:\/\/www.europesays.com\/lv\/wp-json\/wp\/v2\/users\/2"}],"replies":[{"embeddable":true,"href":"https:\/\/www.europesays.com\/lv\/wp-json\/wp\/v2\/comments?post=40131"}],"version-history":[{"count":0,"href":"https:\/\/www.europesays.com\/lv\/wp-json\/wp\/v2\/posts\/40131\/revisions"}],"wp:featuredmedia":[{"embeddable":true,"href":"https:\/\/www.europesays.com\/lv\/wp-json\/wp\/v2\/media\/40132"}],"wp:attachment":[{"href":"https:\/\/www.europesays.com\/lv\/wp-json\/wp\/v2\/media?parent=40131"}],"wp:term":[{"taxonomy":"category","embeddable":true,"href":"https:\/\/www.europesays.com\/lv\/wp-json\/wp\/v2\/categories?post=40131"},{"taxonomy":"post_tag","embeddable":true,"href":"https:\/\/www.europesays.com\/lv\/wp-json\/wp\/v2\/tags?post=40131"}],"curies":[{"name":"wp","href":"https:\/\/api.w.org\/{rel}","templated":true}]}}