{"id":40142,"date":"2025-11-04T19:55:07","date_gmt":"2025-11-04T19:55:07","guid":{"rendered":"https:\/\/www.europesays.com\/lv\/40142\/"},"modified":"2025-11-04T19:55:07","modified_gmt":"2025-11-04T19:55:07","slug":"cilveciba-kustiba-un-empatija-digitalaja-laikmeta-lente-lv","status":"publish","type":"post","link":"https:\/\/www.europesays.com\/lv\/40142\/","title":{"rendered":"cilv\u0113c\u012bba, kust\u012bba un emp\u0101tija digit\u0101laj\u0101 laikmet\u0101\u00a0\u2014\u00a0Lente.lv"},"content":{"rendered":"<p>Cilv\u0113c\u012bba un tehnolo\u0123ijas: R\u012bgas cirks aicina uz p\u0101rdom\u0101m caur kust\u012bbu un emp\u0101tiju<\/p>\n<p>M\u016bsdienu straujaj\u0101 digit\u0101laj\u0101 pasaul\u0113, kur rob\u0113\u017eas starp cilv\u0113ku un tehnolo\u0123iju k\u013c\u016bst arvien neskaidr\u0101kas, R\u012bgas cirks aicina savus skat\u012bt\u0101jus apst\u0101ties un atgriezties pie fundament\u0101l\u0101m cilv\u0113cisk\u0101m v\u0113rt\u012bb\u0101m \u2013 cilv\u0113c\u012bbas, dabisk\u0101 intelekta, kust\u012bbas un dzi\u013cas emp\u0101tijas. Kam\u0113r m\u0101ksl\u012bgais intelekts (MI) demonstr\u0113 sp\u0113ju rad\u012bt ar nep\u0101rsp\u0113jamu \u0101trumu un precizit\u0101ti, sp\u0113jot str\u0101d\u0101t bez noguruma, cilv\u0113ks saglab\u0101 unik\u0101lu sp\u0113ju just, sajust pieder\u012bbu un patiesi uzklaus\u012bt. \u0160\u012b dzi\u013c\u0101 atzi\u0146a, ko k\u0101dreiz paudis ar\u012b rakstnieks Aizeks Azimovs, nor\u0101dot, ka \u201cAr zin\u0101\u0161an\u0101m nepietiek. Mums vajadz\u012bga gudr\u012bba, un emp\u0101tija ir b\u016btiska t\u0101s sast\u0101vda\u013ca,\u201d k\u013cuvusi par centr\u0101lo mot\u012bvu R\u012bgas cirka iespaid\u012bgaj\u0101 rudens programm\u0101. Divi jauni un aizraujo\u0161i iestud\u0113jumi \u2013 Art\u016bra N Jika\u013ca izr\u0101de \u201cMADE BY PERSON\u201d un katal\u0101\u0146u trupas PSIRC izr\u0101de \u201cAFTER ALL\u201d \u2013 caur kust\u012bbu un \u0137erme\u0146a valodu p\u0113ta sare\u017e\u0123\u012bto un arvien aktu\u0101l\u0101ko cilv\u0113ka un m\u0101ksl\u012bg\u0101 intelekta attiec\u012bbu dinamiku.<\/p>\n<p>Izr\u0101de \u201cMADE BY PERSON\u201d: Cilv\u0113ciskais instinkts pretim tehnolo\u0123iskajai precizit\u0101tei<\/p>\n<p>Jau 14. novembr\u012b plkst. 19.00 R\u012bgas cirka ar\u0113n\u0101 skat\u012bt\u0101jiem b\u016bs iesp\u0113ja piedz\u012bvot Art\u016bra N Jika\u013ca horeogr\u0101fisko darbu \u201cMADE BY PERSON\u201d. \u0160\u012b izr\u0101de tapusi Eiropas Cirka nakts ietvaros \u2013 noz\u012bm\u012bg\u0101 starptautisk\u0101 iniciat\u012bv\u0101, kas vieno laikmet\u012bg\u0101 cirka notikumus vis\u0101 Eirop\u0101, vairojot m\u0101kslas formas atpaz\u012bstam\u012bbu un stiprinot m\u0101kslinieku kopienu. \u201cMADE BY PERSON\u201d pied\u0101v\u0101 unik\u0101lu skatu uz l\u012bdzsvara mekl\u0113jumiem starp cilv\u0113ka rado\u0161o sp\u0113ku un tehnolo\u0123isk\u0101s precizit\u0101tes neaizst\u0101jam\u012bbu. Izr\u0101de uzdod b\u016btisku jaut\u0101jumu, kas m\u016bsdien\u0101s k\u013c\u016bst arvien aktu\u0101l\u0101ks: \u201cVai \u0161o rad\u012bjis cilv\u0113ks, un cik \u0101tri to paveiktu m\u0101ksl\u012bgais intelekts?\u201d<\/p>\n<p>Horeogr\u0101fa Art\u016bra N Jika\u013ca vad\u012bb\u0101 tr\u012bs talant\u012bgas dejot\u0101jas \u2013 Po\u013cina Filippova, Anastasija \u010cornaja un M\u0101rite Supe \u2013 dodas dzi\u013c\u0101 pa\u0161izzi\u0146as ce\u013cojum\u0101, p\u0101rbaudot savus instinktus un mekl\u0113jot harmoniju mijiedarb\u012bb\u0101 ar prec\u012bzi sinhroniz\u0113t\u0101m iek\u0101rt\u0101m un svara bumb\u0101m, kas simboliz\u0113 gan smagumu, gan l\u012bdzsvaru un nepiel\u016bdzamo gravit\u0101ciju. Izr\u0101des tap\u0161anas proces\u0101 tika veidota cie\u0161a sadarb\u012bba ar Horeogr\u0101fu asoci\u0101ciju. Scenogr\u0101fiju un kost\u012bmus rad\u012bjusi m\u0101ksliniece Marianna Lapi\u0146a, muzik\u0101lo noform\u0113jumu veidojis komponists Kaspars Niklasons, savuk\u0101rt producentes lom\u0101 iejutusies Anna Ulberte. \u0160o noz\u012bm\u012bgo m\u0101kslas darbu atbalsta Valsts kult\u016brkapit\u0101la fonds.<\/p>\n<p>\u201cAFTER ALL\u201d: Cilv\u0113ks un tehnolo\u0123ijas \u2013 neparasta l\u012bdz\u0101spast\u0101v\u0113\u0161ana<\/p>\n<p>Decembra m\u0113nes\u012b R\u012bgas cirka ar\u0113na uz\u0146ems Barselon\u0101 m\u012bto\u0161o cirka apvien\u012bbu PSIRC ar provokat\u012bvu un intri\u0123\u0113jo\u0161u izr\u0101di \u201cAFTER ALL\u201d. \u0160is darbs, kas veidots kinovalodas est\u0113tik\u0101, sniedz aspr\u0101t\u012bgu un dzi\u013cdom\u012bgu ieskatu cilv\u0113ka un tehnolo\u0123ijas sare\u017e\u0123\u012btaj\u0101 l\u012bdz\u0101spast\u0101v\u0113\u0161an\u0101 m\u016bsdienu pasaul\u0113. St\u0101sts vijas ap neparastu cirka \u0123imeni, kas apmetusies dz\u012bvot noma\u013c\u0101 niedr\u0101ju un purvu ekosist\u0113m\u0101. Tom\u0113r vi\u0146u ikdienu un likte\u0146us negaid\u012bti s\u0101k noteikt un virz\u012bt m\u0101ksl\u012bgais intelekts \u201cAlexa\u201d, kas k\u013c\u016bst par neapstr\u012bdamu varu, dikt\u0113jot cilv\u0113ku uzved\u012bbu un l\u0113mumus.<\/p>\n<p>Izr\u0101de \u201cAFTER ALL\u201d filozofiski p\u0113ta, k\u0101 cilv\u0113ks rea\u0123\u0113 uz situ\u0101ciju, kad senie dabas ritmi tiek aizst\u0101ti ar aukstu algoritmu lo\u0123iku. T\u0101 liek aizdom\u0101ties, vai \u0161\u0101dos apst\u0101k\u013cos cilv\u0113kam ir iesp\u0113jams saglab\u0101t savu iek\u0161\u0113jo emp\u0101tiju un cilv\u0113ciskumu. T\u0101pat k\u0101 N Jika\u013ca izr\u0101de, ar\u012b \u201cAFTER ALL\u201d izmanto kust\u012bbu un \u0137ermeni k\u0101 galvenos izpausmes l\u012bdzek\u013cus, lai atkl\u0101tu cilv\u0113ka un MI attiec\u012bbu sare\u017e\u0123\u012bt\u012bbu un neprognoz\u0113jam\u012bbu. Abas izr\u0101des kop\u0101 veido sp\u0113c\u012bgu programmat\u016bras diptihu, kas aicina skat\u012bt\u0101jus kritiski izv\u0113rt\u0113t savu attiec\u012bbu ar arvien progres\u0113jo\u0161aj\u0101m tehnolo\u0123ij\u0101m un neaizmirst par cilv\u0113cisk\u0101 gara sp\u0113ku un v\u0113rt\u012bbu.<\/p>\n<p>Gudr\u012bba un emp\u0101tija: neatsveramas v\u0113rt\u012bbas MI laikmet\u0101<\/p>\n<p>\u0160\u012b rudens programma R\u012bgas cirk\u0101 ir ne tikai m\u0101kslas baud\u012bjums, bet ar\u012b aicin\u0101jums uz dzi\u013c\u0101m p\u0101rdom\u0101m par cilv\u0113ces n\u0101kotni. M\u0101ksl\u012bg\u0101 intelekta att\u012bst\u012bba sniedz mums neiedom\u0101jamas iesp\u0113jas, ta\u010du vienlaikus izvirza ar\u012b nopietnus izaicin\u0101jumus. K\u0101 saglab\u0101t savu individualit\u0101ti un cilv\u0113ciskumu laik\u0101, kad ma\u0161\u012bnas sp\u0113j imit\u0113t arvien vair\u0101k cilv\u0113ka \u012bpa\u0161\u012bbu? K\u0101 at\u0161\u0137irt zin\u0101\u0161anas no patiesas gudr\u012bbas, kas ietver sev\u012b ar\u012b sp\u0113ju just un izprast otru? R\u012bgas cirks, aicinot uz \u0161iem jaut\u0101jumiem, akcent\u0113 emp\u0101tijas un dabisk\u0101 intelekta noz\u012bmi. T\u0101 ir sp\u0113ja, kas ne\u013cauj mums k\u013c\u016bt par vienaldz\u012bgiem algoritmu vergiem, bet gan pal\u012bdz saglab\u0101t sp\u0113ju uz rado\u0161umu, dzi\u013c\u0101m attiec\u012bb\u0101m un patiesu savienojumu ar apk\u0101rt\u0113jo pasauli.<\/p>\n<p>Aizeka Azimova reiz teiktie v\u0101rdi par gudr\u012bbas un emp\u0101tijas nepiecie\u0161am\u012bbu sniedz v\u0113rt\u012bgu atskaites punktu m\u016bsdienu diskusij\u0101m par MI. T\u0101 k\u0101 MI sp\u0113j p\u0101rsp\u0113t cilv\u0113ku daudzos intelektu\u0101los uzdevumos, arvien svar\u012bg\u0101k k\u013c\u016bst izprast to, kas padara m\u016bs patiesi cilv\u0113ciskus. Izr\u0101des \u201cMADE BY PERSON\u201d un \u201cAFTER ALL\u201d caur kust\u012bbu, \u0137erme\u0146a valodu un metaforisku st\u0101st\u012bjumu mudina skat\u012bt\u0101jus ne tikai v\u0113rot, bet ar\u012b sajust, iejusties un p\u0101rdom\u0101t savas attiec\u012bbas ar tehnolo\u0123ij\u0101m. T\u0101s ir k\u0101 aicin\u0101jums atgriezties pie sav\u0101m sakn\u0113m, pie savas fizisk\u0101s un emocion\u0101l\u0101s b\u016bt\u012bbas, lai sp\u0113tu notur\u0113t l\u012bdzsvaru strauji main\u012bgaj\u0101 pasaul\u0113.<\/p>\n<p>R\u012bgas cirka rudens programma ir drosm\u012bgs un savlaic\u012bgs m\u0101kslas notikums, kas aicina sabiedr\u012bbu nevis baid\u012bties no tehnolo\u0123iju progresa, bet gan veidot to gudri un atbild\u012bgi, saglab\u0101jot cilv\u0113ciskumu k\u0101 galveno vadmot\u012bvu. T\u0101 ir iesp\u0113ja ne tikai baud\u012bt laikmet\u012bg\u0101 cirka un dejas br\u012bni\u0161\u0137\u012bgo valodu, bet ar\u012b ieg\u016bt jaunas perspekt\u012bvas uz cilv\u0113ces n\u0101kotni un savu vietu taj\u0101.<\/p>\n","protected":false},"excerpt":{"rendered":"Cilv\u0113c\u012bba un tehnolo\u0123ijas: R\u012bgas cirks aicina uz p\u0101rdom\u0101m caur kust\u012bbu un emp\u0101tiju M\u016bsdienu straujaj\u0101 digit\u0101laj\u0101 pasaul\u0113, kur rob\u0113\u017eas&hellip;\n","protected":false},"author":2,"featured_media":40143,"comment_status":"","ping_status":"","sticky":false,"template":"","format":"standard","meta":{"footnotes":""},"categories":[19],"tags":[3632,10988,89,90,9030,35,39,38,36,37,34,40,87,2741],"class_list":{"0":"post-40142","1":"post","2":"type-post","3":"status-publish","4":"format-standard","5":"has-post-thumbnail","7":"category-izklaide","8":"tag-cilveciba","9":"tag-empatija","10":"tag-entertainment","11":"tag-izklaide","12":"tag-kustiba","13":"tag-latvia","14":"tag-latvian","15":"tag-latviesu","16":"tag-latviesu-valoda","17":"tag-latviesuvaloda","18":"tag-latvija","19":"tag-lv","20":"tag-maksligais-intelekts","21":"tag-rigas-cirks"},"share_on_mastodon":{"url":"https:\/\/pubeurope.com\/@lv\/115493189881353223","error":""},"_links":{"self":[{"href":"https:\/\/www.europesays.com\/lv\/wp-json\/wp\/v2\/posts\/40142","targetHints":{"allow":["GET"]}}],"collection":[{"href":"https:\/\/www.europesays.com\/lv\/wp-json\/wp\/v2\/posts"}],"about":[{"href":"https:\/\/www.europesays.com\/lv\/wp-json\/wp\/v2\/types\/post"}],"author":[{"embeddable":true,"href":"https:\/\/www.europesays.com\/lv\/wp-json\/wp\/v2\/users\/2"}],"replies":[{"embeddable":true,"href":"https:\/\/www.europesays.com\/lv\/wp-json\/wp\/v2\/comments?post=40142"}],"version-history":[{"count":0,"href":"https:\/\/www.europesays.com\/lv\/wp-json\/wp\/v2\/posts\/40142\/revisions"}],"wp:featuredmedia":[{"embeddable":true,"href":"https:\/\/www.europesays.com\/lv\/wp-json\/wp\/v2\/media\/40143"}],"wp:attachment":[{"href":"https:\/\/www.europesays.com\/lv\/wp-json\/wp\/v2\/media?parent=40142"}],"wp:term":[{"taxonomy":"category","embeddable":true,"href":"https:\/\/www.europesays.com\/lv\/wp-json\/wp\/v2\/categories?post=40142"},{"taxonomy":"post_tag","embeddable":true,"href":"https:\/\/www.europesays.com\/lv\/wp-json\/wp\/v2\/tags?post=40142"}],"curies":[{"name":"wp","href":"https:\/\/api.w.org\/{rel}","templated":true}]}}